{"id":23568,"date":"2023-05-05T18:37:30","date_gmt":"2023-05-05T16:37:30","guid":{"rendered":"https:\/\/groupecoiff.com\/?p=23568"},"modified":"2025-07-20T19:10:22","modified_gmt":"2025-07-20T17:10:22","slug":"fauteuil-barbier-pour-salon-de-coiffure","status":"publish","type":"post","link":"https:\/\/groupecoiff.com\/en\/fauteuil-barbier-pour-salon-de-coiffure\/","title":{"rendered":"Barber Chair for Hair Salon"},"content":{"rendered":"<div data-elementor-type=\"wp-post\" data-elementor-id=\"23568\" class=\"elementor elementor-23568\" data-elementor-post-type=\"post\">\n\t\t\t\t<div class=\"elementor-element elementor-element-40cd3af1 e-flex e-con-boxed e-con e-parent\" data-id=\"40cd3af1\" data-element_type=\"container\" data-e-type=\"container\">\n\t\t\t\t\t<div class=\"e-con-inner\">\n\t\t\t\t<div class=\"elementor-element elementor-element-6cc24fe9 elementor-widget elementor-widget-text-editor\" data-id=\"6cc24fe9\" data-element_type=\"widget\" data-e-type=\"widget\" data-widget_type=\"text-editor.default\">\n\t\t\t\t<div class=\"elementor-widget-container\">\n\t\t\t\t\t\t\t\t\t<h2>Fauteuil barbier\u00a0: installez un mobilier confortable pour les clients<\/h2>\n<p><!-- \/wp:heading --><\/p>\n<p><!-- wp:paragraph --><\/p>\n<p>The\u00a0<strong style=\"text-align: var(--text-align); color: var( --e-global-color-text ); background-color: var(--theme-palette-color-8); font-family: var(--theme-font-family); font-size: var(--theme-font-size); font-style: var(--theme-font-style, inherit); letter-spacing: var(--theme-letter-spacing); text-transform: var(--theme-text-transform);\">chairs<\/strong><span style=\"font-size: inherit; text-align: inherit; color: var( --e-global-color-text ); background-color: var(--theme-palette-color-8); font-family: var(--theme-font-family); font-style: var(--theme-font-style, inherit); font-weight: var(--theme-font-weight); letter-spacing: var(--theme-letter-spacing); text-transform: var(--theme-text-transform);\">\u00a0<\/span><strong style=\"font-size: inherit; text-align: inherit; color: var( --e-global-color-text ); background-color: var(--theme-palette-color-8); font-family: var(--theme-font-family); font-style: var(--theme-font-style, inherit); letter-spacing: var(--theme-letter-spacing); text-transform: var(--theme-text-transform);\">barber<\/strong> <strong style=\"font-size: inherit; text-align: inherit; color: var( --e-global-color-text ); background-color: var(--theme-palette-color-8); font-family: var(--theme-font-family); font-style: var(--theme-font-style, inherit); letter-spacing: var(--theme-letter-spacing); text-transform: var(--theme-text-transform);\">for hair salon<\/strong><span style=\"font-size: inherit; text-align: inherit; color: var( --e-global-color-text ); background-color: var(--theme-palette-color-8); font-family: var(--theme-font-family); font-style: var(--theme-font-style, inherit); font-weight: var(--theme-font-weight); letter-spacing: var(--theme-letter-spacing); text-transform: var(--theme-text-transform);\"> from Groupe Coiff are essential furniture or equipment for any professional hairstylist or barber.\u00a0<\/span><span style=\"font-size: inherit; text-align: inherit; color: var( --e-global-color-text ); font-family: var(--theme-font-family); font-style: var(--theme-font-style, inherit); font-weight: var(--theme-font-weight); letter-spacing: var(--theme-letter-spacing); text-transform: var(--theme-text-transform); background-color: var(--theme-palette-color-8);\">Un fauteuil de barbier, c\u2019est le nec plus ultra du confort pour vos clients, tout en permettant au coiffeur une libert\u00e9 de mouvement absolue. Mais choisir le mod\u00e8le id\u00e9al rel\u00e8ve souvent du casse-t\u00eate. Et bien l\u2019entretenir est la cl\u00e9 pour qu\u2019il vous accompagne longtemps. Ce guide vous aidera \u00e0 d\u00e9nicher le fauteuil parfait pour votre salon de coiffure, et \u00e0 en prendre le meilleur soin possible.<\/span><\/p>\n<p><!-- \/wp:paragraph --><\/p>\n<p><!-- wp:heading {\"level\":3} --><\/p>\n<h2>Fauteuil barbier\u00a0pour salon de coiffure : un mobilier incontournable<\/h2>\n<p><!-- \/wp:heading --><\/p>\n<p><!-- wp:image {\"id\":23809,\"sizeSlug\":\"full\",\"linkDestination\":\"none\"} --><\/p>\n<figure><img decoding=\"async\" src=\"https:\/\/groupecoiff.com\/wp-content\/uploads\/2023\/05\/Comment-entretenir-votre-fauteuil-de-barbier\u2009.png\" alt=\"Barber chair: the essential furniture for your hair salon\" \/><\/figure>\n<p><!-- \/wp:image --><\/p>\n<p><!-- wp:paragraph --><\/p>\n<p>The <strong>barber chairs<\/strong> <strong>for hair salon<\/strong> from Groupe Coiff are types of chairs specially designed for hairstylists and barbers.\u00a0<span style=\"font-size: inherit; text-align: inherit; color: var( --e-global-color-text ); background-color: var(--theme-palette-color-8); font-family: var(--theme-font-family); font-style: var(--theme-font-style, inherit); font-weight: var(--theme-font-weight); letter-spacing: var(--theme-letter-spacing); text-transform: var(--theme-text-transform);\">Dans votre salon de coiffure pour hommes ou votre barber shop tendance, offrez \u00e0 vos clients un confort optimal avec ces fauteuils douillets. Vos coiffeurs appr\u00e9cieront aussi l\u2019espace de travail optimis\u00e9. M\u00ealant \u00e0 la perfection charme vintage et look moderne, ces si\u00e8ges en cuir noir ou marron, rehauss\u00e9s de coutures contrast\u00e9es, apporteront une touche d\u2019\u00e9l\u00e9gance unique \u00e0 votre \u00e9crin de bien-\u00eatre capillaire. Un petit bijou pour choyer vos clients comme il se doit !<\/span><\/p>\n<p><!-- \/wp:paragraph --><\/p>\n<p><!-- wp:paragraph --><\/p>\n<p data-pm-slice=\"1 1 []\">Ces petits bijoux de si\u00e8ge sont enti\u00e8rement r\u00e9glables en hauteur pour s\u2019adapter \u00e0 toutes les tailles. Et leur dossier inclinable vous permettra d\u2019atteindre les moindres recoins lors des coupes et rasages. Certains mod\u00e8les vraiment cosy disposent m\u00eame de repose-t\u00eates amovibles pour un confort absolu. Les fauteuils derni\u00e8re g\u00e9n\u00e9ration regorgent de fonctionnalit\u00e9s ultra-pratiques : commandes \u00e9lectriques pour ajuster la hauteur en un clin d\u2019\u0153il, repose-pieds escamotables, accoudoirs r\u00e9glables et assises chauffante pour les frissonnants. Une vraie cure de jouvence pour vos clients !<\/p>\n<p><!-- \/wp:paragraph --><\/p>\n<p><!-- wp:heading {\"level\":3} --><\/p>\n<h2>Fauteuil de barbier\u00a0: comment choisir\u2009?<\/h2>\n<p><!-- \/wp:heading --><\/p>\n<p><!-- wp:image {\"id\":23741,\"sizeSlug\":\"full\",\"linkDestination\":\"none\"} --><\/p>\n<figure><img decoding=\"async\" src=\"https:\/\/groupecoiff.com\/wp-content\/uploads\/2023\/05\/Fauteuil-de-barbier-comment-choisir.png\" alt=\"\" \/><\/figure>\n<p><!-- \/wp:image --><\/p>\n<p><!-- wp:paragraph --><\/p>\n<p>When choosing a barber chair, it is necessary to consider several factors to ensure it will best suit your needs. Here are some elements to consider:<\/p>\n<p><!-- \/wp:paragraph --><\/p>\n<p><!-- wp:heading {\"level\":3} --><\/p>\n<h3>Comfort<\/h3>\n<p><!-- \/wp:heading --><\/p>\n<p><!-- wp:paragraph --><\/p>\n<p>Ensure the chair is comfortable for your clients. It should be well-padded and have a headrest and armrests for optimal support. You may also consider a chair with heated cushion for additional comfort.<\/p>\n<p><!-- \/wp:paragraph --><\/p>\n<p><!-- wp:heading {\"level\":3} --><\/p>\n<h3>Adjustable height<\/h3>\n<p><!-- \/wp:heading --><\/p>\n<p><!-- wp:paragraph --><\/p>\n<p>The chair height should be adjustable to suit different clients. You must be able to adjust the height so the client is at the proper level for cutting or shaving.<\/p>\n<p><!-- \/wp:paragraph --><\/p>\n<p><!-- wp:heading {\"level\":3} --><\/p>\n<h3>Backrest recline<\/h3>\n<p><!-- \/wp:heading --><\/p>\n<p><!-- wp:paragraph --><\/p>\n<p>Most barber chairs feature a reclining backrest to ensure better accessibility during hairstyling. Make sure it reclines easily and locks securely to keep the client safe.<\/p>\n<p><!-- \/wp:paragraph --><\/p>\n<p><!-- wp:heading {\"level\":3} --><\/p>\n<h3>The materials<\/h3>\n<p><!-- \/wp:heading --><\/p>\n<p><!-- wp:paragraph --><\/p>\n<p><strong>Barber chairs<\/strong> are often made of leather, faux leather, or vinyl for a vintage aesthetic. Ensure the materials are high quality and easy to clean. Additionally, fabric models are also available.<\/p>\n<p><!-- \/wp:paragraph --><\/p>\n<p><!-- wp:heading {\"level\":3} --><\/p>\n<h3>Additional features<\/h3>\n<p><!-- \/wp:heading --><\/p>\n<p><!-- wp:paragraph --><\/p>\n<p>The <strong>barber chairs<\/strong> modern models may be equipped with electric controls for adjusting height or backrest, retractable footrests, casters, etc. If these features are important to you, ensure the chair offers them.<\/p>\n<p><!-- \/wp:paragraph --><\/p>\n<p><!-- wp:heading {\"level\":3} --><\/p>\n<h3>Budget<\/h3>\n<p><!-- \/wp:heading --><\/p>\n<p><!-- wp:paragraph --><\/p>\n<p>Prices for <strong>barber chairs<\/strong> salon chairs can vary considerably depending on the features and materials offered by the manufacturer. However, establish a budget in advance and look for a chair that suits your needs and budget.<\/p>\n<p><!-- \/wp:paragraph --><\/p>\n<p><!-- wp:paragraph --><\/p>\n<p>When choosing a barber chair from Groupe Coiff, look for a comfortable model with adjustable height and backrest recline. Pay particular attention to the manufacturing materials for a quality and durable choice. Select additional features based on your needs as well as your budget.<\/p>\n<p><!-- \/wp:paragraph --><\/p>\n<p><!-- wp:heading {\"level\":3} --><\/p>\n<h2>How to find the best barber chair for hair salon?<\/h2>\n<p><!-- \/wp:heading --><\/p>\n<p><!-- wp:image {\"id\":23736,\"sizeSlug\":\"full\",\"linkDestination\":\"none\"} --><\/p>\n<figure><img decoding=\"async\" src=\"https:\/\/groupecoiff.com\/wp-content\/uploads\/2023\/05\/Comment-trouver-les-meilleurs-fauteuils-barbier\u2009.jpg\" alt=\"How to find the best furniture\" \/><\/figure>\n<p><!-- \/wp:image --><\/p>\n<p><!-- wp:paragraph --><\/p>\n<p>Our range of barber chairs meets the needs and requirements of professional hairstylists. Make a confident choice among our bestsellers:<\/p>\n<p><!-- \/wp:paragraph --><\/p>\n<p><!-- wp:heading {\"textAlign\":\"left\",\"level\":3,\"align\":\"wide\",\"style\":{\"typography\":{\"fontSize\":\"48px\",\"lineHeight\":\"1.1\"}}} --><\/p>\n<h3 style=\"font-size: 48px; line-height: 1.1;\"><a href=\"https:\/\/groupecoiff.com\/en\/product-2\/fauteuil-de-barbier-conor\/\"><strong><mark style=\"background-color: rgba(0, 0, 0, 0);\">Fauteuil barbier Connor<\/mark><\/strong><\/a><\/h3>\n<p><!-- \/wp:heading --><\/p>\n<p><!-- wp:heading {\"textAlign\":\"left\",\"level\":1,\"align\":\"wide\",\"style\":{\"typography\":{\"fontSize\":\"48px\",\"lineHeight\":\"1.1\"}}} --><\/p>\n<h1 style=\"font-size: 48px; line-height: 1.1;\"><img decoding=\"async\" style=\"width: 115px;\" src=\"https:\/\/groupecoiff.com\/wp-content\/uploads\/2023\/04\/fauteuil-Connor.png\" alt=\"Connor chair\" \/><\/h1>\n<p><!-- \/wp:heading --><\/p>\n<p><!-- wp:paragraph --><\/p>\n<p>This barber chair has a vintage design with a tufted backrest and wooden armrests. It is covered in easy-to-clean synthetic leather. Also height-adjustable to provide optimal comfort for your clients.<\/p>\n<p><!-- \/wp:paragraph --><\/p>\n<p><!-- wp:heading {\"level\":3,\"align\":\"wide\",\"style\":{\"typography\":{\"fontSize\":\"48px\",\"lineHeight\":\"1.1\"}}} --><\/p>\n<h3 style=\"font-size: 48px; line-height: 1.1;\"><a href=\"https:\/\/groupecoiff.com\/en\/product-2\/fauteuil-barbier-elliott\/\" rel=\"sponsored nofollow\"><strong><mark style=\"background-color: rgba(0, 0, 0, 0);\">Fauteuil barbier Elliott<\/mark><\/strong><\/a><\/h3>\n<p><!-- \/wp:heading --><\/p>\n<p><!-- wp:heading {\"level\":1,\"align\":\"wide\",\"style\":{\"typography\":{\"fontSize\":\"48px\",\"lineHeight\":\"1.1\"}}} --><\/p>\n<h1 style=\"font-size: 48px; line-height: 1.1;\"><img decoding=\"async\" style=\"width: 115px;\" src=\"https:\/\/groupecoiff.com\/wp-content\/uploads\/2023\/05\/Elliott.png\" alt=\"fauteuil barbier \u00c9lliott\" \/><\/h1>\n<p><!-- \/wp:heading --><\/p>\n<p><!-- wp:paragraph --><\/p>\n<p>This barber chair has an elegant and modern design with stainless steel armrests and an aluminum footrest. It is covered in easy-to-clean synthetic leather. Also adjustable in height and tilt to provide optimal comfort for your clients.<\/p>\n<p><!-- \/wp:paragraph --><\/p>\n<p><!-- wp:heading {\"level\":3,\"align\":\"wide\",\"style\":{\"typography\":{\"fontSize\":\"48px\",\"lineHeight\":\"1.1\"}}} --><\/p>\n<h3 style=\"font-size: 48px; line-height: 1.1;\"><a href=\"https:\/\/groupecoiff.com\/en\/product-2\/fauteuil-barbier-roy\/\" rel=\"sponsored nofollow\"><strong><mark style=\"background-color: rgba(0, 0, 0, 0);\">Fauteuil barbier Roy<\/mark><\/strong><\/a><\/h3>\n<p><!-- \/wp:heading --><\/p>\n<p><!-- wp:heading {\"level\":1,\"align\":\"wide\",\"style\":{\"typography\":{\"fontSize\":\"48px\",\"lineHeight\":\"1.1\"}}} --><\/p>\n<h1 style=\"font-size: 48px; line-height: 1.1;\"><img decoding=\"async\" style=\"width: 115px;\" src=\"https:\/\/groupecoiff.com\/wp-content\/uploads\/2023\/05\/Roy.jpg\" alt=\"fauteuil barbier Roy\" \/><\/h1>\n<p><!-- \/wp:heading --><\/p>\n<p><!-- wp:paragraph --><\/p>\n<p>This barber chair has a retro design with wooden armrests and a metal footrest. It is covered in easy-to-clean synthetic leather. Height adjustable to adapt to each client's needs.<\/p>\n<p><!-- \/wp:paragraph --><\/p>\n<p><!-- wp:heading {\"level\":3,\"align\":\"wide\",\"style\":{\"typography\":{\"fontSize\":\"48px\",\"lineHeight\":\"1.1\"}}} --><\/p>\n<h3 style=\"font-size: 48px; line-height: 1.1;\"><a href=\"https:\/\/groupecoiff.com\/en\/product-2\/fauteuil-barbier-rodrigo\/\" rel=\"sponsored nofollow\"><strong><mark style=\"background-color: rgba(0, 0, 0, 0);\">Fauteuil barbier Rodrigo<\/mark><\/strong><\/a><\/h3>\n<p><!-- \/wp:heading --><\/p>\n<p><!-- wp:heading {\"align\":\"wide\",\"style\":{\"typography\":{\"fontSize\":\"48px\",\"lineHeight\":\"1.1\"}}} --><\/p>\n<h2 style=\"font-size: 48px; line-height: 1.1;\"><img decoding=\"async\" style=\"width: 115px;\" src=\"https:\/\/groupecoiff.com\/wp-content\/uploads\/2023\/04\/Rodrigo.png\" alt=\"Fauteuil barbier Rodrigo\" \/><\/h2>\n<p><!-- \/wp:heading --><\/p>\n<p><!-- wp:paragraph --><\/p>\n<p>This barber chair has an elegant design with stainless steel armrests and footrest. It is covered in easy-to-clean synthetic leather. Adjustable in height and tilt to provide optimal comfort for your clients.<\/p>\n<p><!-- \/wp:paragraph --><\/p>\n<p><!-- wp:heading {\"level\":3,\"align\":\"wide\",\"style\":{\"typography\":{\"fontSize\":\"48px\",\"lineHeight\":\"1.1\"}}} --><\/p>\n<h3 style=\"font-size: 48px; line-height: 1.1;\"><a href=\"https:\/\/groupecoiff.com\/en\/product-2\/fauteuil-barbier-tobias\/\" rel=\"sponsored nofollow\"><strong><mark style=\"background-color: rgba(0, 0, 0, 0);\">Fauteuil barbier Tobias<\/mark><\/strong><\/a><\/h3>\n<p><!-- \/wp:heading --><\/p>\n<p><!-- wp:heading {\"level\":1,\"align\":\"wide\",\"style\":{\"typography\":{\"fontSize\":\"48px\",\"lineHeight\":\"1.1\"}}} --><\/p>\n<h1 style=\"font-size: 48px; line-height: 1.1;\"><img decoding=\"async\" style=\"width: 115px;\" src=\"https:\/\/groupecoiff.com\/wp-content\/uploads\/2023\/04\/fauteuil-de-barbier-Tobias.png\" alt=\"Tobias barber chair\" \/><\/h1>\n<p><!-- \/wp:heading --><\/p>\n<p><!-- wp:paragraph --><\/p>\n<p>This barber chair has a classic design with wooden armrests and a metal footrest. It is covered in easy-to-clean synthetic leather and is height adjustable to adapt to each client's needs.<\/p>\n<p><!-- \/wp:paragraph --><\/p>\n<p><!-- wp:heading {\"level\":3,\"align\":\"wide\",\"style\":{\"typography\":{\"fontSize\":\"48px\",\"lineHeight\":\"1.1\"}}} --><\/p>\n<h3 style=\"font-size: 48px; line-height: 1.1;\"><a href=\"https:\/\/groupecoiff.com\/en\/product-2\/fauteuil-barber-shop-boris\/\" rel=\"sponsored nofollow\"><strong><mark style=\"background-color: rgba(0, 0, 0, 0);\">Boris barber chair<\/mark><\/strong><\/a><\/h3>\n<p><!-- \/wp:heading --><\/p>\n<p><!-- wp:heading {\"level\":1,\"align\":\"wide\",\"style\":{\"typography\":{\"fontSize\":\"48px\",\"lineHeight\":\"1.1\"}}} --><\/p>\n<h1 style=\"font-size: 48px; line-height: 1.1;\"><img decoding=\"async\" style=\"width: 115px;\" src=\"https:\/\/groupecoiff.com\/wp-content\/uploads\/2023\/04\/Boris.png\" alt=\"Boris barber chair\" \/><\/h1>\n<p><!-- \/wp:heading --><\/p>\n<p><!-- wp:paragraph --><\/p>\n<p>This barber chair for hair salon has a modern design with stainless steel armrests and an aluminum footrest. It is covered in easy-to-clean synthetic leather and is adjustable in height and tilt. To provide optimal comfort for your clients.<\/p>\n<p><!-- \/wp:paragraph --><\/p>\n<p><!-- wp:paragraph --><\/p>\n<p>These barber chairs offer maximum comfort to clients during hair and shaving services. Made with durable materials. In addition to the specific features of each model, all Groupe Coiff barber chairs are designed with particular attention to detail and aesthetics. They add a touch of elegance to your hair salon. Other models are available.<\/p>\n<p><!-- \/wp:paragraph --><\/p>\n<p><!-- wp:heading {\"level\":3} --><\/p>\n<h2>How to maintain your barber chair for hair salon?<\/h2>\n<p><!-- \/wp:heading --><\/p>\n<p><!-- wp:image {\"id\":23807,\"sizeSlug\":\"full\",\"linkDestination\":\"none\"} --><\/p>\n<figure><img decoding=\"async\" src=\"https:\/\/groupecoiff.com\/wp-content\/uploads\/2023\/05\/Fauteuil-barbier-barbershop.jpg\" alt=\"How to maintain your barber chair?\" \/><\/figure>\n<p><!-- \/wp:image --><\/p>\n<p><!-- wp:paragraph --><\/p>\n<p>It is important to properly maintain your barber chair to extend its lifespan and maintain a clean and hygienic environment for your clients. Just follow a few tips to achieve this:<\/p>\n<p><!-- \/wp:paragraph --><\/p>\n<p><!-- wp:list --><\/p>\n<ul>\n<li style=\"list-style-type: none;\">\n<ul><!-- wp:list-item --><\/ul>\n<\/li>\n<\/ul>\n<ul>\n<li style=\"list-style-type: none;\">\n<ul>\n<li><strong>Regular cleaning<\/strong>\u00a0: Clean the chair with a damp cloth and mild cleaner after each use to remove hair residue, hair products and skin. Then wipe it thoroughly with a dry cloth to prevent water stains from forming.<\/li>\n<\/ul>\n<\/li>\n<\/ul>\n<p><!-- \/wp:list-item --><\/p>\n<p><!-- \/wp:list --><\/p>\n<p><!-- wp:list --><\/p>\n<ul>\n<li style=\"list-style-type: none;\">\n<ul><!-- wp:list-item --><\/ul>\n<\/li>\n<\/ul>\n<ul>\n<li style=\"list-style-type: none;\">\n<ul>\n<li><strong>Lubrication of moving parts<\/strong>\u00a0: Regularly lubricate the moving parts of the chair to prevent premature wear. And ensure smooth operation without annoying noise. Use an appropriate lubricant for each part.<\/li>\n<\/ul>\n<\/li>\n<\/ul>\n<p><!-- \/wp:list-item --><\/p>\n<p><!-- \/wp:list --><\/p>\n<p><!-- wp:list --><\/p>\n<ul>\n<li style=\"list-style-type: none;\">\n<ul><!-- wp:list-item --><\/ul>\n<\/li>\n<\/ul>\n<ul>\n<li style=\"list-style-type: none;\">\n<ul>\n<li><strong>Replacement of damaged parts<\/strong>\u00a0: If certain parts of the chair are damaged or worn, replace them immediately to avoid causing additional damage or endangering the safety and comfort of your clients.<\/li>\n<\/ul>\n<\/li>\n<\/ul>\n<p><!-- \/wp:list-item --><\/p>\n<p><!-- \/wp:list --><\/p>\n<p><!-- wp:list --><\/p>\n<ul>\n<li style=\"list-style-type: none;\">\n<ul><!-- wp:list-item --><\/ul>\n<\/li>\n<\/ul>\n<ul>\n<li style=\"list-style-type: none;\">\n<ul>\n<li><strong>Regular disinfection<\/strong>\u00a0: Periodically use a disinfectant to kill bacteria, germs and viruses that may accumulate on the chair. Thoroughly clean all frequent contact points, such as armrests, headrest and the reclining handle.<\/li>\n<\/ul>\n<\/li>\n<\/ul>\n<p><!-- \/wp:list-item --><\/p>\n<p><!-- \/wp:list --><\/p>\n<p><!-- wp:list --><\/p>\n<ul>\n<li style=\"list-style-type: none;\">\n<ul><!-- wp:list-item --><\/ul>\n<\/li>\n<\/ul>\n<ul>\n<li style=\"list-style-type: none;\">\n<ul>\n<li><strong>Protection against tears and scratches<\/strong>\u00a0: Use suitable covers when possible to protect the chair from tears and scratches. Choose removable covers that can be washed regularly to ensure hygiene.<\/li>\n<\/ul>\n<\/li>\n<\/ul>\n<p><!-- \/wp:list-item --><\/p>\n<p><!-- \/wp:list --><\/p>\n<p><!-- wp:list --><\/p>\n<ul>\n<li style=\"list-style-type: none;\">\n<ul><!-- wp:list-item --><\/ul>\n<\/li>\n<\/ul>\n<ul>\n<li style=\"list-style-type: none;\">\n<ul>\n<li><strong>Storage in an appropriate location<\/strong>\u00a0: If you are not using it, store your chair in a dry place away from dust to prevent corrosion or deterioration of materials.<\/li>\n<\/ul>\n<\/li>\n<\/ul>\n<p><!-- \/wp:list-item --><\/p>\n<p><!-- \/wp:list --><\/p>\n<p><!-- wp:paragraph --><\/p>\n<p>If you regularly maintain your barber chair for hair salon, it will last longer and remain hygienic for your clients.<\/p>\n<p><!-- \/wp:paragraph --><\/p>\t\t\t\t\t\t\t\t<\/div>\n\t\t\t\t<\/div>\n\t\t\t\t\t<\/div>\n\t\t\t\t<\/div>\n\t\t\t\t<\/div>","protected":false},"excerpt":{"rendered":"<p>Fauteuil barbier\u00a0: installez un mobilier confortable pour les clients Les\u00a0fauteuils\u00a0de barbier pour salon de coiffure de Groupe Coiff sont des mobiliers ou \u00e9quipements essentiels pour tout coiffeur ou barbier professionnel.\u00a0Un fauteuil de barbier, c&rsquo;est le nec plus ultra du confort pour vos clients, tout en permettant au coiffeur une libert\u00e9 de mouvement absolue. Mais choisir [&hellip;]<\/p>\n","protected":false},"author":2,"featured_media":28153,"comment_status":"open","ping_status":"open","sticky":false,"template":"","format":"standard","meta":{"googlesitekit_rrm_CAow0YCiDA:productID":"","jetpack_post_was_ever_published":false,"_jetpack_newsletter_access":"","_jetpack_dont_email_post_to_subs":false,"_jetpack_newsletter_tier_id":0,"_jetpack_memberships_contains_paywalled_content":false,"_jetpack_memberships_contains_paid_content":false,"footnotes":"","jetpack_publicize_message":"","jetpack_publicize_feature_enabled":true,"jetpack_social_post_already_shared":false,"jetpack_social_options":{"image_generator_settings":{"template":"highway","default_image_id":0,"font":"","enabled":false},"version":2}},"categories":[112],"tags":[],"class_list":["post-23568","post","type-post","status-publish","format-standard","has-post-thumbnail","hentry","category-autre"],"blocksy_meta":[],"yoast_head":"<!-- This site is optimized with the Yoast SEO Premium plugin v27.4 (Yoast SEO v27.4) - https:\/\/yoast.com\/product\/yoast-seo-premium-wordpress\/ -->\n<title>D\u00e9couvrez Nos Mobilier de Coiffure professionnel : Fauteuils de barbier, Miroirs LED et Plus - Groupe Coiff<\/title>\n<meta name=\"description\" content=\"D\u00e9couvrez dans cette rubrique, comment entretenir votre fauteuil de barbier pour salon de coiffure. Achat dispo chez le grossiste Groupe Coiff\" \/>\n<meta name=\"robots\" content=\"index, follow, max-snippet:-1, max-image-preview:large, max-video-preview:-1\" \/>\n<link rel=\"canonical\" href=\"https:\/\/groupecoiff.com\/en\/fauteuil-barbier-pour-salon-de-coiffure\/\" \/>\n<meta property=\"og:locale\" content=\"en_US\" \/>\n<meta property=\"og:type\" content=\"article\" \/>\n<meta property=\"og:title\" content=\"Groupe Coiff - D\u00e9couvrez Nos Mobilier de Coiffure professionnel : Fauteuils de barbier, Miroirs LED et Plus encore\" \/>\n<meta property=\"og:description\" content=\"Optimiser le Confort et l\u2019Efficacit\u00e9 : Mobilier de Coiffure Professionnel pour Salons. Le choix du mobilier de coiffure professionnel est fondamental pour l&#039;exp\u00e9rience client dans un salon de coiffure. Un mobilier bien choisi combine fonctionnalit\u00e9 et esth\u00e9tique, cr\u00e9ant une ambiance accueillante et professionnelle tout en assurant le confort des clients et l&#039;efficacit\u00e9 des coiffeurs. Dans cet article, nous explorerons les \u00e9l\u00e9ments cl\u00e9s du mobilier pour coiffeur et comment ils peuvent transformer votre salon de coiffure en un espace \u00e0 la fois attrayant et performant. Miroirs et Stations de Coiffage. Le miroir coiffeuse est central \u00e0 toute station de coiffage, permettant aux clients de voir leur transformation. Les coiffeuses avec miroir LED sont devenues incontournables gr\u00e2ce \u00e0 leur \u00e9clairage optimal pour les services de pr\u00e9cision. Ces miroirs am\u00e9liorent la visibilit\u00e9, ce qui facilite le travail des coiffeurs tout en cr\u00e9ant une ambiance sophistiqu\u00e9e. Confort et Style : Les Fauteuils de Coiffure. Un fauteuil coiffure est un pilier du mobilier de salon, alliant confort pour le client et fonctionnalit\u00e9 pour le coiffeur. Les fauteuils dot\u00e9s de repose-pied int\u00e9gr\u00e9 offrent un confort accru, tandis que les options comme le fauteuil de salon de coiffure ou le fauteuil barbier apportent une touche de style. Pour les budgets limit\u00e9s, des fauteuils coiffure pas chers sont disponibles sans sacrifier le confort. L&#039;Importance des Bacs \u00e0 Shampoing. Les bacs \u00e0 shampoing, aussi connus comme bacs pour laver les cheveux, sont essentiels pour une exp\u00e9rience de lavage confortable et efficace. Un bac \u00e0 shampoing massant peut transformer le lavage des cheveux en un moment de d\u00e9tente, augmentant la satisfaction client. Ces bacs sont un choix id\u00e9al pour les salons qui veulent offrir une exp\u00e9rience de luxe. S\u00e9chage et Finition. Le casque pour s\u00e9cher les cheveux ou le s\u00e8che-cheveux casque est indispensable pour le coiffage. Ces appareils permettent un s\u00e9chage uniforme, tout en laissant les mains du coiffeur libres pour d&#039;autres t\u00e2ches. Le chauffe-serviettes barbier est \u00e9galement un ajout appr\u00e9ci\u00e9, offrant un confort suppl\u00e9mentaire lors des traitements capillaires ou de rasage. Mobilier Compl\u00e9mentaire : Un chariot de coiffure est pratique pour garder \u00e0 port\u00e9e de main tous les accessoires n\u00e9cessaires pendant une s\u00e9ance. De plus, le comptoir coiffure et la caisse pour salon de coiffure sont cruciaux pour la gestion efficace du salon. Un agencement intelligent du salon de coiffure meuble am\u00e9liore non seulement l&#039;organisation, mais contribue aussi \u00e0 une d\u00e9coration salon de coiffure coh\u00e9rente et attrayante. Agencement et D\u00e9coration L&#039;agencement de salon de coiffure est crucial pour maximiser l&#039;espace tout en cr\u00e9ant une atmosph\u00e8re agr\u00e9able. Les *tabourets coiffure, chaises de coiffeur, et si\u00e8ges pour salon de coiffure doivent \u00eatre dispos\u00e9s pour faciliter la circulation et l&#039;interaction. Les d\u00e9tails de d\u00e9coration, tels que le repose-pied pour salon de coiffure, ajoutent une touche de luxe et de confort. Conclusion : Investir dans un mobilier pour salon de coiffure de qualit\u00e9 est essentiel pour offrir une exp\u00e9rience client in\u00e9gal\u00e9e. Le mat\u00e9riel pour salon de coiffure bien choisi am\u00e9liore le confort des clients ainsi que l&#039;efficacit\u00e9 et la satisfaction des coiffeurs. Que vous choisissiez un fauteuil barbier pas cher ou un lavabo coiffeur luxueux, chaque \u00e9l\u00e9ment contribue \u00e0 cr\u00e9er un environnement professionnel et accueillant. Groupe Coiff est fier de proposer une large gamme de mobilier de coiffure r\u00e9pondant aux besoins des salons modernes, garantissant que chaque salon est \u00e9quip\u00e9 pour r\u00e9ussir. Pour en savoir plus sur nos produits ou pour consulter notre catalogue complet, visitez notre site Web ou contactez notre \u00e9quipe d&#039;experts. Investissez dans votre salon aujourd&#039;hui et constatez la diff\u00e9rence qu&#039;un mobilier de qualit\u00e9 peut apporter.\" \/>\n<meta property=\"og:url\" content=\"https:\/\/groupecoiff.com\/en\/fauteuil-barbier-pour-salon-de-coiffure\/\" \/>\n<meta property=\"og:site_name\" content=\"Groupe Coiff\" \/>\n<meta property=\"article:publisher\" content=\"https:\/\/www.facebook.com\/GroupeCoiff\" \/>\n<meta property=\"article:published_time\" content=\"2023-05-05T16:37:30+00:00\" \/>\n<meta property=\"article:modified_time\" content=\"2025-07-20T17:10:22+00:00\" \/>\n<meta property=\"og:image\" content=\"https:\/\/groupecoiff.com\/wp-content\/uploads\/2023\/09\/Fauteuil-barbier-Cesar-Red-3.webp\" \/>\n\t<meta property=\"og:image:width\" content=\"1080\" \/>\n\t<meta property=\"og:image:height\" content=\"1080\" \/>\n\t<meta property=\"og:image:type\" content=\"image\/webp\" \/>\n<meta name=\"author\" content=\"Amor\" \/>\n<meta name=\"twitter:card\" content=\"summary_large_image\" \/>\n<meta name=\"twitter:creator\" content=\"@groupecoiff\" \/>\n<meta name=\"twitter:site\" content=\"@groupecoiff\" \/>\n<meta name=\"twitter:label1\" content=\"Written by\" \/>\n\t<meta name=\"twitter:data1\" content=\"Amor\" \/>\n\t<meta name=\"twitter:label2\" content=\"Est. reading time\" \/>\n\t<meta name=\"twitter:data2\" content=\"9 minutes\" \/>\n<script type=\"application\/ld+json\" class=\"yoast-schema-graph\">{\"@context\":\"https:\\\/\\\/schema.org\",\"@graph\":[{\"@type\":\"Article\",\"@id\":\"https:\\\/\\\/groupecoiff.com\\\/fauteuil-barbier-pour-salon-de-coiffure\\\/#article\",\"isPartOf\":{\"@id\":\"https:\\\/\\\/groupecoiff.com\\\/fauteuil-barbier-pour-salon-de-coiffure\\\/\"},\"author\":{\"name\":\"Amor\",\"@id\":\"https:\\\/\\\/groupecoiff.com\\\/#\\\/schema\\\/person\\\/538fefee969d51dc276f4bc8e2999ed1\"},\"headline\":\"Fauteuil Barbier pour salon de coiffure\",\"datePublished\":\"2023-05-05T16:37:30+00:00\",\"dateModified\":\"2025-07-20T17:10:22+00:00\",\"mainEntityOfPage\":{\"@id\":\"https:\\\/\\\/groupecoiff.com\\\/fauteuil-barbier-pour-salon-de-coiffure\\\/\"},\"wordCount\":1366,\"commentCount\":0,\"publisher\":{\"@id\":\"https:\\\/\\\/groupecoiff.com\\\/#organization\"},\"image\":{\"@id\":\"https:\\\/\\\/groupecoiff.com\\\/fauteuil-barbier-pour-salon-de-coiffure\\\/#primaryimage\"},\"thumbnailUrl\":\"https:\\\/\\\/groupecoiff.com\\\/wp-content\\\/uploads\\\/2023\\\/09\\\/Fauteuil-barbier-Cesar-Red-3.webp\",\"articleSection\":[\"Autre\"],\"inLanguage\":\"en-US\",\"potentialAction\":[{\"@type\":\"CommentAction\",\"name\":\"Comment\",\"target\":[\"https:\\\/\\\/groupecoiff.com\\\/fauteuil-barbier-pour-salon-de-coiffure\\\/#respond\"]}],\"copyrightYear\":\"2023\",\"copyrightHolder\":{\"@id\":\"https:\\\/\\\/groupecoiff.com\\\/en\\\/#organization\"}},{\"@type\":\"WebPage\",\"@id\":\"https:\\\/\\\/groupecoiff.com\\\/fauteuil-barbier-pour-salon-de-coiffure\\\/\",\"url\":\"https:\\\/\\\/groupecoiff.com\\\/fauteuil-barbier-pour-salon-de-coiffure\\\/\",\"name\":\"D\u00e9couvrez Nos Mobilier de Coiffure professionnel : Fauteuils de barbier, Miroirs LED et Plus - Groupe Coiff\",\"isPartOf\":{\"@id\":\"https:\\\/\\\/groupecoiff.com\\\/#website\"},\"primaryImageOfPage\":{\"@id\":\"https:\\\/\\\/groupecoiff.com\\\/fauteuil-barbier-pour-salon-de-coiffure\\\/#primaryimage\"},\"image\":{\"@id\":\"https:\\\/\\\/groupecoiff.com\\\/fauteuil-barbier-pour-salon-de-coiffure\\\/#primaryimage\"},\"thumbnailUrl\":\"https:\\\/\\\/groupecoiff.com\\\/wp-content\\\/uploads\\\/2023\\\/09\\\/Fauteuil-barbier-Cesar-Red-3.webp\",\"datePublished\":\"2023-05-05T16:37:30+00:00\",\"dateModified\":\"2025-07-20T17:10:22+00:00\",\"description\":\"D\u00e9couvrez dans cette rubrique, comment entretenir votre fauteuil de barbier pour salon de coiffure. Achat dispo chez le grossiste Groupe Coiff\",\"breadcrumb\":{\"@id\":\"https:\\\/\\\/groupecoiff.com\\\/fauteuil-barbier-pour-salon-de-coiffure\\\/#breadcrumb\"},\"inLanguage\":\"en-US\",\"potentialAction\":[{\"@type\":\"ReadAction\",\"target\":[\"https:\\\/\\\/groupecoiff.com\\\/fauteuil-barbier-pour-salon-de-coiffure\\\/\"]}]},{\"@type\":\"ImageObject\",\"inLanguage\":\"en-US\",\"@id\":\"https:\\\/\\\/groupecoiff.com\\\/fauteuil-barbier-pour-salon-de-coiffure\\\/#primaryimage\",\"url\":\"https:\\\/\\\/groupecoiff.com\\\/wp-content\\\/uploads\\\/2023\\\/09\\\/Fauteuil-barbier-Cesar-Red-3.webp\",\"contentUrl\":\"https:\\\/\\\/groupecoiff.com\\\/wp-content\\\/uploads\\\/2023\\\/09\\\/Fauteuil-barbier-Cesar-Red-3.webp\",\"width\":1080,\"height\":1080,\"caption\":\"Fauteuil barbier C\u00e9sar Red\"},{\"@type\":\"BreadcrumbList\",\"@id\":\"https:\\\/\\\/groupecoiff.com\\\/fauteuil-barbier-pour-salon-de-coiffure\\\/#breadcrumb\",\"itemListElement\":[{\"@type\":\"ListItem\",\"position\":1,\"name\":\"Accueil\",\"item\":\"https:\\\/\\\/groupecoiff.com\\\/\"},{\"@type\":\"ListItem\",\"position\":2,\"name\":\"Fauteuil Barbier pour salon de coiffure\"}]},{\"@type\":\"WebSite\",\"@id\":\"https:\\\/\\\/groupecoiff.com\\\/#website\",\"url\":\"https:\\\/\\\/groupecoiff.com\\\/\",\"name\":\"Groupe Coiff\",\"description\":\"Tout pour la coiffure\",\"publisher\":{\"@id\":\"https:\\\/\\\/groupecoiff.com\\\/#organization\"},\"potentialAction\":[{\"@type\":\"SearchAction\",\"target\":{\"@type\":\"EntryPoint\",\"urlTemplate\":\"https:\\\/\\\/groupecoiff.com\\\/?s={search_term_string}\"},\"query-input\":{\"@type\":\"PropertyValueSpecification\",\"valueRequired\":true,\"valueName\":\"search_term_string\"}}],\"inLanguage\":\"en-US\"},{\"@type\":\"Organization\",\"@id\":\"https:\\\/\\\/groupecoiff.com\\\/#organization\",\"name\":\"Groupe Coiff\",\"alternateName\":\"Groupe Coiff : Le Mobilier De Coiffure Haut de Gamme Pour Une \u00c9l\u00e9gance In\u00e9gal\u00e9e\",\"url\":\"https:\\\/\\\/groupecoiff.com\\\/\",\"logo\":{\"@type\":\"ImageObject\",\"inLanguage\":\"en-US\",\"@id\":\"https:\\\/\\\/groupecoiff.com\\\/#\\\/schema\\\/logo\\\/image\\\/\",\"url\":\"https:\\\/\\\/groupecoiff.com\\\/wp-content\\\/uploads\\\/2024\\\/01\\\/cropped-Groupe-Coiff-Logo.webp\",\"contentUrl\":\"https:\\\/\\\/groupecoiff.com\\\/wp-content\\\/uploads\\\/2024\\\/01\\\/cropped-Groupe-Coiff-Logo.webp\",\"width\":512,\"height\":512,\"caption\":\"Groupe Coiff\"},\"image\":{\"@id\":\"https:\\\/\\\/groupecoiff.com\\\/#\\\/schema\\\/logo\\\/image\\\/\"},\"sameAs\":[\"https:\\\/\\\/www.facebook.com\\\/GroupeCoiff\",\"https:\\\/\\\/x.com\\\/groupecoiff\",\"https:\\\/\\\/www.instagram.com\\\/groupecoiff\\\/\",\"https:\\\/\\\/www.tiktok.com\\\/@groupecoiff\",\"https:\\\/\\\/www.youtube.com\\\/@groupecoiff\",\"https:\\\/\\\/twitter.com\\\/groupecoiff\",\"https:\\\/\\\/www.leboncoin.fr\\\/boutique\\\/3961302\\\/groupe_coiff.htm\"],\"description\":\"D\u00e9couvrez le mobilier de coiffure haut de gamme de Groupe Coiff, alliant \u00e9l\u00e9gance et fonctionnalit\u00e9 pour sublimer votre salon et satisfaire vos clients.\",\"email\":\"contact@groupecoiff.com\",\"telephone\":\"0676951605\",\"legalName\":\"Groupe Coiff\",\"foundingDate\":\"2022-11-16\",\"vatID\":\"FR84921406419\",\"taxID\":\"92140641900025\"},{\"@type\":\"Person\",\"@id\":\"https:\\\/\\\/groupecoiff.com\\\/#\\\/schema\\\/person\\\/538fefee969d51dc276f4bc8e2999ed1\",\"name\":\"Amor\",\"image\":{\"@type\":\"ImageObject\",\"inLanguage\":\"en-US\",\"@id\":\"https:\\\/\\\/secure.gravatar.com\\\/avatar\\\/fdf8e7f93c3cebbb6c0def2f56c8fc73519ae24e81b173352796906b06afe5b4?s=96&d=mm&r=g\",\"url\":\"https:\\\/\\\/secure.gravatar.com\\\/avatar\\\/fdf8e7f93c3cebbb6c0def2f56c8fc73519ae24e81b173352796906b06afe5b4?s=96&d=mm&r=g\",\"contentUrl\":\"https:\\\/\\\/secure.gravatar.com\\\/avatar\\\/fdf8e7f93c3cebbb6c0def2f56c8fc73519ae24e81b173352796906b06afe5b4?s=96&d=mm&r=g\",\"caption\":\"Amor\"},\"sameAs\":[\"https:\\\/\\\/groupecoiff.com\\\/\"]}]}<\/script>\n<!-- \/ Yoast SEO Premium plugin. -->","yoast_head_json":{"title":"Discover Our Professional Hair Salon Furniture: Barber Chairs, LED Mirrors and More - Groupe Coiff","description":"Discover in this section how to maintain your barber chair for hair salon. Purchase available from wholesaler Groupe Coiff","robots":{"index":"index","follow":"follow","max-snippet":"max-snippet:-1","max-image-preview":"max-image-preview:large","max-video-preview":"max-video-preview:-1"},"canonical":"https:\/\/groupecoiff.com\/en\/fauteuil-barbier-pour-salon-de-coiffure\/","og_locale":"en_US","og_type":"article","og_title":"Groupe Coiff - D\u00e9couvrez Nos Mobilier de Coiffure professionnel : Fauteuils de barbier, Miroirs LED et Plus encore","og_description":"Optimiser le Confort et l\u2019Efficacit\u00e9 : Mobilier de Coiffure Professionnel pour Salons. Le choix du mobilier de coiffure professionnel est fondamental pour l'exp\u00e9rience client dans un salon de coiffure. Un mobilier bien choisi combine fonctionnalit\u00e9 et esth\u00e9tique, cr\u00e9ant une ambiance accueillante et professionnelle tout en assurant le confort des clients et l'efficacit\u00e9 des coiffeurs. Dans cet article, nous explorerons les \u00e9l\u00e9ments cl\u00e9s du mobilier pour coiffeur et comment ils peuvent transformer votre salon de coiffure en un espace \u00e0 la fois attrayant et performant. Miroirs et Stations de Coiffage. Le miroir coiffeuse est central \u00e0 toute station de coiffage, permettant aux clients de voir leur transformation. Les coiffeuses avec miroir LED sont devenues incontournables gr\u00e2ce \u00e0 leur \u00e9clairage optimal pour les services de pr\u00e9cision. Ces miroirs am\u00e9liorent la visibilit\u00e9, ce qui facilite le travail des coiffeurs tout en cr\u00e9ant une ambiance sophistiqu\u00e9e. Confort et Style : Les Fauteuils de Coiffure. Un fauteuil coiffure est un pilier du mobilier de salon, alliant confort pour le client et fonctionnalit\u00e9 pour le coiffeur. Les fauteuils dot\u00e9s de repose-pied int\u00e9gr\u00e9 offrent un confort accru, tandis que les options comme le fauteuil de salon de coiffure ou le fauteuil barbier apportent une touche de style. Pour les budgets limit\u00e9s, des fauteuils coiffure pas chers sont disponibles sans sacrifier le confort. L'Importance des Bacs \u00e0 Shampoing. Les bacs \u00e0 shampoing, aussi connus comme bacs pour laver les cheveux, sont essentiels pour une exp\u00e9rience de lavage confortable et efficace. Un bac \u00e0 shampoing massant peut transformer le lavage des cheveux en un moment de d\u00e9tente, augmentant la satisfaction client. Ces bacs sont un choix id\u00e9al pour les salons qui veulent offrir une exp\u00e9rience de luxe. S\u00e9chage et Finition. Le casque pour s\u00e9cher les cheveux ou le s\u00e8che-cheveux casque est indispensable pour le coiffage. Ces appareils permettent un s\u00e9chage uniforme, tout en laissant les mains du coiffeur libres pour d'autres t\u00e2ches. Le chauffe-serviettes barbier est \u00e9galement un ajout appr\u00e9ci\u00e9, offrant un confort suppl\u00e9mentaire lors des traitements capillaires ou de rasage. Mobilier Compl\u00e9mentaire : Un chariot de coiffure est pratique pour garder \u00e0 port\u00e9e de main tous les accessoires n\u00e9cessaires pendant une s\u00e9ance. De plus, le comptoir coiffure et la caisse pour salon de coiffure sont cruciaux pour la gestion efficace du salon. Un agencement intelligent du salon de coiffure meuble am\u00e9liore non seulement l'organisation, mais contribue aussi \u00e0 une d\u00e9coration salon de coiffure coh\u00e9rente et attrayante. Agencement et D\u00e9coration L'agencement de salon de coiffure est crucial pour maximiser l'espace tout en cr\u00e9ant une atmosph\u00e8re agr\u00e9able. Les *tabourets coiffure, chaises de coiffeur, et si\u00e8ges pour salon de coiffure doivent \u00eatre dispos\u00e9s pour faciliter la circulation et l'interaction. Les d\u00e9tails de d\u00e9coration, tels que le repose-pied pour salon de coiffure, ajoutent une touche de luxe et de confort. Conclusion : Investir dans un mobilier pour salon de coiffure de qualit\u00e9 est essentiel pour offrir une exp\u00e9rience client in\u00e9gal\u00e9e. Le mat\u00e9riel pour salon de coiffure bien choisi am\u00e9liore le confort des clients ainsi que l'efficacit\u00e9 et la satisfaction des coiffeurs. Que vous choisissiez un fauteuil barbier pas cher ou un lavabo coiffeur luxueux, chaque \u00e9l\u00e9ment contribue \u00e0 cr\u00e9er un environnement professionnel et accueillant. Groupe Coiff est fier de proposer une large gamme de mobilier de coiffure r\u00e9pondant aux besoins des salons modernes, garantissant que chaque salon est \u00e9quip\u00e9 pour r\u00e9ussir. Pour en savoir plus sur nos produits ou pour consulter notre catalogue complet, visitez notre site Web ou contactez notre \u00e9quipe d'experts. Investissez dans votre salon aujourd'hui et constatez la diff\u00e9rence qu'un mobilier de qualit\u00e9 peut apporter.","og_url":"https:\/\/groupecoiff.com\/en\/fauteuil-barbier-pour-salon-de-coiffure\/","og_site_name":"Groupe Coiff","article_publisher":"https:\/\/www.facebook.com\/GroupeCoiff","article_published_time":"2023-05-05T16:37:30+00:00","article_modified_time":"2025-07-20T17:10:22+00:00","og_image":[{"width":1080,"height":1080,"url":"https:\/\/groupecoiff.com\/wp-content\/uploads\/2023\/09\/Fauteuil-barbier-Cesar-Red-3.webp","type":"image\/webp"}],"author":"Amor","twitter_card":"summary_large_image","twitter_creator":"@groupecoiff","twitter_site":"@groupecoiff","twitter_misc":{"Written by":"Amor","Est. reading time":"9 minutes"},"schema":{"@context":"https:\/\/schema.org","@graph":[{"@type":"Article","@id":"https:\/\/groupecoiff.com\/fauteuil-barbier-pour-salon-de-coiffure\/#article","isPartOf":{"@id":"https:\/\/groupecoiff.com\/fauteuil-barbier-pour-salon-de-coiffure\/"},"author":{"name":"Amor","@id":"https:\/\/groupecoiff.com\/#\/schema\/person\/538fefee969d51dc276f4bc8e2999ed1"},"headline":"Fauteuil Barbier pour salon de coiffure","datePublished":"2023-05-05T16:37:30+00:00","dateModified":"2025-07-20T17:10:22+00:00","mainEntityOfPage":{"@id":"https:\/\/groupecoiff.com\/fauteuil-barbier-pour-salon-de-coiffure\/"},"wordCount":1366,"commentCount":0,"publisher":{"@id":"https:\/\/groupecoiff.com\/#organization"},"image":{"@id":"https:\/\/groupecoiff.com\/fauteuil-barbier-pour-salon-de-coiffure\/#primaryimage"},"thumbnailUrl":"https:\/\/groupecoiff.com\/wp-content\/uploads\/2023\/09\/Fauteuil-barbier-Cesar-Red-3.webp","articleSection":["Autre"],"inLanguage":"en-US","potentialAction":[{"@type":"CommentAction","name":"Comment","target":["https:\/\/groupecoiff.com\/fauteuil-barbier-pour-salon-de-coiffure\/#respond"]}],"copyrightYear":"2023","copyrightHolder":{"@id":"https:\/\/groupecoiff.com\/en\/#organization"}},{"@type":"WebPage","@id":"https:\/\/groupecoiff.com\/fauteuil-barbier-pour-salon-de-coiffure\/","url":"https:\/\/groupecoiff.com\/fauteuil-barbier-pour-salon-de-coiffure\/","name":"Discover Our Professional Hair Salon Furniture: Barber Chairs, LED Mirrors and More - Groupe Coiff","isPartOf":{"@id":"https:\/\/groupecoiff.com\/#website"},"primaryImageOfPage":{"@id":"https:\/\/groupecoiff.com\/fauteuil-barbier-pour-salon-de-coiffure\/#primaryimage"},"image":{"@id":"https:\/\/groupecoiff.com\/fauteuil-barbier-pour-salon-de-coiffure\/#primaryimage"},"thumbnailUrl":"https:\/\/groupecoiff.com\/wp-content\/uploads\/2023\/09\/Fauteuil-barbier-Cesar-Red-3.webp","datePublished":"2023-05-05T16:37:30+00:00","dateModified":"2025-07-20T17:10:22+00:00","description":"Discover in this section how to maintain your barber chair for hair salon. Purchase available from wholesaler Groupe Coiff","breadcrumb":{"@id":"https:\/\/groupecoiff.com\/fauteuil-barbier-pour-salon-de-coiffure\/#breadcrumb"},"inLanguage":"en-US","potentialAction":[{"@type":"ReadAction","target":["https:\/\/groupecoiff.com\/fauteuil-barbier-pour-salon-de-coiffure\/"]}]},{"@type":"ImageObject","inLanguage":"en-US","@id":"https:\/\/groupecoiff.com\/fauteuil-barbier-pour-salon-de-coiffure\/#primaryimage","url":"https:\/\/groupecoiff.com\/wp-content\/uploads\/2023\/09\/Fauteuil-barbier-Cesar-Red-3.webp","contentUrl":"https:\/\/groupecoiff.com\/wp-content\/uploads\/2023\/09\/Fauteuil-barbier-Cesar-Red-3.webp","width":1080,"height":1080,"caption":"Fauteuil barbier C\u00e9sar Red"},{"@type":"BreadcrumbList","@id":"https:\/\/groupecoiff.com\/fauteuil-barbier-pour-salon-de-coiffure\/#breadcrumb","itemListElement":[{"@type":"ListItem","position":1,"name":"Accueil","item":"https:\/\/groupecoiff.com\/"},{"@type":"ListItem","position":2,"name":"Fauteuil Barbier pour salon de coiffure"}]},{"@type":"WebSite","@id":"https:\/\/groupecoiff.com\/#website","url":"https:\/\/groupecoiff.com\/","name":"Coiff Group","description":"Everything for the hairdresser","publisher":{"@id":"https:\/\/groupecoiff.com\/#organization"},"potentialAction":[{"@type":"SearchAction","target":{"@type":"EntryPoint","urlTemplate":"https:\/\/groupecoiff.com\/?s={search_term_string}"},"query-input":{"@type":"PropertyValueSpecification","valueRequired":true,"valueName":"search_term_string"}}],"inLanguage":"en-US"},{"@type":"Organization","@id":"https:\/\/groupecoiff.com\/#organization","name":"Coiff Group","alternateName":"Groupe Coiff : Le Mobilier De Coiffure Haut de Gamme Pour Une \u00c9l\u00e9gance In\u00e9gal\u00e9e","url":"https:\/\/groupecoiff.com\/","logo":{"@type":"ImageObject","inLanguage":"en-US","@id":"https:\/\/groupecoiff.com\/#\/schema\/logo\/image\/","url":"https:\/\/groupecoiff.com\/wp-content\/uploads\/2024\/01\/cropped-Groupe-Coiff-Logo.webp","contentUrl":"https:\/\/groupecoiff.com\/wp-content\/uploads\/2024\/01\/cropped-Groupe-Coiff-Logo.webp","width":512,"height":512,"caption":"Groupe Coiff"},"image":{"@id":"https:\/\/groupecoiff.com\/#\/schema\/logo\/image\/"},"sameAs":["https:\/\/www.facebook.com\/GroupeCoiff","https:\/\/x.com\/groupecoiff","https:\/\/www.instagram.com\/groupecoiff\/","https:\/\/www.tiktok.com\/@groupecoiff","https:\/\/www.youtube.com\/@groupecoiff","https:\/\/twitter.com\/groupecoiff","https:\/\/www.leboncoin.fr\/boutique\/3961302\/groupe_coiff.htm"],"description":"Discover Groupe Coiff's top-of-the-range hairdressing furniture, combining elegance and functionality to enhance your salon and satisfy your customers.","email":"contact@groupecoiff.com","telephone":"0676951605","legalName":"Groupe Coiff","foundingDate":"2022-11-16","vatID":"FR84921406419","taxID":"92140641900025"},{"@type":"Person","@id":"https:\/\/groupecoiff.com\/#\/schema\/person\/538fefee969d51dc276f4bc8e2999ed1","name":"Amor","image":{"@type":"ImageObject","inLanguage":"en-US","@id":"https:\/\/secure.gravatar.com\/avatar\/fdf8e7f93c3cebbb6c0def2f56c8fc73519ae24e81b173352796906b06afe5b4?s=96&d=mm&r=g","url":"https:\/\/secure.gravatar.com\/avatar\/fdf8e7f93c3cebbb6c0def2f56c8fc73519ae24e81b173352796906b06afe5b4?s=96&d=mm&r=g","contentUrl":"https:\/\/secure.gravatar.com\/avatar\/fdf8e7f93c3cebbb6c0def2f56c8fc73519ae24e81b173352796906b06afe5b4?s=96&d=mm&r=g","caption":"Amor"},"sameAs":["https:\/\/groupecoiff.com\/"]}]}},"jetpack_publicize_connections":[],"jetpack_featured_media_url":"https:\/\/groupecoiff.com\/wp-content\/uploads\/2023\/09\/Fauteuil-barbier-Cesar-Red-3.webp","jetpack_likes_enabled":true,"jetpack_sharing_enabled":true,"jetpack_shortlink":"https:\/\/wp.me\/peKCQ7-688","_links":{"self":[{"href":"https:\/\/groupecoiff.com\/en\/wp-json\/wp\/v2\/posts\/23568","targetHints":{"allow":["GET"]}}],"collection":[{"href":"https:\/\/groupecoiff.com\/en\/wp-json\/wp\/v2\/posts"}],"about":[{"href":"https:\/\/groupecoiff.com\/en\/wp-json\/wp\/v2\/types\/post"}],"author":[{"embeddable":true,"href":"https:\/\/groupecoiff.com\/en\/wp-json\/wp\/v2\/users\/2"}],"replies":[{"embeddable":true,"href":"https:\/\/groupecoiff.com\/en\/wp-json\/wp\/v2\/comments?post=23568"}],"version-history":[{"count":0,"href":"https:\/\/groupecoiff.com\/en\/wp-json\/wp\/v2\/posts\/23568\/revisions"}],"wp:featuredmedia":[{"embeddable":true,"href":"https:\/\/groupecoiff.com\/en\/wp-json\/wp\/v2\/media\/28153"}],"wp:attachment":[{"href":"https:\/\/groupecoiff.com\/en\/wp-json\/wp\/v2\/media?parent=23568"}],"wp:term":[{"taxonomy":"category","embeddable":true,"href":"https:\/\/groupecoiff.com\/en\/wp-json\/wp\/v2\/categories?post=23568"},{"taxonomy":"post_tag","embeddable":true,"href":"https:\/\/groupecoiff.com\/en\/wp-json\/wp\/v2\/tags?post=23568"}],"curies":[{"name":"wp","href":"https:\/\/api.w.org\/{rel}","templated":true}]}}