{"id":38051,"date":"2025-02-08T12:19:49","date_gmt":"2025-02-08T11:19:49","guid":{"rendered":"https:\/\/groupecoiff.com\/?p=38051"},"modified":"2025-06-23T11:12:38","modified_gmt":"2025-06-23T09:12:38","slug":"childrens-hairdressing-chairs-lallie-cosy-hairdressing-salons","status":"publish","type":"post","link":"https:\/\/groupecoiff.com\/en\/fauteuils-de-coiffure-pour-enfant-lallie-des-salons-de-coiffure-accueillants\/","title":{"rendered":"Children's styling chairs: the ally of welcoming salons"},"content":{"rendered":"<p>In a hairdressing salon, the customer experience is paramount, and that includes the very young. A haircut can sometimes be a source of apprehension for a child. Simply sitting in an oversized or uncomfortable chair can turn this moment into a stressful experience. Fortunately <a href=\"https:\/\/groupecoiff.com\/en\/product-category\/mobilier-coiffure-enfant\/\"><strong>children's styling chairs<\/strong><\/a> provide an ideal solution for making these moments more enjoyable and playful.<\/p>\n\n\n\n<figure class=\"wp-block-image size-large is-resized\"><img loading=\"lazy\" decoding=\"async\" width=\"1024\" height=\"1024\" data-attachment-id=\"27450\" data-permalink=\"https:\/\/groupecoiff.com\/en\/?attachment_id=27450\" data-orig-file=\"https:\/\/groupecoiff.com\/wp-content\/uploads\/2023\/09\/Terry-1.png\" data-orig-size=\"1080,1080\" data-comments-opened=\"1\" data-image-meta=\"{&quot;aperture&quot;:&quot;0&quot;,&quot;credit&quot;:&quot;&quot;,&quot;camera&quot;:&quot;&quot;,&quot;caption&quot;:&quot;&quot;,&quot;created_timestamp&quot;:&quot;0&quot;,&quot;copyright&quot;:&quot;&quot;,&quot;focal_length&quot;:&quot;0&quot;,&quot;iso&quot;:&quot;0&quot;,&quot;shutter_speed&quot;:&quot;0&quot;,&quot;title&quot;:&quot;&quot;,&quot;orientation&quot;:&quot;0&quot;}\" data-image-title=\"Fauteuil De Coiffure Enfant Terry\" data-image-description=\"&lt;p&gt;Fauteuil De Coiffure Enfant Terry&lt;\/p&gt;\" data-image-caption=\"&lt;p&gt;Fauteuil De Coiffure Enfant Terry&lt;\/p&gt;\" data-large-file=\"https:\/\/groupecoiff.com\/wp-content\/uploads\/2023\/09\/Terry-1-1024x1024.png\" src=\"https:\/\/groupecoiff.com\/wp-content\/uploads\/2023\/09\/Terry-1-1024x1024.png\" alt=\"Fauteuil De Coiffure Enfant Terry\" class=\"wp-image-27450\" style=\"object-fit:cover;width:425px;height:425px\" title=\"Children&#039;s styling chairs: the ally of welcoming salons\" srcset=\"https:\/\/groupecoiff.com\/wp-content\/uploads\/2023\/09\/Terry-1-1024x1024.png 1024w, https:\/\/groupecoiff.com\/wp-content\/uploads\/2023\/09\/Terry-1-300x300.png 300w, https:\/\/groupecoiff.com\/wp-content\/uploads\/2023\/09\/Terry-1-150x150.png 150w, https:\/\/groupecoiff.com\/wp-content\/uploads\/2023\/09\/Terry-1-768x768.png 768w, https:\/\/groupecoiff.com\/wp-content\/uploads\/2023\/09\/Terry-1-12x12.png 12w, https:\/\/groupecoiff.com\/wp-content\/uploads\/2023\/09\/Terry-1-250x250.png 250w, https:\/\/groupecoiff.com\/wp-content\/uploads\/2023\/09\/Terry-1-100x100.png 100w, https:\/\/groupecoiff.com\/wp-content\/uploads\/2023\/09\/Terry-1-64x64.png 64w, https:\/\/groupecoiff.com\/wp-content\/uploads\/2023\/09\/Terry-1.png 1080w\" sizes=\"auto, (max-width: 1024px) 100vw, 1024px\" \/><\/figure>\n\n\n\n<p><\/p>\n\n\n\n<h2 class=\"wp-block-heading has-text-align-left\" id=\"h-pourquoi-un-fauteuil-de-coiffure-pour-enfant-est-il-indispensable\">Why is a children's styling chair essential?<\/h2>\n\n\n\n<p class=\"has-text-align-left\">Professional, child-friendly styling furniture plays a key role in the salon experience. A cart-shaped chair, with bright colors and fun designs, helps capture the attention of little ones while providing optimal comfort.<\/p>\n\n\n\n<p class=\"has-text-align-left\">With a car-shaped styling chair, children can experience their haircut as a game, reducing their anxiety. What's more, this type of furniture makes it easier for the hairdresser to work, without having to deal with uncomfortable movements. The result: time savings and greater precision in the cut.<\/p>\n\n\n\n<p class=\"has-text-align-left\">The addition of salon furniture specifically for children also shows that your establishment knows how to adapt to the needs of each individual customer, reinforcing family loyalty.<\/p>\n\n\n\n<figure class=\"wp-block-image size-full is-resized\"><img loading=\"lazy\" decoding=\"async\" width=\"1080\" height=\"1080\" data-attachment-id=\"34763\" data-permalink=\"https:\/\/groupecoiff.com\/en\/?attachment_id=34763\" data-orig-file=\"https:\/\/groupecoiff.com\/wp-content\/uploads\/2024\/08\/Fauteuil-de-coiffure-enfant-SUV-3.webp\" data-orig-size=\"1080,1080\" data-comments-opened=\"1\" data-image-meta=\"{&quot;aperture&quot;:&quot;0&quot;,&quot;credit&quot;:&quot;&quot;,&quot;camera&quot;:&quot;&quot;,&quot;caption&quot;:&quot;&quot;,&quot;created_timestamp&quot;:&quot;0&quot;,&quot;copyright&quot;:&quot;&quot;,&quot;focal_length&quot;:&quot;0&quot;,&quot;iso&quot;:&quot;0&quot;,&quot;shutter_speed&quot;:&quot;0&quot;,&quot;title&quot;:&quot;&quot;,&quot;orientation&quot;:&quot;0&quot;}\" data-image-title=\"Fauteuil de coiffure enfant SUV (3)\" data-image-description=\"\" data-image-caption=\"\" data-large-file=\"https:\/\/groupecoiff.com\/wp-content\/uploads\/2024\/08\/Fauteuil-de-coiffure-enfant-SUV-3-1024x1024.webp\" src=\"https:\/\/groupecoiff.com\/wp-content\/uploads\/2024\/08\/Fauteuil-de-coiffure-enfant-SUV-3.webp\" alt=\"SUV children&#039;s styling chair\" class=\"wp-image-34763\" style=\"object-fit:cover;width:425px;height:425px\" title=\"Children&#039;s styling chairs: the ally of welcoming salons\" srcset=\"https:\/\/groupecoiff.com\/wp-content\/uploads\/2024\/08\/Fauteuil-de-coiffure-enfant-SUV-3.webp 1080w, https:\/\/groupecoiff.com\/wp-content\/uploads\/2024\/08\/Fauteuil-de-coiffure-enfant-SUV-3-300x300.webp 300w, https:\/\/groupecoiff.com\/wp-content\/uploads\/2024\/08\/Fauteuil-de-coiffure-enfant-SUV-3-1024x1024.webp 1024w, https:\/\/groupecoiff.com\/wp-content\/uploads\/2024\/08\/Fauteuil-de-coiffure-enfant-SUV-3-150x150.webp 150w, https:\/\/groupecoiff.com\/wp-content\/uploads\/2024\/08\/Fauteuil-de-coiffure-enfant-SUV-3-768x768.webp 768w, https:\/\/groupecoiff.com\/wp-content\/uploads\/2024\/08\/Fauteuil-de-coiffure-enfant-SUV-3-12x12.webp 12w, https:\/\/groupecoiff.com\/wp-content\/uploads\/2024\/08\/Fauteuil-de-coiffure-enfant-SUV-3-250x250.webp 250w, https:\/\/groupecoiff.com\/wp-content\/uploads\/2024\/08\/Fauteuil-de-coiffure-enfant-SUV-3-100x100.webp 100w, https:\/\/groupecoiff.com\/wp-content\/uploads\/2024\/08\/Fauteuil-de-coiffure-enfant-SUV-3-64x64.webp 64w\" sizes=\"auto, (max-width: 1080px) 100vw, 1080px\" \/><\/figure>\n\n\n\n<p><\/p>\n\n\n\n<h2 class=\"wp-block-heading has-text-align-left\" id=\"h-un-large-choix-de-fauteuils-pour-une-experience-unique\">A wide choice of seats for a unique experience<\/h2>\n\n\n\n<p class=\"has-text-align-left\">To provide children with a truly enjoyable moment, there is now a wide variety of fun and ergonomic chairs available. The car-shaped hairdressing chair <a href=\"https:\/\/groupecoiff.com\/en\/product-2\/fauteuil-de-coiffure-enfant-terry\/\"><strong>Terry<\/strong><\/a> is particularly appreciated because it transforms the haircut into a captivating adventure.<\/p>\n\n\n\n<p class=\"has-text-align-left\">Models such as the car seat <strong><a href=\"https:\/\/groupecoiff.com\/en\/product-2\/fauteuil-de-coiffure-pour-enfant-suv\/\">SUV<\/a> <\/strong>allow children to sit comfortably and have fun at the same time, making the hairdresser's job easier. For the little ones, the <a href=\"https:\/\/groupecoiff.com\/en\/product-2\/coussin-rehausseur-pour-enfants-warren\/\"><strong>booster cushions<\/strong><\/a> are also an excellent alternative for adjusting height and ensuring good posture during cutting.<\/p>\n\n\n\n<p>By integrating children's cars into a hair salon, you create a dedicated space that will immediately win over the youngest customers.<\/p>\n\n\n\n<figure class=\"wp-block-image size-large is-resized\"><img loading=\"lazy\" decoding=\"async\" width=\"1024\" height=\"1024\" data-attachment-id=\"38049\" data-permalink=\"https:\/\/groupecoiff.com\/en\/?attachment_id=38049\" data-orig-file=\"https:\/\/groupecoiff.com\/wp-content\/uploads\/2025\/02\/Fauteuil-de-coiffure-en-forme-de-voiture-verte-2.webp\" data-orig-size=\"1080,1080\" data-comments-opened=\"1\" data-image-meta=\"{&quot;aperture&quot;:&quot;0&quot;,&quot;credit&quot;:&quot;&quot;,&quot;camera&quot;:&quot;&quot;,&quot;caption&quot;:&quot;&quot;,&quot;created_timestamp&quot;:&quot;0&quot;,&quot;copyright&quot;:&quot;&quot;,&quot;focal_length&quot;:&quot;0&quot;,&quot;iso&quot;:&quot;0&quot;,&quot;shutter_speed&quot;:&quot;0&quot;,&quot;title&quot;:&quot;&quot;,&quot;orientation&quot;:&quot;0&quot;}\" data-image-title=\"Fauteuil de coiffure en forme de voiture verte\" data-image-description=\"&lt;p&gt;Fauteuil de coiffure en forme de voiture verte (2)&lt;\/p&gt;\" data-image-caption=\"&lt;p&gt;Fauteuil de coiffure en forme de voiture verte (2)&lt;\/p&gt;\" data-large-file=\"https:\/\/groupecoiff.com\/wp-content\/uploads\/2025\/02\/Fauteuil-de-coiffure-en-forme-de-voiture-verte-2-1024x1024.webp\" src=\"https:\/\/groupecoiff.com\/wp-content\/uploads\/2025\/02\/Fauteuil-de-coiffure-en-forme-de-voiture-verte-2-1024x1024.webp\" alt=\"Fauteuil de coiffure en forme de voiture verte\" class=\"wp-image-38049\" style=\"object-fit:cover;width:425px;height:425px\" title=\"Children&#039;s styling chairs: the ally of welcoming salons\" srcset=\"https:\/\/groupecoiff.com\/wp-content\/uploads\/2025\/02\/Fauteuil-de-coiffure-en-forme-de-voiture-verte-2-1024x1024.webp 1024w, https:\/\/groupecoiff.com\/wp-content\/uploads\/2025\/02\/Fauteuil-de-coiffure-en-forme-de-voiture-verte-2-300x300.webp 300w, https:\/\/groupecoiff.com\/wp-content\/uploads\/2025\/02\/Fauteuil-de-coiffure-en-forme-de-voiture-verte-2-150x150.webp 150w, https:\/\/groupecoiff.com\/wp-content\/uploads\/2025\/02\/Fauteuil-de-coiffure-en-forme-de-voiture-verte-2-768x768.webp 768w, https:\/\/groupecoiff.com\/wp-content\/uploads\/2025\/02\/Fauteuil-de-coiffure-en-forme-de-voiture-verte-2-12x12.webp 12w, https:\/\/groupecoiff.com\/wp-content\/uploads\/2025\/02\/Fauteuil-de-coiffure-en-forme-de-voiture-verte-2-250x250.webp 250w, https:\/\/groupecoiff.com\/wp-content\/uploads\/2025\/02\/Fauteuil-de-coiffure-en-forme-de-voiture-verte-2-100x100.webp 100w, https:\/\/groupecoiff.com\/wp-content\/uploads\/2025\/02\/Fauteuil-de-coiffure-en-forme-de-voiture-verte-2-64x64.webp 64w, https:\/\/groupecoiff.com\/wp-content\/uploads\/2025\/02\/Fauteuil-de-coiffure-en-forme-de-voiture-verte-2.webp 1080w\" sizes=\"auto, (max-width: 1024px) 100vw, 1024px\" \/><\/figure>\n\n\n\n<p><\/p>\n\n\n\n<h2 class=\"wp-block-heading has-text-align-left\" id=\"h-entretenir-son-mobilier-de-coiffure-pour-une-durabilite-maximale\">Maintain your hairdressing furniture for maximum durability<\/h2>\n\n\n\n<p class=\"has-text-align-left\">Good maintenance of professional hairdressing furniture is essential to guarantee its longevity and maintain an impeccable appearance. Here are a few practical tips:<\/p>\n\n\n\n<p class=\"has-text-align-left\">Nettoyez r\u00e9guli\u00e8rement les surfaces avec des produits adapt\u00e9s pour \u00e9viter les taches et l&rsquo;accumulation de r\u00e9sidus.<\/p>\n\n\n\n<p class=\"has-text-align-left\">Choose easy-care materials like imitation leather, which is resistant to splashes and styling products.<\/p>\n\n\n\n<p class=\"has-text-align-left\">Be sure to secure the safety features of children's wheelchairs for optimum comfort.<\/p>\n\n\n\n<figure class=\"wp-block-image size-large is-resized\"><img loading=\"lazy\" decoding=\"async\" width=\"1024\" height=\"1024\" data-attachment-id=\"31751\" data-permalink=\"https:\/\/groupecoiff.com\/en\/?attachment_id=31751\" data-orig-file=\"https:\/\/groupecoiff.com\/wp-content\/uploads\/2024\/03\/Fauteuil-Coiffure-Enfant-WAG-1.webp\" data-orig-size=\"1080,1080\" data-comments-opened=\"1\" data-image-meta=\"{&quot;aperture&quot;:&quot;0&quot;,&quot;credit&quot;:&quot;&quot;,&quot;camera&quot;:&quot;&quot;,&quot;caption&quot;:&quot;&quot;,&quot;created_timestamp&quot;:&quot;0&quot;,&quot;copyright&quot;:&quot;&quot;,&quot;focal_length&quot;:&quot;0&quot;,&quot;iso&quot;:&quot;0&quot;,&quot;shutter_speed&quot;:&quot;0&quot;,&quot;title&quot;:&quot;&quot;,&quot;orientation&quot;:&quot;0&quot;}\" data-image-title=\"Fauteuil Coiffure Enfant WAG (1)\" data-image-description=\"\" data-image-caption=\"\" data-large-file=\"https:\/\/groupecoiff.com\/wp-content\/uploads\/2024\/03\/Fauteuil-Coiffure-Enfant-WAG-1-1024x1024.webp\" src=\"https:\/\/groupecoiff.com\/wp-content\/uploads\/2024\/03\/Fauteuil-Coiffure-Enfant-WAG-1-1024x1024.webp\" alt=\"WAG Children&#039;s Hairdressing Chair\" class=\"wp-image-31751\" style=\"object-fit:cover;width:425px;height:425px\" title=\"Children&#039;s styling chairs: the ally of welcoming salons\" srcset=\"https:\/\/groupecoiff.com\/wp-content\/uploads\/2024\/03\/Fauteuil-Coiffure-Enfant-WAG-1-1024x1024.webp 1024w, https:\/\/groupecoiff.com\/wp-content\/uploads\/2024\/03\/Fauteuil-Coiffure-Enfant-WAG-1-300x300.webp 300w, https:\/\/groupecoiff.com\/wp-content\/uploads\/2024\/03\/Fauteuil-Coiffure-Enfant-WAG-1-150x150.webp 150w, https:\/\/groupecoiff.com\/wp-content\/uploads\/2024\/03\/Fauteuil-Coiffure-Enfant-WAG-1-768x768.webp 768w, https:\/\/groupecoiff.com\/wp-content\/uploads\/2024\/03\/Fauteuil-Coiffure-Enfant-WAG-1-12x12.webp 12w, https:\/\/groupecoiff.com\/wp-content\/uploads\/2024\/03\/Fauteuil-Coiffure-Enfant-WAG-1-250x250.webp 250w, https:\/\/groupecoiff.com\/wp-content\/uploads\/2024\/03\/Fauteuil-Coiffure-Enfant-WAG-1-100x100.webp 100w, https:\/\/groupecoiff.com\/wp-content\/uploads\/2024\/03\/Fauteuil-Coiffure-Enfant-WAG-1-64x64.webp 64w, https:\/\/groupecoiff.com\/wp-content\/uploads\/2024\/03\/Fauteuil-Coiffure-Enfant-WAG-1.webp 1080w\" sizes=\"auto, (max-width: 1024px) 100vw, 1024px\" \/><\/figure>\n\n\n\n<p><\/p>\n\n\n\n<h2 class=\"wp-block-heading has-text-align-left\" id=\"h-offrez-une-experience-unique-aux-enfants-avec-groupe-coiff\">Give children a unique experience with Groupe Coiff<\/h2>\n\n\n\n<p class=\"has-text-align-left\">Investing in salon furniture dedicated to children means guaranteeing a quality service while building customer loyalty among families. At Groupe Coiff, we offer a wide range of chairs and accessories to meet the needs of hairdressing professionals.<\/p>\n\n\n\n<p class=\"has-text-align-left\">Choose furniture that combines safety, design and practicality, and turn every cup into a pleasant moment for your young customers. Contact us today to discover our solutions for your salon!<\/p>\n\n\n\n<figure class=\"wp-block-image alignleft size-large is-resized\"><img loading=\"lazy\" decoding=\"async\" width=\"1024\" height=\"1024\" data-attachment-id=\"32681\" data-permalink=\"https:\/\/groupecoiff.com\/en\/?attachment_id=32681\" data-orig-file=\"https:\/\/groupecoiff.com\/wp-content\/uploads\/2024\/05\/Fauteuil-de-Coiffure-Enfant-Cheval-2.webp\" data-orig-size=\"1080,1080\" data-comments-opened=\"1\" data-image-meta=\"{&quot;aperture&quot;:&quot;0&quot;,&quot;credit&quot;:&quot;&quot;,&quot;camera&quot;:&quot;&quot;,&quot;caption&quot;:&quot;&quot;,&quot;created_timestamp&quot;:&quot;0&quot;,&quot;copyright&quot;:&quot;&quot;,&quot;focal_length&quot;:&quot;0&quot;,&quot;iso&quot;:&quot;0&quot;,&quot;shutter_speed&quot;:&quot;0&quot;,&quot;title&quot;:&quot;&quot;,&quot;orientation&quot;:&quot;0&quot;}\" data-image-title=\"Fauteuil de Coiffure Enfant Cheval (2)\" data-image-description=\"\" data-image-caption=\"&lt;p&gt;Fauteuil de Coiffure Enfant en forme de Cheval&lt;\/p&gt;\" data-large-file=\"https:\/\/groupecoiff.com\/wp-content\/uploads\/2024\/05\/Fauteuil-de-Coiffure-Enfant-Cheval-2-1024x1024.webp\" src=\"https:\/\/groupecoiff.com\/wp-content\/uploads\/2024\/05\/Fauteuil-de-Coiffure-Enfant-Cheval-2-1024x1024.webp\" alt=\"Horse Children&#039;s Styling Chair\" class=\"wp-image-32681\" style=\"object-fit:cover;width:425px;height:425px\" title=\"Children&#039;s styling chairs: the ally of welcoming salons\" srcset=\"https:\/\/groupecoiff.com\/wp-content\/uploads\/2024\/05\/Fauteuil-de-Coiffure-Enfant-Cheval-2-1024x1024.webp 1024w, https:\/\/groupecoiff.com\/wp-content\/uploads\/2024\/05\/Fauteuil-de-Coiffure-Enfant-Cheval-2-300x300.webp 300w, https:\/\/groupecoiff.com\/wp-content\/uploads\/2024\/05\/Fauteuil-de-Coiffure-Enfant-Cheval-2-150x150.webp 150w, https:\/\/groupecoiff.com\/wp-content\/uploads\/2024\/05\/Fauteuil-de-Coiffure-Enfant-Cheval-2-768x768.webp 768w, https:\/\/groupecoiff.com\/wp-content\/uploads\/2024\/05\/Fauteuil-de-Coiffure-Enfant-Cheval-2-12x12.webp 12w, https:\/\/groupecoiff.com\/wp-content\/uploads\/2024\/05\/Fauteuil-de-Coiffure-Enfant-Cheval-2-250x250.webp 250w, https:\/\/groupecoiff.com\/wp-content\/uploads\/2024\/05\/Fauteuil-de-Coiffure-Enfant-Cheval-2-100x100.webp 100w, https:\/\/groupecoiff.com\/wp-content\/uploads\/2024\/05\/Fauteuil-de-Coiffure-Enfant-Cheval-2-64x64.webp 64w, https:\/\/groupecoiff.com\/wp-content\/uploads\/2024\/05\/Fauteuil-de-Coiffure-Enfant-Cheval-2.webp 1080w\" sizes=\"auto, (max-width: 1024px) 100vw, 1024px\" \/><figcaption class=\"wp-element-caption\"><a href=\"https:\/\/groupecoiff.com\/en\/product-2\/fauteuil-de-coiffure-enfant-cheval\/\">Children's Hairdressing Chair in the shape of a Horse<\/a><\/figcaption><\/figure>\n\n\n\n<p><\/p>","protected":false},"excerpt":{"rendered":"<p>Dans un salon de coiffure, l\u2019exp\u00e9rience client est primordiale, et cela concerne aussi les plus jeunes. Une coupe de cheveux peut parfois \u00eatre source d\u2019appr\u00e9hension pour un enfant. Le simple fait de s\u2019asseoir sur un fauteuil trop grand ou inconfortable peut transformer ce moment en une exp\u00e9rience stressante. Heureusement, les fauteuils de coiffure pour enfant [&hellip;]<\/p>\n","protected":false},"author":2,"featured_media":38079,"comment_status":"open","ping_status":"open","sticky":false,"template":"","format":"standard","meta":{"googlesitekit_rrm_CAow0YCiDA:productID":"","jetpack_post_was_ever_published":false,"_jetpack_newsletter_access":"","_jetpack_dont_email_post_to_subs":false,"_jetpack_newsletter_tier_id":0,"_jetpack_memberships_contains_paywalled_content":false,"_jetpack_memberships_contains_paid_content":false,"footnotes":"","jetpack_publicize_message":"","jetpack_publicize_feature_enabled":true,"jetpack_social_post_already_shared":true,"jetpack_social_options":{"image_generator_settings":{"template":"highway","default_image_id":0,"font":"","enabled":false},"version":2}},"categories":[112],"tags":[],"class_list":["post-38051","post","type-post","status-publish","format-standard","has-post-thumbnail","hentry","category-autre"],"blocksy_meta":[],"yoast_head":"<!-- This site is optimized with the Yoast SEO Premium plugin v27.4 (Yoast SEO v27.4) - https:\/\/yoast.com\/product\/yoast-seo-premium-wordpress\/ -->\n<title>L&#039;importance des fauteuils de coiffure pour enfant - Groupe Coiff<\/title>\n<meta name=\"description\" content=\"Optez pour des fauteuils de coiffure sp\u00e9cialement con\u00e7us pour les enfants. Rendez leur exp\u00e9rience en salon plus amusante et moins stressante.\" \/>\n<meta name=\"robots\" content=\"index, follow, max-snippet:-1, max-image-preview:large, max-video-preview:-1\" \/>\n<link rel=\"canonical\" href=\"https:\/\/groupecoiff.com\/en\/childrens-hairdressing-chairs-lallie-cosy-hairdressing-salons\/\" \/>\n<meta property=\"og:locale\" content=\"en_US\" \/>\n<meta property=\"og:type\" content=\"article\" \/>\n<meta property=\"og:title\" content=\"Groupe Coiff - D\u00e9couvrez Nos Mobilier de Coiffure professionnel : Fauteuils de barbier, Miroirs LED et Plus encore\" \/>\n<meta property=\"og:description\" content=\"Optimiser le Confort et l\u2019Efficacit\u00e9 : Mobilier de Coiffure Professionnel pour Salons. Le choix du mobilier de coiffure professionnel est fondamental pour l&#039;exp\u00e9rience client dans un salon de coiffure. Un mobilier bien choisi combine fonctionnalit\u00e9 et esth\u00e9tique, cr\u00e9ant une ambiance accueillante et professionnelle tout en assurant le confort des clients et l&#039;efficacit\u00e9 des coiffeurs. Dans cet article, nous explorerons les \u00e9l\u00e9ments cl\u00e9s du mobilier pour coiffeur et comment ils peuvent transformer votre salon de coiffure en un espace \u00e0 la fois attrayant et performant. Miroirs et Stations de Coiffage. Le miroir coiffeuse est central \u00e0 toute station de coiffage, permettant aux clients de voir leur transformation. Les coiffeuses avec miroir LED sont devenues incontournables gr\u00e2ce \u00e0 leur \u00e9clairage optimal pour les services de pr\u00e9cision. Ces miroirs am\u00e9liorent la visibilit\u00e9, ce qui facilite le travail des coiffeurs tout en cr\u00e9ant une ambiance sophistiqu\u00e9e. Confort et Style : Les Fauteuils de Coiffure. Un fauteuil coiffure est un pilier du mobilier de salon, alliant confort pour le client et fonctionnalit\u00e9 pour le coiffeur. Les fauteuils dot\u00e9s de repose-pied int\u00e9gr\u00e9 offrent un confort accru, tandis que les options comme le fauteuil de salon de coiffure ou le fauteuil barbier apportent une touche de style. Pour les budgets limit\u00e9s, des fauteuils coiffure pas chers sont disponibles sans sacrifier le confort. L&#039;Importance des Bacs \u00e0 Shampoing. Les bacs \u00e0 shampoing, aussi connus comme bacs pour laver les cheveux, sont essentiels pour une exp\u00e9rience de lavage confortable et efficace. Un bac \u00e0 shampoing massant peut transformer le lavage des cheveux en un moment de d\u00e9tente, augmentant la satisfaction client. Ces bacs sont un choix id\u00e9al pour les salons qui veulent offrir une exp\u00e9rience de luxe. S\u00e9chage et Finition. Le casque pour s\u00e9cher les cheveux ou le s\u00e8che-cheveux casque est indispensable pour le coiffage. Ces appareils permettent un s\u00e9chage uniforme, tout en laissant les mains du coiffeur libres pour d&#039;autres t\u00e2ches. Le chauffe-serviettes barbier est \u00e9galement un ajout appr\u00e9ci\u00e9, offrant un confort suppl\u00e9mentaire lors des traitements capillaires ou de rasage. Mobilier Compl\u00e9mentaire : Un chariot de coiffure est pratique pour garder \u00e0 port\u00e9e de main tous les accessoires n\u00e9cessaires pendant une s\u00e9ance. De plus, le comptoir coiffure et la caisse pour salon de coiffure sont cruciaux pour la gestion efficace du salon. Un agencement intelligent du salon de coiffure meuble am\u00e9liore non seulement l&#039;organisation, mais contribue aussi \u00e0 une d\u00e9coration salon de coiffure coh\u00e9rente et attrayante. Agencement et D\u00e9coration L&#039;agencement de salon de coiffure est crucial pour maximiser l&#039;espace tout en cr\u00e9ant une atmosph\u00e8re agr\u00e9able. Les *tabourets coiffure, chaises de coiffeur, et si\u00e8ges pour salon de coiffure doivent \u00eatre dispos\u00e9s pour faciliter la circulation et l&#039;interaction. Les d\u00e9tails de d\u00e9coration, tels que le repose-pied pour salon de coiffure, ajoutent une touche de luxe et de confort. Conclusion : Investir dans un mobilier pour salon de coiffure de qualit\u00e9 est essentiel pour offrir une exp\u00e9rience client in\u00e9gal\u00e9e. Le mat\u00e9riel pour salon de coiffure bien choisi am\u00e9liore le confort des clients ainsi que l&#039;efficacit\u00e9 et la satisfaction des coiffeurs. Que vous choisissiez un fauteuil barbier pas cher ou un lavabo coiffeur luxueux, chaque \u00e9l\u00e9ment contribue \u00e0 cr\u00e9er un environnement professionnel et accueillant. Groupe Coiff est fier de proposer une large gamme de mobilier de coiffure r\u00e9pondant aux besoins des salons modernes, garantissant que chaque salon est \u00e9quip\u00e9 pour r\u00e9ussir. Pour en savoir plus sur nos produits ou pour consulter notre catalogue complet, visitez notre site Web ou contactez notre \u00e9quipe d&#039;experts. Investissez dans votre salon aujourd&#039;hui et constatez la diff\u00e9rence qu&#039;un mobilier de qualit\u00e9 peut apporter.\" \/>\n<meta property=\"og:url\" content=\"https:\/\/groupecoiff.com\/en\/childrens-hairdressing-chairs-lallie-cosy-hairdressing-salons\/\" \/>\n<meta property=\"og:site_name\" content=\"Groupe Coiff\" \/>\n<meta property=\"article:publisher\" content=\"https:\/\/www.facebook.com\/GroupeCoiff\" \/>\n<meta property=\"article:published_time\" content=\"2025-02-08T11:19:49+00:00\" \/>\n<meta property=\"article:modified_time\" content=\"2025-06-23T09:12:38+00:00\" \/>\n<meta property=\"og:image\" content=\"https:\/\/groupecoiff.com\/wp-content\/uploads\/2025\/02\/16df19f5-e8de-4020-8e8a-73803de2ee53.webp\" \/>\n\t<meta property=\"og:image:width\" content=\"1152\" \/>\n\t<meta property=\"og:image:height\" content=\"866\" \/>\n\t<meta property=\"og:image:type\" content=\"image\/webp\" \/>\n<meta name=\"author\" content=\"Amor\" \/>\n<meta name=\"twitter:card\" content=\"summary_large_image\" \/>\n<meta name=\"twitter:creator\" content=\"@groupecoiff\" \/>\n<meta name=\"twitter:site\" content=\"@groupecoiff\" \/>\n<meta name=\"twitter:label1\" content=\"Written by\" \/>\n\t<meta name=\"twitter:data1\" content=\"Amor\" \/>\n\t<meta name=\"twitter:label2\" content=\"Est. reading time\" \/>\n\t<meta name=\"twitter:data2\" content=\"4 minutes\" \/>\n<script type=\"application\/ld+json\" class=\"yoast-schema-graph\">{\"@context\":\"https:\\\/\\\/schema.org\",\"@graph\":[{\"@type\":\"Article\",\"@id\":\"https:\\\/\\\/groupecoiff.com\\\/fauteuils-de-coiffure-pour-enfant-lallie-des-salons-de-coiffure-accueillants\\\/#article\",\"isPartOf\":{\"@id\":\"https:\\\/\\\/groupecoiff.com\\\/fauteuils-de-coiffure-pour-enfant-lallie-des-salons-de-coiffure-accueillants\\\/\"},\"author\":{\"name\":\"Amor\",\"@id\":\"https:\\\/\\\/groupecoiff.com\\\/#\\\/schema\\\/person\\\/538fefee969d51dc276f4bc8e2999ed1\"},\"headline\":\"Fauteuils de coiffure pour enfant : l\u2019alli\u00e9 des salons de coiffure accueillants\",\"datePublished\":\"2025-02-08T11:19:49+00:00\",\"dateModified\":\"2025-06-23T09:12:38+00:00\",\"mainEntityOfPage\":{\"@id\":\"https:\\\/\\\/groupecoiff.com\\\/fauteuils-de-coiffure-pour-enfant-lallie-des-salons-de-coiffure-accueillants\\\/\"},\"wordCount\":562,\"commentCount\":0,\"publisher\":{\"@id\":\"https:\\\/\\\/groupecoiff.com\\\/#organization\"},\"image\":{\"@id\":\"https:\\\/\\\/groupecoiff.com\\\/fauteuils-de-coiffure-pour-enfant-lallie-des-salons-de-coiffure-accueillants\\\/#primaryimage\"},\"thumbnailUrl\":\"https:\\\/\\\/groupecoiff.com\\\/wp-content\\\/uploads\\\/2025\\\/02\\\/16df19f5-e8de-4020-8e8a-73803de2ee53.webp\",\"articleSection\":[\"Autre\"],\"inLanguage\":\"en-US\",\"potentialAction\":[{\"@type\":\"CommentAction\",\"name\":\"Comment\",\"target\":[\"https:\\\/\\\/groupecoiff.com\\\/fauteuils-de-coiffure-pour-enfant-lallie-des-salons-de-coiffure-accueillants\\\/#respond\"]}],\"copyrightYear\":\"2025\",\"copyrightHolder\":{\"@id\":\"https:\\\/\\\/groupecoiff.com\\\/en\\\/#organization\"}},{\"@type\":\"WebPage\",\"@id\":\"https:\\\/\\\/groupecoiff.com\\\/fauteuils-de-coiffure-pour-enfant-lallie-des-salons-de-coiffure-accueillants\\\/\",\"url\":\"https:\\\/\\\/groupecoiff.com\\\/fauteuils-de-coiffure-pour-enfant-lallie-des-salons-de-coiffure-accueillants\\\/\",\"name\":\"L'importance des fauteuils de coiffure pour enfant - Groupe Coiff\",\"isPartOf\":{\"@id\":\"https:\\\/\\\/groupecoiff.com\\\/#website\"},\"primaryImageOfPage\":{\"@id\":\"https:\\\/\\\/groupecoiff.com\\\/fauteuils-de-coiffure-pour-enfant-lallie-des-salons-de-coiffure-accueillants\\\/#primaryimage\"},\"image\":{\"@id\":\"https:\\\/\\\/groupecoiff.com\\\/fauteuils-de-coiffure-pour-enfant-lallie-des-salons-de-coiffure-accueillants\\\/#primaryimage\"},\"thumbnailUrl\":\"https:\\\/\\\/groupecoiff.com\\\/wp-content\\\/uploads\\\/2025\\\/02\\\/16df19f5-e8de-4020-8e8a-73803de2ee53.webp\",\"datePublished\":\"2025-02-08T11:19:49+00:00\",\"dateModified\":\"2025-06-23T09:12:38+00:00\",\"description\":\"Optez pour des fauteuils de coiffure sp\u00e9cialement con\u00e7us pour les enfants. Rendez leur exp\u00e9rience en salon plus amusante et moins stressante.\",\"breadcrumb\":{\"@id\":\"https:\\\/\\\/groupecoiff.com\\\/fauteuils-de-coiffure-pour-enfant-lallie-des-salons-de-coiffure-accueillants\\\/#breadcrumb\"},\"inLanguage\":\"en-US\",\"potentialAction\":[{\"@type\":\"ReadAction\",\"target\":[\"https:\\\/\\\/groupecoiff.com\\\/fauteuils-de-coiffure-pour-enfant-lallie-des-salons-de-coiffure-accueillants\\\/\"]}]},{\"@type\":\"ImageObject\",\"inLanguage\":\"en-US\",\"@id\":\"https:\\\/\\\/groupecoiff.com\\\/fauteuils-de-coiffure-pour-enfant-lallie-des-salons-de-coiffure-accueillants\\\/#primaryimage\",\"url\":\"https:\\\/\\\/groupecoiff.com\\\/wp-content\\\/uploads\\\/2025\\\/02\\\/16df19f5-e8de-4020-8e8a-73803de2ee53.webp\",\"contentUrl\":\"https:\\\/\\\/groupecoiff.com\\\/wp-content\\\/uploads\\\/2025\\\/02\\\/16df19f5-e8de-4020-8e8a-73803de2ee53.webp\",\"width\":1152,\"height\":866,\"caption\":\"16df19f5 e8de 4020 8e8a 73803de2ee53\"},{\"@type\":\"BreadcrumbList\",\"@id\":\"https:\\\/\\\/groupecoiff.com\\\/fauteuils-de-coiffure-pour-enfant-lallie-des-salons-de-coiffure-accueillants\\\/#breadcrumb\",\"itemListElement\":[{\"@type\":\"ListItem\",\"position\":1,\"name\":\"Accueil\",\"item\":\"https:\\\/\\\/groupecoiff.com\\\/\"},{\"@type\":\"ListItem\",\"position\":2,\"name\":\"Fauteuils de coiffure pour enfant : l\u2019alli\u00e9 des salons de coiffure accueillants\"}]},{\"@type\":\"WebSite\",\"@id\":\"https:\\\/\\\/groupecoiff.com\\\/#website\",\"url\":\"https:\\\/\\\/groupecoiff.com\\\/\",\"name\":\"Groupe Coiff\",\"description\":\"Tout pour la coiffure\",\"publisher\":{\"@id\":\"https:\\\/\\\/groupecoiff.com\\\/#organization\"},\"potentialAction\":[{\"@type\":\"SearchAction\",\"target\":{\"@type\":\"EntryPoint\",\"urlTemplate\":\"https:\\\/\\\/groupecoiff.com\\\/?s={search_term_string}\"},\"query-input\":{\"@type\":\"PropertyValueSpecification\",\"valueRequired\":true,\"valueName\":\"search_term_string\"}}],\"inLanguage\":\"en-US\"},{\"@type\":\"Organization\",\"@id\":\"https:\\\/\\\/groupecoiff.com\\\/#organization\",\"name\":\"Groupe Coiff\",\"alternateName\":\"Groupe Coiff : Le Mobilier De Coiffure Haut de Gamme Pour Une \u00c9l\u00e9gance In\u00e9gal\u00e9e\",\"url\":\"https:\\\/\\\/groupecoiff.com\\\/\",\"logo\":{\"@type\":\"ImageObject\",\"inLanguage\":\"en-US\",\"@id\":\"https:\\\/\\\/groupecoiff.com\\\/#\\\/schema\\\/logo\\\/image\\\/\",\"url\":\"https:\\\/\\\/groupecoiff.com\\\/wp-content\\\/uploads\\\/2024\\\/01\\\/cropped-Groupe-Coiff-Logo.webp\",\"contentUrl\":\"https:\\\/\\\/groupecoiff.com\\\/wp-content\\\/uploads\\\/2024\\\/01\\\/cropped-Groupe-Coiff-Logo.webp\",\"width\":512,\"height\":512,\"caption\":\"Groupe Coiff\"},\"image\":{\"@id\":\"https:\\\/\\\/groupecoiff.com\\\/#\\\/schema\\\/logo\\\/image\\\/\"},\"sameAs\":[\"https:\\\/\\\/www.facebook.com\\\/GroupeCoiff\",\"https:\\\/\\\/x.com\\\/groupecoiff\",\"https:\\\/\\\/www.instagram.com\\\/groupecoiff\\\/\",\"https:\\\/\\\/www.tiktok.com\\\/@groupecoiff\",\"https:\\\/\\\/www.youtube.com\\\/@groupecoiff\",\"https:\\\/\\\/twitter.com\\\/groupecoiff\",\"https:\\\/\\\/www.leboncoin.fr\\\/boutique\\\/3961302\\\/groupe_coiff.htm\"],\"description\":\"D\u00e9couvrez le mobilier de coiffure haut de gamme de Groupe Coiff, alliant \u00e9l\u00e9gance et fonctionnalit\u00e9 pour sublimer votre salon et satisfaire vos clients.\",\"email\":\"contact@groupecoiff.com\",\"telephone\":\"0676951605\",\"legalName\":\"Groupe Coiff\",\"foundingDate\":\"2022-11-16\",\"vatID\":\"FR84921406419\",\"taxID\":\"92140641900025\"},{\"@type\":\"Person\",\"@id\":\"https:\\\/\\\/groupecoiff.com\\\/#\\\/schema\\\/person\\\/538fefee969d51dc276f4bc8e2999ed1\",\"name\":\"Amor\",\"image\":{\"@type\":\"ImageObject\",\"inLanguage\":\"en-US\",\"@id\":\"https:\\\/\\\/secure.gravatar.com\\\/avatar\\\/fdf8e7f93c3cebbb6c0def2f56c8fc73519ae24e81b173352796906b06afe5b4?s=96&d=mm&r=g\",\"url\":\"https:\\\/\\\/secure.gravatar.com\\\/avatar\\\/fdf8e7f93c3cebbb6c0def2f56c8fc73519ae24e81b173352796906b06afe5b4?s=96&d=mm&r=g\",\"contentUrl\":\"https:\\\/\\\/secure.gravatar.com\\\/avatar\\\/fdf8e7f93c3cebbb6c0def2f56c8fc73519ae24e81b173352796906b06afe5b4?s=96&d=mm&r=g\",\"caption\":\"Amor\"},\"sameAs\":[\"https:\\\/\\\/groupecoiff.com\\\/\"]}]}<\/script>\n<!-- \/ Yoast SEO Premium plugin. -->","yoast_head_json":{"title":"The importance of children's styling chairs - Groupe Coiff","description":"Choose styling chairs specially designed for children. Make their salon experience more fun and less stressful.","robots":{"index":"index","follow":"follow","max-snippet":"max-snippet:-1","max-image-preview":"max-image-preview:large","max-video-preview":"max-video-preview:-1"},"canonical":"https:\/\/groupecoiff.com\/en\/childrens-hairdressing-chairs-lallie-cosy-hairdressing-salons\/","og_locale":"en_US","og_type":"article","og_title":"Groupe Coiff - D\u00e9couvrez Nos Mobilier de Coiffure professionnel : Fauteuils de barbier, Miroirs LED et Plus encore","og_description":"Optimiser le Confort et l\u2019Efficacit\u00e9 : Mobilier de Coiffure Professionnel pour Salons. Le choix du mobilier de coiffure professionnel est fondamental pour l'exp\u00e9rience client dans un salon de coiffure. Un mobilier bien choisi combine fonctionnalit\u00e9 et esth\u00e9tique, cr\u00e9ant une ambiance accueillante et professionnelle tout en assurant le confort des clients et l'efficacit\u00e9 des coiffeurs. Dans cet article, nous explorerons les \u00e9l\u00e9ments cl\u00e9s du mobilier pour coiffeur et comment ils peuvent transformer votre salon de coiffure en un espace \u00e0 la fois attrayant et performant. Miroirs et Stations de Coiffage. Le miroir coiffeuse est central \u00e0 toute station de coiffage, permettant aux clients de voir leur transformation. Les coiffeuses avec miroir LED sont devenues incontournables gr\u00e2ce \u00e0 leur \u00e9clairage optimal pour les services de pr\u00e9cision. Ces miroirs am\u00e9liorent la visibilit\u00e9, ce qui facilite le travail des coiffeurs tout en cr\u00e9ant une ambiance sophistiqu\u00e9e. Confort et Style : Les Fauteuils de Coiffure. Un fauteuil coiffure est un pilier du mobilier de salon, alliant confort pour le client et fonctionnalit\u00e9 pour le coiffeur. Les fauteuils dot\u00e9s de repose-pied int\u00e9gr\u00e9 offrent un confort accru, tandis que les options comme le fauteuil de salon de coiffure ou le fauteuil barbier apportent une touche de style. Pour les budgets limit\u00e9s, des fauteuils coiffure pas chers sont disponibles sans sacrifier le confort. L'Importance des Bacs \u00e0 Shampoing. Les bacs \u00e0 shampoing, aussi connus comme bacs pour laver les cheveux, sont essentiels pour une exp\u00e9rience de lavage confortable et efficace. Un bac \u00e0 shampoing massant peut transformer le lavage des cheveux en un moment de d\u00e9tente, augmentant la satisfaction client. Ces bacs sont un choix id\u00e9al pour les salons qui veulent offrir une exp\u00e9rience de luxe. S\u00e9chage et Finition. Le casque pour s\u00e9cher les cheveux ou le s\u00e8che-cheveux casque est indispensable pour le coiffage. Ces appareils permettent un s\u00e9chage uniforme, tout en laissant les mains du coiffeur libres pour d'autres t\u00e2ches. Le chauffe-serviettes barbier est \u00e9galement un ajout appr\u00e9ci\u00e9, offrant un confort suppl\u00e9mentaire lors des traitements capillaires ou de rasage. Mobilier Compl\u00e9mentaire : Un chariot de coiffure est pratique pour garder \u00e0 port\u00e9e de main tous les accessoires n\u00e9cessaires pendant une s\u00e9ance. De plus, le comptoir coiffure et la caisse pour salon de coiffure sont cruciaux pour la gestion efficace du salon. Un agencement intelligent du salon de coiffure meuble am\u00e9liore non seulement l'organisation, mais contribue aussi \u00e0 une d\u00e9coration salon de coiffure coh\u00e9rente et attrayante. Agencement et D\u00e9coration L'agencement de salon de coiffure est crucial pour maximiser l'espace tout en cr\u00e9ant une atmosph\u00e8re agr\u00e9able. Les *tabourets coiffure, chaises de coiffeur, et si\u00e8ges pour salon de coiffure doivent \u00eatre dispos\u00e9s pour faciliter la circulation et l'interaction. Les d\u00e9tails de d\u00e9coration, tels que le repose-pied pour salon de coiffure, ajoutent une touche de luxe et de confort. Conclusion : Investir dans un mobilier pour salon de coiffure de qualit\u00e9 est essentiel pour offrir une exp\u00e9rience client in\u00e9gal\u00e9e. Le mat\u00e9riel pour salon de coiffure bien choisi am\u00e9liore le confort des clients ainsi que l'efficacit\u00e9 et la satisfaction des coiffeurs. Que vous choisissiez un fauteuil barbier pas cher ou un lavabo coiffeur luxueux, chaque \u00e9l\u00e9ment contribue \u00e0 cr\u00e9er un environnement professionnel et accueillant. Groupe Coiff est fier de proposer une large gamme de mobilier de coiffure r\u00e9pondant aux besoins des salons modernes, garantissant que chaque salon est \u00e9quip\u00e9 pour r\u00e9ussir. Pour en savoir plus sur nos produits ou pour consulter notre catalogue complet, visitez notre site Web ou contactez notre \u00e9quipe d'experts. Investissez dans votre salon aujourd'hui et constatez la diff\u00e9rence qu'un mobilier de qualit\u00e9 peut apporter.","og_url":"https:\/\/groupecoiff.com\/en\/childrens-hairdressing-chairs-lallie-cosy-hairdressing-salons\/","og_site_name":"Groupe Coiff","article_publisher":"https:\/\/www.facebook.com\/GroupeCoiff","article_published_time":"2025-02-08T11:19:49+00:00","article_modified_time":"2025-06-23T09:12:38+00:00","og_image":[{"width":1152,"height":866,"url":"https:\/\/groupecoiff.com\/wp-content\/uploads\/2025\/02\/16df19f5-e8de-4020-8e8a-73803de2ee53.webp","type":"image\/webp"}],"author":"Amor","twitter_card":"summary_large_image","twitter_creator":"@groupecoiff","twitter_site":"@groupecoiff","twitter_misc":{"Written by":"Amor","Est. reading time":"4 minutes"},"schema":{"@context":"https:\/\/schema.org","@graph":[{"@type":"Article","@id":"https:\/\/groupecoiff.com\/fauteuils-de-coiffure-pour-enfant-lallie-des-salons-de-coiffure-accueillants\/#article","isPartOf":{"@id":"https:\/\/groupecoiff.com\/fauteuils-de-coiffure-pour-enfant-lallie-des-salons-de-coiffure-accueillants\/"},"author":{"name":"Amor","@id":"https:\/\/groupecoiff.com\/#\/schema\/person\/538fefee969d51dc276f4bc8e2999ed1"},"headline":"Fauteuils de coiffure pour enfant : l\u2019alli\u00e9 des salons de coiffure accueillants","datePublished":"2025-02-08T11:19:49+00:00","dateModified":"2025-06-23T09:12:38+00:00","mainEntityOfPage":{"@id":"https:\/\/groupecoiff.com\/fauteuils-de-coiffure-pour-enfant-lallie-des-salons-de-coiffure-accueillants\/"},"wordCount":562,"commentCount":0,"publisher":{"@id":"https:\/\/groupecoiff.com\/#organization"},"image":{"@id":"https:\/\/groupecoiff.com\/fauteuils-de-coiffure-pour-enfant-lallie-des-salons-de-coiffure-accueillants\/#primaryimage"},"thumbnailUrl":"https:\/\/groupecoiff.com\/wp-content\/uploads\/2025\/02\/16df19f5-e8de-4020-8e8a-73803de2ee53.webp","articleSection":["Autre"],"inLanguage":"en-US","potentialAction":[{"@type":"CommentAction","name":"Comment","target":["https:\/\/groupecoiff.com\/fauteuils-de-coiffure-pour-enfant-lallie-des-salons-de-coiffure-accueillants\/#respond"]}],"copyrightYear":"2025","copyrightHolder":{"@id":"https:\/\/groupecoiff.com\/en\/#organization"}},{"@type":"WebPage","@id":"https:\/\/groupecoiff.com\/fauteuils-de-coiffure-pour-enfant-lallie-des-salons-de-coiffure-accueillants\/","url":"https:\/\/groupecoiff.com\/fauteuils-de-coiffure-pour-enfant-lallie-des-salons-de-coiffure-accueillants\/","name":"The importance of children's styling chairs - Groupe Coiff","isPartOf":{"@id":"https:\/\/groupecoiff.com\/#website"},"primaryImageOfPage":{"@id":"https:\/\/groupecoiff.com\/fauteuils-de-coiffure-pour-enfant-lallie-des-salons-de-coiffure-accueillants\/#primaryimage"},"image":{"@id":"https:\/\/groupecoiff.com\/fauteuils-de-coiffure-pour-enfant-lallie-des-salons-de-coiffure-accueillants\/#primaryimage"},"thumbnailUrl":"https:\/\/groupecoiff.com\/wp-content\/uploads\/2025\/02\/16df19f5-e8de-4020-8e8a-73803de2ee53.webp","datePublished":"2025-02-08T11:19:49+00:00","dateModified":"2025-06-23T09:12:38+00:00","description":"Choose styling chairs specially designed for children. Make their salon experience more fun and less stressful.","breadcrumb":{"@id":"https:\/\/groupecoiff.com\/fauteuils-de-coiffure-pour-enfant-lallie-des-salons-de-coiffure-accueillants\/#breadcrumb"},"inLanguage":"en-US","potentialAction":[{"@type":"ReadAction","target":["https:\/\/groupecoiff.com\/fauteuils-de-coiffure-pour-enfant-lallie-des-salons-de-coiffure-accueillants\/"]}]},{"@type":"ImageObject","inLanguage":"en-US","@id":"https:\/\/groupecoiff.com\/fauteuils-de-coiffure-pour-enfant-lallie-des-salons-de-coiffure-accueillants\/#primaryimage","url":"https:\/\/groupecoiff.com\/wp-content\/uploads\/2025\/02\/16df19f5-e8de-4020-8e8a-73803de2ee53.webp","contentUrl":"https:\/\/groupecoiff.com\/wp-content\/uploads\/2025\/02\/16df19f5-e8de-4020-8e8a-73803de2ee53.webp","width":1152,"height":866,"caption":"16df19f5 e8de 4020 8e8a 73803de2ee53"},{"@type":"BreadcrumbList","@id":"https:\/\/groupecoiff.com\/fauteuils-de-coiffure-pour-enfant-lallie-des-salons-de-coiffure-accueillants\/#breadcrumb","itemListElement":[{"@type":"ListItem","position":1,"name":"Accueil","item":"https:\/\/groupecoiff.com\/"},{"@type":"ListItem","position":2,"name":"Fauteuils de coiffure pour enfant : l\u2019alli\u00e9 des salons de coiffure accueillants"}]},{"@type":"WebSite","@id":"https:\/\/groupecoiff.com\/#website","url":"https:\/\/groupecoiff.com\/","name":"Coiff Group","description":"Everything for the hairdresser","publisher":{"@id":"https:\/\/groupecoiff.com\/#organization"},"potentialAction":[{"@type":"SearchAction","target":{"@type":"EntryPoint","urlTemplate":"https:\/\/groupecoiff.com\/?s={search_term_string}"},"query-input":{"@type":"PropertyValueSpecification","valueRequired":true,"valueName":"search_term_string"}}],"inLanguage":"en-US"},{"@type":"Organization","@id":"https:\/\/groupecoiff.com\/#organization","name":"Coiff Group","alternateName":"Groupe Coiff : Le Mobilier De Coiffure Haut de Gamme Pour Une \u00c9l\u00e9gance In\u00e9gal\u00e9e","url":"https:\/\/groupecoiff.com\/","logo":{"@type":"ImageObject","inLanguage":"en-US","@id":"https:\/\/groupecoiff.com\/#\/schema\/logo\/image\/","url":"https:\/\/groupecoiff.com\/wp-content\/uploads\/2024\/01\/cropped-Groupe-Coiff-Logo.webp","contentUrl":"https:\/\/groupecoiff.com\/wp-content\/uploads\/2024\/01\/cropped-Groupe-Coiff-Logo.webp","width":512,"height":512,"caption":"Groupe Coiff"},"image":{"@id":"https:\/\/groupecoiff.com\/#\/schema\/logo\/image\/"},"sameAs":["https:\/\/www.facebook.com\/GroupeCoiff","https:\/\/x.com\/groupecoiff","https:\/\/www.instagram.com\/groupecoiff\/","https:\/\/www.tiktok.com\/@groupecoiff","https:\/\/www.youtube.com\/@groupecoiff","https:\/\/twitter.com\/groupecoiff","https:\/\/www.leboncoin.fr\/boutique\/3961302\/groupe_coiff.htm"],"description":"Discover Groupe Coiff's top-of-the-range hairdressing furniture, combining elegance and functionality to enhance your salon and satisfy your customers.","email":"contact@groupecoiff.com","telephone":"0676951605","legalName":"Groupe Coiff","foundingDate":"2022-11-16","vatID":"FR84921406419","taxID":"92140641900025"},{"@type":"Person","@id":"https:\/\/groupecoiff.com\/#\/schema\/person\/538fefee969d51dc276f4bc8e2999ed1","name":"Amor","image":{"@type":"ImageObject","inLanguage":"en-US","@id":"https:\/\/secure.gravatar.com\/avatar\/fdf8e7f93c3cebbb6c0def2f56c8fc73519ae24e81b173352796906b06afe5b4?s=96&d=mm&r=g","url":"https:\/\/secure.gravatar.com\/avatar\/fdf8e7f93c3cebbb6c0def2f56c8fc73519ae24e81b173352796906b06afe5b4?s=96&d=mm&r=g","contentUrl":"https:\/\/secure.gravatar.com\/avatar\/fdf8e7f93c3cebbb6c0def2f56c8fc73519ae24e81b173352796906b06afe5b4?s=96&d=mm&r=g","caption":"Amor"},"sameAs":["https:\/\/groupecoiff.com\/"]}]}},"jetpack_publicize_connections":[],"jetpack_featured_media_url":"https:\/\/groupecoiff.com\/wp-content\/uploads\/2025\/02\/16df19f5-e8de-4020-8e8a-73803de2ee53.webp","jetpack_likes_enabled":true,"jetpack_sharing_enabled":true,"jetpack_shortlink":"https:\/\/wp.me\/peKCQ7-9TJ","_links":{"self":[{"href":"https:\/\/groupecoiff.com\/en\/wp-json\/wp\/v2\/posts\/38051","targetHints":{"allow":["GET"]}}],"collection":[{"href":"https:\/\/groupecoiff.com\/en\/wp-json\/wp\/v2\/posts"}],"about":[{"href":"https:\/\/groupecoiff.com\/en\/wp-json\/wp\/v2\/types\/post"}],"author":[{"embeddable":true,"href":"https:\/\/groupecoiff.com\/en\/wp-json\/wp\/v2\/users\/2"}],"replies":[{"embeddable":true,"href":"https:\/\/groupecoiff.com\/en\/wp-json\/wp\/v2\/comments?post=38051"}],"version-history":[{"count":0,"href":"https:\/\/groupecoiff.com\/en\/wp-json\/wp\/v2\/posts\/38051\/revisions"}],"wp:featuredmedia":[{"embeddable":true,"href":"https:\/\/groupecoiff.com\/en\/wp-json\/wp\/v2\/media\/38079"}],"wp:attachment":[{"href":"https:\/\/groupecoiff.com\/en\/wp-json\/wp\/v2\/media?parent=38051"}],"wp:term":[{"taxonomy":"category","embeddable":true,"href":"https:\/\/groupecoiff.com\/en\/wp-json\/wp\/v2\/categories?post=38051"},{"taxonomy":"post_tag","embeddable":true,"href":"https:\/\/groupecoiff.com\/en\/wp-json\/wp\/v2\/tags?post=38051"}],"curies":[{"name":"wp","href":"https:\/\/api.w.org\/{rel}","templated":true}]}}