{"id":42613,"date":"2025-06-23T11:07:42","date_gmt":"2025-06-23T09:07:42","guid":{"rendered":"https:\/\/groupecoiff.com\/?p=42613"},"modified":"2025-10-24T22:46:06","modified_gmt":"2025-10-24T20:46:06","slug":"revolutionnez-votre-salon-linvestissement-strategique-dans-un-bac-a-shampoing-professionnel","status":"publish","type":"post","link":"https:\/\/groupecoiff.com\/en\/revolutionnez-votre-salon-linvestissement-strategique-dans-un-bac-a-shampoing-professionnel\/","title":{"rendered":"Revolutionize Your Salon: The Strategic Investment in a Professional Shampoo Basin"},"content":{"rendered":"<p>Dans l&rsquo;univers comp\u00e9titif des salons de coiffure et instituts de beaut\u00e9, chaque d\u00e9tail compte pour se d\u00e9marquer. Le <a href=\"https:\/\/groupecoiff.com\/en\/product-category\/wash-tank\/\">wash basin for hairdressing salon<\/a> n&rsquo;est plus un simple \u00e9quipement ; il est le point de d\u00e9part d&rsquo;une exp\u00e9rience client m\u00e9morable, un sanctuaire de d\u00e9tente qui refl\u00e8te l&rsquo;excellence de votre \u00e9tablissement. Chez Groupe Coiff, nous avons red\u00e9fini le standard du bac \u00e0 shampoing professionnel, en cr\u00e9ant des pi\u00e8ces qui fusionnent innovation technologique, confort absolu et design intemporel. Choisir un bac de lavage haut de gamme de notre collection, c&rsquo;est investir dans la fid\u00e9lisation de votre client\u00e8le et l&rsquo;efficacit\u00e9 op\u00e9rationnelle de votre salon.<\/p>\n\n\n\n<figure class=\"wp-block-image size-large is-resized\"><img loading=\"lazy\" decoding=\"async\" width=\"1024\" height=\"683\" data-attachment-id=\"42616\" data-permalink=\"https:\/\/groupecoiff.com\/en\/revolutionnez-votre-salon-linvestissement-strategique-dans-un-bac-a-shampoing-professionnel\/bac-de-lavage-pour-salon-de-coiffure-2\/\" data-orig-file=\"https:\/\/groupecoiff.com\/wp-content\/uploads\/2025\/06\/bac-de-lavage-pour-salon-de-coiffure-1.webp\" data-orig-size=\"1200,800\" data-comments-opened=\"1\" data-image-meta=\"{&quot;aperture&quot;:&quot;0&quot;,&quot;credit&quot;:&quot;&quot;,&quot;camera&quot;:&quot;&quot;,&quot;caption&quot;:&quot;&quot;,&quot;created_timestamp&quot;:&quot;0&quot;,&quot;copyright&quot;:&quot;&quot;,&quot;focal_length&quot;:&quot;0&quot;,&quot;iso&quot;:&quot;0&quot;,&quot;shutter_speed&quot;:&quot;0&quot;,&quot;title&quot;:&quot;&quot;,&quot;orientation&quot;:&quot;0&quot;}\" data-image-title=\"R\u00e9volutionnez votre salon : l&amp;rsquo;investissement strat\u00e9gique dans un bac \u00e0 shampoing professionnel groupe coiff\" data-image-description=\"&lt;p&gt;Bac de lavage pour salon de coiffure&lt;\/p&gt;\" data-image-caption=\"&lt;p&gt;Bac de lavage pour salon de coiffure&lt;\/p&gt;\" data-large-file=\"https:\/\/groupecoiff.com\/wp-content\/uploads\/2025\/06\/bac-de-lavage-pour-salon-de-coiffure-1-1024x683.webp\" src=\"https:\/\/groupecoiff.com\/wp-content\/uploads\/2025\/06\/bac-de-lavage-pour-salon-de-coiffure-1-1024x683.webp?wsr\" alt=\"Revolutionize your salon: the strategic investment in a groupe coiff professional shampoo unit\" class=\"wp-image-42616\" style=\"object-fit:cover;width:1200px;height:800px\" title=\"Children&#039;s styling chairs: the ally of welcoming salons\" srcset=\"https:\/\/groupecoiff.com\/wp-content\/uploads\/2025\/06\/bac-de-lavage-pour-salon-de-coiffure-1-1024x683.webp 1024w, https:\/\/groupecoiff.com\/wp-content\/uploads\/2025\/06\/bac-de-lavage-pour-salon-de-coiffure-1-300x200.webp 300w, https:\/\/groupecoiff.com\/wp-content\/uploads\/2025\/06\/bac-de-lavage-pour-salon-de-coiffure-1-768x512.webp 768w, https:\/\/groupecoiff.com\/wp-content\/uploads\/2025\/06\/bac-de-lavage-pour-salon-de-coiffure-1-18x12.webp 18w, https:\/\/groupecoiff.com\/wp-content\/uploads\/2025\/06\/bac-de-lavage-pour-salon-de-coiffure-1-250x167.webp 250w, https:\/\/groupecoiff.com\/wp-content\/uploads\/2025\/06\/bac-de-lavage-pour-salon-de-coiffure-1-64x43.webp 64w, https:\/\/groupecoiff.com\/wp-content\/uploads\/2025\/06\/bac-de-lavage-pour-salon-de-coiffure-1.webp 1200w\" sizes=\"auto, (max-width: 1024px) 100vw, 1024px\" \/><\/figure>\n\n\n\n<h2 class=\"wp-block-heading has-text-align-left\" id=\"h-le-confort-reinvente-au-dela-du-simple-lavage\">Le Confort R\u00e9invent\u00e9 : Au-del\u00e0 du Simple Lavage<\/h2>\n\n\n\n<p class=\"has-text-align-left\">Le moment du shampoing est une opportunit\u00e9 pr\u00e9cieuse d&rsquo;offrir une parenth\u00e8se de pur bien-\u00eatre. Nos bacs sont m\u00e9ticuleusement con\u00e7us pour une ergonomie parfaite, assurant une posture id\u00e9ale pour le client et une aisance de travail pour le coiffeur. <\/p>\n\n\n\n<p class=\"has-text-align-left\">Imaginez vos clients se d\u00e9lectant dans un bac \u00e0 shampoing massant, les tensions s&rsquo;\u00e9vaporant gr\u00e2ce \u00e0 des fonctions de massage int\u00e9gr\u00e9es. Certains de nos mod\u00e8les int\u00e8grent m\u00eame le bac de lavage Shiatsu, transformant cette \u00e9tape fonctionnelle en un v\u00e9ritable soin relaxant gr\u00e2ce \u00e0 des massages cibl\u00e9s qui procurent une d\u00e9tente profonde. <\/p>\n\n\n\n<p class=\"has-text-align-left\">La mousse haute densit\u00e9 de nos assises garantit un soutien optimal et une r\u00e9sistance \u00e0 l&rsquo;usure exceptionnelle, assurant un confort durable et une long\u00e9vit\u00e9 \u00e0 toute \u00e9preuve pour votre mobilier de coiffure professionnel.<\/p>\n\n\n\n<figure class=\"wp-block-image size-full is-resized\"><img loading=\"lazy\" decoding=\"async\" width=\"1200\" height=\"800\" data-attachment-id=\"42617\" data-permalink=\"https:\/\/groupecoiff.com\/en\/revolutionnez-votre-salon-linvestissement-strategique-dans-un-bac-a-shampoing-professionnel\/salon-de-coiffure\/\" data-orig-file=\"https:\/\/groupecoiff.com\/wp-content\/uploads\/2025\/06\/Salon-de-coiffure.webp\" data-orig-size=\"1200,800\" data-comments-opened=\"1\" data-image-meta=\"{&quot;aperture&quot;:&quot;0&quot;,&quot;credit&quot;:&quot;&quot;,&quot;camera&quot;:&quot;&quot;,&quot;caption&quot;:&quot;&quot;,&quot;created_timestamp&quot;:&quot;0&quot;,&quot;copyright&quot;:&quot;&quot;,&quot;focal_length&quot;:&quot;0&quot;,&quot;iso&quot;:&quot;0&quot;,&quot;shutter_speed&quot;:&quot;0&quot;,&quot;title&quot;:&quot;&quot;,&quot;orientation&quot;:&quot;0&quot;}\" data-image-title=\"R\u00e9volutionnez votre salon : l&amp;rsquo;investissement strat\u00e9gique dans un bac \u00e0 shampoing professionnel groupe coiff\" data-image-description=\"&lt;p&gt;Salon de coiffure&lt;\/p&gt;\" data-image-caption=\"&lt;p&gt;Salon de coiffure&lt;\/p&gt;\" data-large-file=\"https:\/\/groupecoiff.com\/wp-content\/uploads\/2025\/06\/Salon-de-coiffure-1024x683.webp\" src=\"https:\/\/groupecoiff.com\/wp-content\/uploads\/2025\/06\/Salon-de-coiffure.webp?wsr\" alt=\"Revolutionize your salon: the strategic investment in a groupe coiff professional shampoo unit\" class=\"wp-image-42617\" style=\"object-fit:cover;width:1200px;height:800px\" title=\"Children&#039;s styling chairs: the ally of welcoming salons\" srcset=\"https:\/\/groupecoiff.com\/wp-content\/uploads\/2025\/06\/Salon-de-coiffure.webp 1200w, https:\/\/groupecoiff.com\/wp-content\/uploads\/2025\/06\/Salon-de-coiffure-300x200.webp 300w, https:\/\/groupecoiff.com\/wp-content\/uploads\/2025\/06\/Salon-de-coiffure-1024x683.webp 1024w, https:\/\/groupecoiff.com\/wp-content\/uploads\/2025\/06\/Salon-de-coiffure-768x512.webp 768w, https:\/\/groupecoiff.com\/wp-content\/uploads\/2025\/06\/Salon-de-coiffure-18x12.webp 18w, https:\/\/groupecoiff.com\/wp-content\/uploads\/2025\/06\/Salon-de-coiffure-250x167.webp 250w, https:\/\/groupecoiff.com\/wp-content\/uploads\/2025\/06\/Salon-de-coiffure-64x43.webp 64w\" sizes=\"auto, (max-width: 1200px) 100vw, 1200px\" \/><\/figure>\n\n\n\n<h2 class=\"wp-block-heading has-text-align-left\" id=\"h-notre-collection-signature-des-bacs-de-lavage-faconnes-pour-l-excellence\">Notre Collection Signature : Des Bacs de Lavage Fa\u00e7onn\u00e9s pour l&rsquo;Excellence<\/h2>\n\n\n\n<p class=\"has-text-align-left\">Chez <a href=\"https:\/\/groupecoiff.com\/en\/\"><strong>Coiff Group<\/strong><\/a>, nous sommes fiers de vous pr\u00e9senter une gamme diversifi\u00e9e de bacs de lavage qui s&rsquo;adaptent \u00e0 toutes les configurations et tous les styles de salons. Chaque mod\u00e8le est une promesse de qualit\u00e9, de performance et de distinction :<\/p>\n\n\n\n<figure class=\"wp-block-image size-large is-resized\"><img loading=\"lazy\" decoding=\"async\" width=\"1024\" height=\"683\" data-attachment-id=\"42618\" data-permalink=\"https:\/\/groupecoiff.com\/en\/revolutionnez-votre-salon-linvestissement-strategique-dans-un-bac-a-shampoing-professionnel\/bac-de-lavage-rialto\/\" data-orig-file=\"https:\/\/groupecoiff.com\/wp-content\/uploads\/2025\/06\/bac-de-lavage-Rialto.webp\" data-orig-size=\"1200,800\" data-comments-opened=\"1\" data-image-meta=\"{&quot;aperture&quot;:&quot;0&quot;,&quot;credit&quot;:&quot;&quot;,&quot;camera&quot;:&quot;&quot;,&quot;caption&quot;:&quot;&quot;,&quot;created_timestamp&quot;:&quot;0&quot;,&quot;copyright&quot;:&quot;&quot;,&quot;focal_length&quot;:&quot;0&quot;,&quot;iso&quot;:&quot;0&quot;,&quot;shutter_speed&quot;:&quot;0&quot;,&quot;title&quot;:&quot;&quot;,&quot;orientation&quot;:&quot;0&quot;}\" data-image-title=\"R\u00e9volutionnez votre salon : l&amp;rsquo;investissement strat\u00e9gique dans un bac \u00e0 shampoing professionnel groupe coiff\" data-image-description=\"&lt;p&gt;Bac de lavage rialto&lt;\/p&gt;\" data-image-caption=\"&lt;p&gt;Bac de lavage rialto&lt;\/p&gt;\" data-large-file=\"https:\/\/groupecoiff.com\/wp-content\/uploads\/2025\/06\/bac-de-lavage-Rialto-1024x683.webp\" src=\"https:\/\/groupecoiff.com\/wp-content\/uploads\/2025\/06\/bac-de-lavage-Rialto-1024x683.webp?wsr\" alt=\"Revolutionize your salon: the strategic investment in a groupe coiff professional shampoo unit\" class=\"wp-image-42618\" style=\"object-fit:cover;width:1200px;height:800px\" title=\"Children&#039;s styling chairs: the ally of welcoming salons\" srcset=\"https:\/\/groupecoiff.com\/wp-content\/uploads\/2025\/06\/bac-de-lavage-Rialto-1024x683.webp 1024w, https:\/\/groupecoiff.com\/wp-content\/uploads\/2025\/06\/bac-de-lavage-Rialto-300x200.webp 300w, https:\/\/groupecoiff.com\/wp-content\/uploads\/2025\/06\/bac-de-lavage-Rialto-768x512.webp 768w, https:\/\/groupecoiff.com\/wp-content\/uploads\/2025\/06\/bac-de-lavage-Rialto-18x12.webp 18w, https:\/\/groupecoiff.com\/wp-content\/uploads\/2025\/06\/bac-de-lavage-Rialto-250x167.webp 250w, https:\/\/groupecoiff.com\/wp-content\/uploads\/2025\/06\/bac-de-lavage-Rialto-64x43.webp 64w, https:\/\/groupecoiff.com\/wp-content\/uploads\/2025\/06\/bac-de-lavage-Rialto.webp 1200w\" sizes=\"auto, (max-width: 1024px) 100vw, 1024px\" \/><\/figure>\n\n\n\n<h2 class=\"wp-block-heading has-text-align-left\" id=\"h-le-bac-ohana-m-l-invitation-a-la-relaxation-profonde\">Le Bac OHANA M : L&rsquo;Invitation \u00e0 la Relaxation Profonde<\/h2>\n\n\n\n<p class=\"has-text-align-left\">Visit<strong> <a href=\"https:\/\/groupecoiff.com\/en\/product-2\/ohana-m-shampoo-container\/\">bac \u00e0 shampoing OHANA M<\/a><\/strong> est un mod\u00e8le allong\u00e9, sp\u00e9cifiquement con\u00e7u pour offrir une relaxation maximale en salon. Il propose un support pour la t\u00eate et une position allong\u00e9e pour un confort in\u00e9gal\u00e9, transformant le shampoing en un v\u00e9ritable rituel de bien-\u00eatre.<\/p>\n\n\n\n<p class=\"has-text-align-left\">Robuste et durable pour un usage intensif, il est 100% personnalisable pour s&rsquo;adapter au style de votre salon, avec une option de vibromassage pour une d\u00e9tente suppl\u00e9mentaire. Ses dimensions (H 101 cm, P 183 cm, L 51 cm) sont id\u00e9ales pour cr\u00e9er un espace de soin enveloppant.<\/p>\n\n\n\n\n\n<h2 class=\"wp-block-heading has-text-align-left\" id=\"h-le-bac-prisma-ceriotti-l-innovation-modulable-pour-une-detente-totale\">Le Bac PRISMA CERIOTTI : L&rsquo;Innovation Modulable pour une D\u00e9tente Totale<\/h2>\n\n\n\n<p class=\"has-text-align-left\">Visit <a href=\"https:\/\/groupecoiff.com\/en\/product-2\/bac-a-shampoing-prisma-ceriotti\/\"><strong>bac \u00e0 shampoing PRISMA CERIOTTI<\/strong><\/a> est la solution parfaite pour les salons modernes, combinant confort, innovation et esth\u00e9tique. Il est disponible en trois versions : \u00ab\u00a0Basique\u00a0\u00bb, \u00ab\u00a0Relax\u00a0\u00bb (avec repose-jambes \u00e9lectrique) et \u00ab\u00a0Luxe\u00a0\u00bb (avec repose-jambes \u00e9lectrique et fonction de massage Shiatsu).<\/p>\n\n\n\n<p class=\"has-text-align-left\">Sa vasque s&rsquo;adapte \u00e0 toutes les morphologies, et sa position allong\u00e9e soulage la nuque et les jambes pour une d\u00e9tente optimale.<\/p>\n\n\n\n<p class=\"has-text-align-left\">Son rev\u00eatement en ska\u00ef, r\u00e9sistant \u00e0 l&rsquo;usure, est personnalisable avec de nombreux coloris, et vous pouvez m\u00eame y int\u00e9grer votre logo pour une signature unique.<\/p>\n\n\n\n<figure class=\"wp-block-image alignleft size-large is-resized\"><img loading=\"lazy\" decoding=\"async\" width=\"1024\" height=\"512\" data-attachment-id=\"42620\" data-permalink=\"https:\/\/groupecoiff.com\/en\/revolutionnez-votre-salon-linvestissement-strategique-dans-un-bac-a-shampoing-professionnel\/prisma-1\/\" data-orig-file=\"https:\/\/groupecoiff.com\/wp-content\/uploads\/2025\/06\/prisma-1.jpg\" data-orig-size=\"1200,600\" data-comments-opened=\"1\" data-image-meta=\"{&quot;aperture&quot;:&quot;0&quot;,&quot;credit&quot;:&quot;&quot;,&quot;camera&quot;:&quot;&quot;,&quot;caption&quot;:&quot;&quot;,&quot;created_timestamp&quot;:&quot;0&quot;,&quot;copyright&quot;:&quot;&quot;,&quot;focal_length&quot;:&quot;0&quot;,&quot;iso&quot;:&quot;0&quot;,&quot;shutter_speed&quot;:&quot;0&quot;,&quot;title&quot;:&quot;&quot;,&quot;orientation&quot;:&quot;1&quot;}\" data-image-title=\"R\u00e9volutionnez votre salon : l&amp;rsquo;investissement strat\u00e9gique dans un bac \u00e0 shampoing professionnel groupe coiff\" data-image-description=\"&lt;p&gt;Prisma 1&lt;\/p&gt;\" data-image-caption=\"&lt;p&gt;Prisma 1&lt;\/p&gt;\" data-large-file=\"https:\/\/groupecoiff.com\/wp-content\/uploads\/2025\/06\/prisma-1-1024x512.jpg\" src=\"https:\/\/groupecoiff.com\/wp-content\/uploads\/2025\/06\/prisma-1-1024x512.jpg?wsr\" alt=\"Revolutionize your salon: the strategic investment in a groupe coiff professional shampoo unit\" class=\"wp-image-42620\" style=\"object-fit:cover;width:1200px;height:800px\" title=\"Children&#039;s styling chairs: the ally of welcoming salons\" srcset=\"https:\/\/groupecoiff.com\/wp-content\/uploads\/2025\/06\/prisma-1-1024x512.jpg 1024w, https:\/\/groupecoiff.com\/wp-content\/uploads\/2025\/06\/prisma-1-300x150.jpg 300w, https:\/\/groupecoiff.com\/wp-content\/uploads\/2025\/06\/prisma-1-768x384.jpg 768w, https:\/\/groupecoiff.com\/wp-content\/uploads\/2025\/06\/prisma-1-18x9.jpg 18w, https:\/\/groupecoiff.com\/wp-content\/uploads\/2025\/06\/prisma-1-250x125.jpg 250w, https:\/\/groupecoiff.com\/wp-content\/uploads\/2025\/06\/prisma-1-64x32.jpg 64w, https:\/\/groupecoiff.com\/wp-content\/uploads\/2025\/06\/prisma-1.jpg 1200w\" sizes=\"auto, (max-width: 1024px) 100vw, 1024px\" \/><\/figure>\n\n\n\n<h2 class=\"wp-block-heading\" id=\"h-le-bac-abla-holly-l-elegance-personnalisable-livree-rapidement\">Le Bac ABLA ( Holly) : L&rsquo;\u00c9l\u00e9gance Personnalisable, Livr\u00e9e Rapidement<\/h2>\n\n\n\n<p>Visit <a href=\"https:\/\/groupecoiff.com\/en\/product-2\/bac-a-shampoing-professionnel-abla\/\"><strong>bac \u00e0 Shampoing professionnel ABLA<\/strong><\/a> incarne le raffinement et le confort absolu. Pour les plus press\u00e9s, sa version standard (rev\u00eatement noir avec couture noire ou dor\u00e9e) est livrable en express sous 7 jours.<\/p>\n\n\n\n<p>Pour une int\u00e9gration parfaite \u00e0 votre d\u00e9cor, il offre une personnalisation in\u00e9gal\u00e9e avec 59 couleurs de rev\u00eatement, des vasques en c\u00e9ramique blanche ou noire, des coutures contrast\u00e9es et une robinetterie chrom\u00e9e ou dor\u00e9e. <\/p>\n\n\n\n<p>Ses accoudoirs ergonomiques et l&rsquo;option de massage vibromassant en font une exp\u00e9rience de soin haut de gamme. Ses dimensions (Long. 126 cm, Larg. 73 cm, Haut. 104 cm) sont pens\u00e9es pour s&rsquo;int\u00e9grer harmonieusement \u00e0 votre espace.<\/p>\n\n\n\n<figure class=\"wp-block-image size-large is-resized\"><img loading=\"lazy\" decoding=\"async\" width=\"1024\" height=\"512\" data-attachment-id=\"42621\" data-permalink=\"https:\/\/groupecoiff.com\/en\/revolutionnez-votre-salon-linvestissement-strategique-dans-un-bac-a-shampoing-professionnel\/holly_news\/\" data-orig-file=\"https:\/\/groupecoiff.com\/wp-content\/uploads\/2025\/06\/holly_news.webp\" data-orig-size=\"1200,600\" data-comments-opened=\"1\" data-image-meta=\"{&quot;aperture&quot;:&quot;0&quot;,&quot;credit&quot;:&quot;&quot;,&quot;camera&quot;:&quot;&quot;,&quot;caption&quot;:&quot;&quot;,&quot;created_timestamp&quot;:&quot;0&quot;,&quot;copyright&quot;:&quot;&quot;,&quot;focal_length&quot;:&quot;0&quot;,&quot;iso&quot;:&quot;0&quot;,&quot;shutter_speed&quot;:&quot;0&quot;,&quot;title&quot;:&quot;&quot;,&quot;orientation&quot;:&quot;0&quot;}\" data-image-title=\"R\u00e9volutionnez votre salon : l&amp;rsquo;investissement strat\u00e9gique dans un bac \u00e0 shampoing professionnel groupe coiff\" data-image-description=\"&lt;p&gt;Holly news&lt;\/p&gt;\" data-image-caption=\"&lt;p&gt;Holly news&lt;\/p&gt;\" data-large-file=\"https:\/\/groupecoiff.com\/wp-content\/uploads\/2025\/06\/holly_news-1024x512.webp\" src=\"https:\/\/groupecoiff.com\/wp-content\/uploads\/2025\/06\/holly_news-1024x512.webp?wsr\" alt=\"Revolutionize your salon: the strategic investment in a groupe coiff professional shampoo unit\" class=\"wp-image-42621\" style=\"object-fit:cover;width:1200px;height:600px\" title=\"Revolutionize your salon: the strategic investment in a groupe coiff professional shampoo unit\" srcset=\"https:\/\/groupecoiff.com\/wp-content\/uploads\/2025\/06\/holly_news-1024x512.webp 1024w, https:\/\/groupecoiff.com\/wp-content\/uploads\/2025\/06\/holly_news-300x150.webp 300w, https:\/\/groupecoiff.com\/wp-content\/uploads\/2025\/06\/holly_news-768x384.webp 768w, https:\/\/groupecoiff.com\/wp-content\/uploads\/2025\/06\/holly_news-18x9.webp 18w, https:\/\/groupecoiff.com\/wp-content\/uploads\/2025\/06\/holly_news-250x125.webp 250w, https:\/\/groupecoiff.com\/wp-content\/uploads\/2025\/06\/holly_news-64x32.webp 64w, https:\/\/groupecoiff.com\/wp-content\/uploads\/2025\/06\/holly_news.webp 1200w\" sizes=\"auto, (max-width: 1024px) 100vw, 1024px\" \/><\/figure>\n\n\n\n<h2 class=\"wp-block-heading\" id=\"h-le-bac-electrique-hera-le-maitre-de-l-ajustabilite\">Le Bac \u00c9lectrique HERA : Le Ma\u00eetre de l&rsquo;Ajustabilit\u00e9<\/h2>\n\n\n\n<p>Visit <a href=\"https:\/\/groupecoiff.com\/en\/product-2\/hera-electric-shampoo-tub\/\"><strong>bac \u00e0 shampoing \u00e9lectrique HERA<\/strong><\/a> est une solution r\u00e9solument haut de gamme, se distinguant par sa structure robuste et ses fonctionnalit\u00e9s \u00e9lectriques avanc\u00e9es.<\/p>\n\n\n\n<p>Son repose-pieds et son dossier sont r\u00e9glables \u00e9lectriquement, permettant des ajustements verticaux et horizontaux pour un confort client sur mesure et une ergonomie optimale pour le coiffeur.<\/p>\n\n\n\n<p>Fabriqu\u00e9 avec une structure en m\u00e9tal thermolaqu\u00e9 noir et un poly-cuir PVC ignifuge, il est certifi\u00e9 REACH et garantit une durabilit\u00e9 exceptionnelle. Ses dimensions pr\u00e9cises (Hauteur r\u00e9glable de 90 \u00e0 105 cm, Longueur de 143 \u00e0 176 cm, Largeur 75 cm) facilitent l&rsquo;am\u00e9nagement de votre salon<\/p>\n\n\n\n<figure class=\"wp-block-image size-large is-resized\"><img loading=\"lazy\" decoding=\"async\" width=\"1024\" height=\"683\" data-attachment-id=\"42622\" data-permalink=\"https:\/\/groupecoiff.com\/en\/revolutionnez-votre-salon-linvestissement-strategique-dans-un-bac-a-shampoing-professionnel\/hera-b-ambient-medium\/\" data-orig-file=\"https:\/\/groupecoiff.com\/wp-content\/uploads\/2025\/06\/Hera-B-Ambient-Medium.webp\" data-orig-size=\"1200,800\" data-comments-opened=\"1\" data-image-meta=\"{&quot;aperture&quot;:&quot;0&quot;,&quot;credit&quot;:&quot;&quot;,&quot;camera&quot;:&quot;&quot;,&quot;caption&quot;:&quot;&quot;,&quot;created_timestamp&quot;:&quot;0&quot;,&quot;copyright&quot;:&quot;&quot;,&quot;focal_length&quot;:&quot;0&quot;,&quot;iso&quot;:&quot;0&quot;,&quot;shutter_speed&quot;:&quot;0&quot;,&quot;title&quot;:&quot;&quot;,&quot;orientation&quot;:&quot;0&quot;}\" data-image-title=\"R\u00e9volutionnez votre salon : l&amp;rsquo;investissement strat\u00e9gique dans un bac \u00e0 shampoing professionnel groupe coiff\" data-image-description=\"&lt;p&gt;Hera b ambient medium&lt;\/p&gt;\" data-image-caption=\"&lt;p&gt;Hera b ambient medium&lt;\/p&gt;\" data-large-file=\"https:\/\/groupecoiff.com\/wp-content\/uploads\/2025\/06\/Hera-B-Ambient-Medium-1024x683.webp\" src=\"https:\/\/groupecoiff.com\/wp-content\/uploads\/2025\/06\/Hera-B-Ambient-Medium-1024x683.webp?wsr\" alt=\"Revolutionize your salon: the strategic investment in a groupe coiff professional shampoo unit\" class=\"wp-image-42622\" style=\"object-fit:cover;width:1200px;height:800px\" title=\"Revolutionize your salon: the strategic investment in a groupe coiff professional shampoo unit\" srcset=\"https:\/\/groupecoiff.com\/wp-content\/uploads\/2025\/06\/Hera-B-Ambient-Medium-1024x683.webp 1024w, https:\/\/groupecoiff.com\/wp-content\/uploads\/2025\/06\/Hera-B-Ambient-Medium-300x200.webp 300w, https:\/\/groupecoiff.com\/wp-content\/uploads\/2025\/06\/Hera-B-Ambient-Medium-768x512.webp 768w, https:\/\/groupecoiff.com\/wp-content\/uploads\/2025\/06\/Hera-B-Ambient-Medium-18x12.webp 18w, https:\/\/groupecoiff.com\/wp-content\/uploads\/2025\/06\/Hera-B-Ambient-Medium-250x167.webp 250w, https:\/\/groupecoiff.com\/wp-content\/uploads\/2025\/06\/Hera-B-Ambient-Medium-64x43.webp 64w, https:\/\/groupecoiff.com\/wp-content\/uploads\/2025\/06\/Hera-B-Ambient-Medium.webp 1200w\" sizes=\"auto, (max-width: 1024px) 100vw, 1024px\" \/><\/figure>\n\n\n\n<h2 class=\"wp-block-heading\" id=\"h-le-bac-espania-sofa-l-ingeniosite-du-double-poste\">Le Bac ESPANIA SOFA : L&rsquo;Ing\u00e9niosit\u00e9 du Double Poste<\/h2>\n\n\n\n<p>Visit <a href=\"https:\/\/groupecoiff.com\/en\/product-2\/bac-a-shampoing-espania\/\"><strong>bac de lavage ESPANIA SOFA<\/strong><\/a> allie un design intemporel \u00e0 un confort premium. Sa conception en \u00ab\u00a0version double\u00a0\u00bb est id\u00e9ale pour les salons souhaitant optimiser l&rsquo;espace et la productivit\u00e9, permettant de servir deux clients simultan\u00e9ment avec le m\u00eame niveau de luxe.<\/p>\n\n\n\n<p>Il offre une assise rembourr\u00e9e, des accoudoirs ergonomiques et une vasque ajustable. Enti\u00e8rement personnalisable avec 67 coloris de rev\u00eatement et des options de repose-pieds \u00e9lectrique ou de massage Shiatsu, il est fabriqu\u00e9 sur commande pour s&rsquo;adapter parfaitement \u00e0 votre vision.<\/p>\n\n\n\n<figure class=\"wp-block-image size-large is-resized\"><img loading=\"lazy\" decoding=\"async\" width=\"1024\" height=\"683\" data-attachment-id=\"42623\" data-permalink=\"https:\/\/groupecoiff.com\/en\/revolutionnez-votre-salon-linvestissement-strategique-dans-un-bac-a-shampoing-professionnel\/espania\/\" data-orig-file=\"https:\/\/groupecoiff.com\/wp-content\/uploads\/2025\/06\/ESPANIA.webp\" data-orig-size=\"1200,800\" data-comments-opened=\"1\" data-image-meta=\"{&quot;aperture&quot;:&quot;0&quot;,&quot;credit&quot;:&quot;&quot;,&quot;camera&quot;:&quot;&quot;,&quot;caption&quot;:&quot;&quot;,&quot;created_timestamp&quot;:&quot;0&quot;,&quot;copyright&quot;:&quot;&quot;,&quot;focal_length&quot;:&quot;0&quot;,&quot;iso&quot;:&quot;0&quot;,&quot;shutter_speed&quot;:&quot;0&quot;,&quot;title&quot;:&quot;&quot;,&quot;orientation&quot;:&quot;0&quot;}\" data-image-title=\"R\u00e9volutionnez votre salon : l&amp;rsquo;investissement strat\u00e9gique dans un bac \u00e0 shampoing professionnel groupe coiff\" data-image-description=\"&lt;p&gt;Espania&lt;\/p&gt;\" data-image-caption=\"&lt;p&gt;Espania&lt;\/p&gt;\" data-large-file=\"https:\/\/groupecoiff.com\/wp-content\/uploads\/2025\/06\/ESPANIA-1024x683.webp\" src=\"https:\/\/groupecoiff.com\/wp-content\/uploads\/2025\/06\/ESPANIA-1024x683.webp?wsr\" alt=\"Revolutionize your salon: the strategic investment in a groupe coiff professional shampoo unit\" class=\"wp-image-42623\" style=\"object-fit:cover;width:1200px;height:800px\" title=\"Revolutionize your salon: the strategic investment in a groupe coiff professional shampoo unit\" srcset=\"https:\/\/groupecoiff.com\/wp-content\/uploads\/2025\/06\/ESPANIA-1024x683.webp 1024w, https:\/\/groupecoiff.com\/wp-content\/uploads\/2025\/06\/ESPANIA-300x200.webp 300w, https:\/\/groupecoiff.com\/wp-content\/uploads\/2025\/06\/ESPANIA-768x512.webp 768w, https:\/\/groupecoiff.com\/wp-content\/uploads\/2025\/06\/ESPANIA-18x12.webp 18w, https:\/\/groupecoiff.com\/wp-content\/uploads\/2025\/06\/ESPANIA-250x167.webp 250w, https:\/\/groupecoiff.com\/wp-content\/uploads\/2025\/06\/ESPANIA-64x43.webp 64w, https:\/\/groupecoiff.com\/wp-content\/uploads\/2025\/06\/ESPANIA.webp 1200w\" sizes=\"auto, (max-width: 1024px) 100vw, 1024px\" \/><\/figure>\n\n\n\n<h2 class=\"wp-block-heading\" id=\"h-le-bac-imperial-24-l-elegance-italienne-au-service-de-l-espace\">Le Bac IMPERIAL 24 : L&rsquo;\u00c9l\u00e9gance Italienne au Service de l&rsquo;Espace<\/h2>\n\n\n\n<p>Visit <a href=\"https:\/\/groupecoiff.com\/en\/product-2\/imperial-24-shampoo-container\/\"><strong>bac \u00e0 shampoing IMPERIAL 24<\/strong><\/a> est un mod\u00e8le monoplace qui allie un design chic \u00e0 une fonctionnalit\u00e9 optimale, parfait pour tout salon. Fabriqu\u00e9 en Italie par Ceriotti, il est un gage de qualit\u00e9 et de savoir-faire artisanal.<\/p>\n\n\n\n<p>Sa vasque en c\u00e9ramique est inclinable, et il propose en option un repose-jambes \u00e9lectrique et une fonction de massage Shiatsu pour une exp\u00e9rience client am\u00e9lior\u00e9e. Sa fabrication robuste en mousse polyur\u00e9thane avec inserts en bois et m\u00e9tal assure une durabilit\u00e9 maximale. <\/p>\n\n\n\n<p>Personnalisable avec 28 couleurs de rev\u00eatement, il est con\u00e7u pour rehausser l&rsquo;esth\u00e9tique de votre salon.<\/p>\n\n\n\n<figure class=\"wp-block-image size-large\"><img loading=\"lazy\" decoding=\"async\" width=\"1024\" height=\"683\" data-attachment-id=\"42624\" data-permalink=\"https:\/\/groupecoiff.com\/en\/revolutionnez-votre-salon-linvestissement-strategique-dans-un-bac-a-shampoing-professionnel\/imperial-24\/\" data-orig-file=\"https:\/\/groupecoiff.com\/wp-content\/uploads\/2025\/06\/IMPERIAL-24.webp\" data-orig-size=\"1200,800\" data-comments-opened=\"1\" data-image-meta=\"{&quot;aperture&quot;:&quot;0&quot;,&quot;credit&quot;:&quot;&quot;,&quot;camera&quot;:&quot;&quot;,&quot;caption&quot;:&quot;&quot;,&quot;created_timestamp&quot;:&quot;0&quot;,&quot;copyright&quot;:&quot;&quot;,&quot;focal_length&quot;:&quot;0&quot;,&quot;iso&quot;:&quot;0&quot;,&quot;shutter_speed&quot;:&quot;0&quot;,&quot;title&quot;:&quot;&quot;,&quot;orientation&quot;:&quot;0&quot;}\" data-image-title=\"R\u00e9volutionnez votre salon : l&amp;rsquo;investissement strat\u00e9gique dans un bac \u00e0 shampoing professionnel groupe coiff\" data-image-description=\"&lt;p&gt;Imperial 24&lt;\/p&gt;\" data-image-caption=\"&lt;p&gt;Imperial 24&lt;\/p&gt;\" data-large-file=\"https:\/\/groupecoiff.com\/wp-content\/uploads\/2025\/06\/IMPERIAL-24-1024x683.webp\" src=\"https:\/\/groupecoiff.com\/wp-content\/uploads\/2025\/06\/IMPERIAL-24-1024x683.webp?wsr\" alt=\"Revolutionize your salon: the strategic investment in a groupe coiff professional shampoo unit\" class=\"wp-image-42624\" title=\"Revolutionize your salon: the strategic investment in a groupe coiff professional shampoo unit\" srcset=\"https:\/\/groupecoiff.com\/wp-content\/uploads\/2025\/06\/IMPERIAL-24-1024x683.webp 1024w, https:\/\/groupecoiff.com\/wp-content\/uploads\/2025\/06\/IMPERIAL-24-300x200.webp 300w, https:\/\/groupecoiff.com\/wp-content\/uploads\/2025\/06\/IMPERIAL-24-768x512.webp 768w, https:\/\/groupecoiff.com\/wp-content\/uploads\/2025\/06\/IMPERIAL-24-18x12.webp 18w, https:\/\/groupecoiff.com\/wp-content\/uploads\/2025\/06\/IMPERIAL-24-250x167.webp 250w, https:\/\/groupecoiff.com\/wp-content\/uploads\/2025\/06\/IMPERIAL-24-64x43.webp 64w, https:\/\/groupecoiff.com\/wp-content\/uploads\/2025\/06\/IMPERIAL-24.webp 1200w\" sizes=\"auto, (max-width: 1024px) 100vw, 1024px\" \/><\/figure>\n\n\n\n<h2 class=\"wp-block-heading\" id=\"h-le-bac-boom-2-places-l-essence-du-confort-et-du-design-epure\">Le Bac BOOM 2 Places : L&rsquo;Essence du Confort et du Design \u00c9pur\u00e9<\/h2>\n\n\n\n<p>le <a href=\"https:\/\/groupecoiff.com\/en\/product-2\/bac-a-shampoing-boom\/\"><strong>bac \u00e0 shampoing professionnel BOOM<\/strong><\/a>, la solution id\u00e9ale pour moderniser votre salon de coiffure. Avec son design raffin\u00e9, il optimise votre espace tout en offrant un confort in\u00e9gal\u00e9 \u00e0 vos clients. Fabriqu\u00e9 avec des mat\u00e9riaux de haute qualit\u00e9, ce mobilier de coiffure professionnel est con\u00e7u pour durer. D\u00e9lai de livraison : 3 \u00e0 5 semaines.<\/p>\n\n\n\n<figure class=\"wp-block-image size-large is-resized\"><img loading=\"lazy\" decoding=\"async\" width=\"1024\" height=\"553\" data-attachment-id=\"42625\" data-permalink=\"https:\/\/groupecoiff.com\/en\/revolutionnez-votre-salon-linvestissement-strategique-dans-un-bac-a-shampoing-professionnel\/boom\/\" data-orig-file=\"https:\/\/groupecoiff.com\/wp-content\/uploads\/2025\/06\/BOOM.webp\" data-orig-size=\"1110,599\" data-comments-opened=\"1\" data-image-meta=\"{&quot;aperture&quot;:&quot;0&quot;,&quot;credit&quot;:&quot;&quot;,&quot;camera&quot;:&quot;&quot;,&quot;caption&quot;:&quot;&quot;,&quot;created_timestamp&quot;:&quot;0&quot;,&quot;copyright&quot;:&quot;&quot;,&quot;focal_length&quot;:&quot;0&quot;,&quot;iso&quot;:&quot;0&quot;,&quot;shutter_speed&quot;:&quot;0&quot;,&quot;title&quot;:&quot;&quot;,&quot;orientation&quot;:&quot;0&quot;}\" data-image-title=\"R\u00e9volutionnez votre salon : l&amp;rsquo;investissement strat\u00e9gique dans un bac \u00e0 shampoing professionnel groupe coiff\" data-image-description=\"&lt;p&gt;Boom&lt;\/p&gt;\" data-image-caption=\"&lt;p&gt;Boom&lt;\/p&gt;\" data-large-file=\"https:\/\/groupecoiff.com\/wp-content\/uploads\/2025\/06\/BOOM-1024x553.webp\" src=\"https:\/\/groupecoiff.com\/wp-content\/uploads\/2025\/06\/BOOM-1024x553.webp?wsr\" alt=\"Revolutionize your salon: the strategic investment in a groupe coiff professional shampoo unit\" class=\"wp-image-42625\" style=\"object-fit:cover;width:1200px;height:655px\" title=\"Revolutionize your salon: the strategic investment in a groupe coiff professional shampoo unit\" srcset=\"https:\/\/groupecoiff.com\/wp-content\/uploads\/2025\/06\/BOOM-1024x553.webp 1024w, https:\/\/groupecoiff.com\/wp-content\/uploads\/2025\/06\/BOOM-300x162.webp 300w, https:\/\/groupecoiff.com\/wp-content\/uploads\/2025\/06\/BOOM-768x414.webp 768w, https:\/\/groupecoiff.com\/wp-content\/uploads\/2025\/06\/BOOM-18x10.webp 18w, https:\/\/groupecoiff.com\/wp-content\/uploads\/2025\/06\/BOOM-250x135.webp 250w, https:\/\/groupecoiff.com\/wp-content\/uploads\/2025\/06\/BOOM-64x35.webp 64w, https:\/\/groupecoiff.com\/wp-content\/uploads\/2025\/06\/BOOM.webp 1110w\" sizes=\"auto, (max-width: 1024px) 100vw, 1024px\" \/><\/figure>\n\n\n\n<h2 class=\"wp-block-heading\" id=\"h-le-bac-levante-luxe-et-fonctionnalite-pour-votre-salon\">Le Bac LEVANTE : <strong>Luxe et Fonctionnalit\u00e9 pour Votre Salon<\/strong><\/h2>\n\n\n\n<p>Visit <a href=\"https:\/\/groupecoiff.com\/en\/product-2\/bac-a-shampoing-levante\/?srsltid=AfmBOoofcYn7XRh6gX7a1kw8TjVsUoGVX0XUYbKtaoBaeMKR8mquJmqJ\"><strong>Bac de lavage LEVANTE<\/strong><\/a> est con\u00e7u pour r\u00e9pondre aux besoins des salons de coiffure professionnels. Vous pouvez l\u2019associer au fauteuil de coiffure LEVANTE pour un ensemble harmonieux.<\/p>\n\n\n\n<p>Mod\u00e8le con\u00e7u sur commande et fabriqu\u00e9 dans la configuration de votre choix pour s&rsquo;adapter parfaitement \u00e0 votre salon.<\/p>\n\n\n\n<figure class=\"wp-block-image size-large is-resized\"><img loading=\"lazy\" decoding=\"async\" width=\"1024\" height=\"683\" data-attachment-id=\"42627\" data-permalink=\"https:\/\/groupecoiff.com\/en\/revolutionnez-votre-salon-linvestissement-strategique-dans-un-bac-a-shampoing-professionnel\/bac-levante\/\" data-orig-file=\"https:\/\/groupecoiff.com\/wp-content\/uploads\/2025\/06\/Bac-Levante.webp\" data-orig-size=\"1200,800\" data-comments-opened=\"1\" data-image-meta=\"{&quot;aperture&quot;:&quot;0&quot;,&quot;credit&quot;:&quot;&quot;,&quot;camera&quot;:&quot;&quot;,&quot;caption&quot;:&quot;&quot;,&quot;created_timestamp&quot;:&quot;0&quot;,&quot;copyright&quot;:&quot;&quot;,&quot;focal_length&quot;:&quot;0&quot;,&quot;iso&quot;:&quot;0&quot;,&quot;shutter_speed&quot;:&quot;0&quot;,&quot;title&quot;:&quot;&quot;,&quot;orientation&quot;:&quot;0&quot;}\" data-image-title=\"R\u00e9volutionnez votre salon : l&amp;rsquo;investissement strat\u00e9gique dans un bac \u00e0 shampoing professionnel groupe coiff\" data-image-description=\"&lt;p&gt;Bac levante&lt;\/p&gt;\" data-image-caption=\"&lt;p&gt;Bac levante&lt;\/p&gt;\" data-large-file=\"https:\/\/groupecoiff.com\/wp-content\/uploads\/2025\/06\/Bac-Levante-1024x683.webp\" title=\"Revolutionize Your Salon: Strategic Investment in a Professional Shampoo Tray\" src=\"https:\/\/groupecoiff.com\/wp-content\/uploads\/2025\/06\/Bac-Levante-1024x683.webp?wsr\" alt=\"Revolutionize your salon: the strategic investment in a groupe coiff professional shampoo unit\" class=\"wp-image-42627\" style=\"object-fit:cover;width:1200px;height:800px\" srcset=\"https:\/\/groupecoiff.com\/wp-content\/uploads\/2025\/06\/Bac-Levante-1024x683.webp 1024w, https:\/\/groupecoiff.com\/wp-content\/uploads\/2025\/06\/Bac-Levante-300x200.webp 300w, https:\/\/groupecoiff.com\/wp-content\/uploads\/2025\/06\/Bac-Levante-768x512.webp 768w, https:\/\/groupecoiff.com\/wp-content\/uploads\/2025\/06\/Bac-Levante-18x12.webp 18w, https:\/\/groupecoiff.com\/wp-content\/uploads\/2025\/06\/Bac-Levante-250x167.webp 250w, https:\/\/groupecoiff.com\/wp-content\/uploads\/2025\/06\/Bac-Levante-64x43.webp 64w, https:\/\/groupecoiff.com\/wp-content\/uploads\/2025\/06\/Bac-Levante.webp 1200w\" sizes=\"auto, (max-width: 1024px) 100vw, 1024px\" \/><\/figure>\n\n\n\n<h2 class=\"wp-block-heading\" id=\"h-le-bac-electrique-wisp-power-la-technologie-electrique-accessible\">Le Bac \u00c9lectrique WISP POWER + : La Technologie \u00c9lectrique Accessible<\/h2>\n\n\n\n<p>Visit <strong><a href=\"https:\/\/groupecoiff.com\/en\/product-2\/bac-a-shampoing-electrique-wisp-power\/\">bac \u00e0 shampoing \u00e9lectrique WISP POWER +<\/a> <\/strong>est une option \u00e9lectrique qui combine fonctionnalit\u00e9 et un excellent rapport qualit\u00e9-prix. Il est con\u00e7u pour rendre la technologie des bacs \u00e9lectriques accessible \u00e0 un plus grand nombre de salons, sans compromis sur la performance.<\/p>\n\n\n\n<figure class=\"wp-block-image size-large\"><img loading=\"lazy\" decoding=\"async\" width=\"1024\" height=\"607\" data-attachment-id=\"42628\" data-permalink=\"https:\/\/groupecoiff.com\/en\/revolutionnez-votre-salon-linvestissement-strategique-dans-un-bac-a-shampoing-professionnel\/wisp-power\/\" data-orig-file=\"https:\/\/groupecoiff.com\/wp-content\/uploads\/2025\/06\/WISP-POWER-.webp\" data-orig-size=\"1200,711\" data-comments-opened=\"1\" data-image-meta=\"{&quot;aperture&quot;:&quot;0&quot;,&quot;credit&quot;:&quot;&quot;,&quot;camera&quot;:&quot;&quot;,&quot;caption&quot;:&quot;&quot;,&quot;created_timestamp&quot;:&quot;0&quot;,&quot;copyright&quot;:&quot;&quot;,&quot;focal_length&quot;:&quot;0&quot;,&quot;iso&quot;:&quot;0&quot;,&quot;shutter_speed&quot;:&quot;0&quot;,&quot;title&quot;:&quot;&quot;,&quot;orientation&quot;:&quot;0&quot;}\" data-image-title=\"R\u00e9volutionnez votre salon : l&amp;rsquo;investissement strat\u00e9gique dans un bac \u00e0 shampoing professionnel groupe coiff\" data-image-description=\"&lt;p&gt;Wisp power +&lt;\/p&gt;\" data-image-caption=\"&lt;p&gt;Wisp power +&lt;\/p&gt;\" data-large-file=\"https:\/\/groupecoiff.com\/wp-content\/uploads\/2025\/06\/WISP-POWER--1024x607.webp\" title=\"Revolutionize Your Salon: Strategic Investment in a Professional Shampoo Tray\" src=\"https:\/\/groupecoiff.com\/wp-content\/uploads\/2025\/06\/WISP-POWER--1024x607.webp?wsr\" alt=\"Revolutionize your salon: the strategic investment in a groupe coiff professional shampoo unit\" class=\"wp-image-42628\" srcset=\"https:\/\/groupecoiff.com\/wp-content\/uploads\/2025\/06\/WISP-POWER--1024x607.webp 1024w, https:\/\/groupecoiff.com\/wp-content\/uploads\/2025\/06\/WISP-POWER--300x178.webp 300w, https:\/\/groupecoiff.com\/wp-content\/uploads\/2025\/06\/WISP-POWER--768x455.webp 768w, https:\/\/groupecoiff.com\/wp-content\/uploads\/2025\/06\/WISP-POWER--18x12.webp 18w, https:\/\/groupecoiff.com\/wp-content\/uploads\/2025\/06\/WISP-POWER--250x148.webp 250w, https:\/\/groupecoiff.com\/wp-content\/uploads\/2025\/06\/WISP-POWER--64x38.webp 64w, https:\/\/groupecoiff.com\/wp-content\/uploads\/2025\/06\/WISP-POWER-.webp 1200w\" sizes=\"auto, (max-width: 1024px) 100vw, 1024px\" \/><\/figure>\n\n\n\n<h2 class=\"wp-block-heading\" id=\"h-groupe-coiff-votre-partenaire-pour-un-salon-d-exception\">Groupe Coiff : Votre Partenaire pour un Salon d&rsquo;Exception<\/h2>\n\n\n\n<p>Investir dans un <a href=\"https:\/\/groupecoiff.com\/en\/product-category\/wash-tank\/\"><strong>bac \u00e0 shampoing professionnel de Groupe Coiff<\/strong><\/a>, c&rsquo;est choisir des mat\u00e9riaux robustes et faciles \u00e0 entretenir, garantissant une long\u00e9vit\u00e9 exceptionnelle de votre \u00e9quipement. <\/p>\n\n\n\n<p>C&rsquo;est aussi b\u00e9n\u00e9ficier d&rsquo;un syst\u00e8me de livraison rapide et fiable, et d&rsquo;un service client disponible pour vous accompagner \u00e0 chaque \u00e9tape.<\/p>\n\n\n\n<p>N&rsquo;attendez plus pour transformer votre espace de lavage en un v\u00e9ritable atout concurrentiel. Offrez \u00e0 vos clients une exp\u00e9rience de d\u00e9tente unique et dotez votre \u00e9tablissement d&rsquo;un meuble de coiffure haut de gamme qui refl\u00e8te votre professionnalisme et votre souci du d\u00e9tail. <\/p>\n\n\n\n<p>Visitez d\u00e8s aujourd&rsquo;hui notre page d\u00e9di\u00e9e aux bacs de lavage sur groupecoiff.com et d\u00e9couvrez comment Groupe Coiff peut vous aider \u00e0 atteindre l&rsquo;excellence.<\/p>\n\n\n\n<p><\/p>","protected":false},"excerpt":{"rendered":"<p>Dans l&rsquo;univers comp\u00e9titif des salons de coiffure et instituts de beaut\u00e9, chaque d\u00e9tail compte pour se d\u00e9marquer. Le bac de lavage pour salon de coiffure n&rsquo;est plus un simple \u00e9quipement ; il est le point de d\u00e9part d&rsquo;une exp\u00e9rience client m\u00e9morable, un sanctuaire de d\u00e9tente qui refl\u00e8te l&rsquo;excellence de votre \u00e9tablissement. Chez Groupe Coiff, nous [&hellip;]<\/p>\n","protected":false},"author":2,"featured_media":42629,"comment_status":"open","ping_status":"open","sticky":false,"template":"","format":"standard","meta":{"googlesitekit_rrm_CAow0YCiDA:productID":"","jetpack_post_was_ever_published":false,"_jetpack_newsletter_access":"","_jetpack_dont_email_post_to_subs":false,"_jetpack_newsletter_tier_id":0,"_jetpack_memberships_contains_paywalled_content":false,"_jetpack_memberships_contains_paid_content":false,"footnotes":"","jetpack_publicize_message":"","jetpack_publicize_feature_enabled":true,"jetpack_social_post_already_shared":true,"jetpack_social_options":{"image_generator_settings":{"template":"highway","default_image_id":0,"font":"","enabled":false},"version":2}},"categories":[112],"tags":[],"class_list":["post-42613","post","type-post","status-publish","format-standard","has-post-thumbnail","hentry","category-autre"],"blocksy_meta":[],"yoast_head":"<!-- This site is optimized with the Yoast SEO Premium plugin v27.4 (Yoast SEO v27.4) - https:\/\/yoast.com\/product\/yoast-seo-premium-wordpress\/ -->\n<title>Bac \u00e0 Shampoing Professionnel: Investir dans l&#039;Excellence - Groupe Coiff<\/title>\n<meta name=\"description\" content=\"Explorez l&#039;importance d&#039;un Bac \u00e0 Shampoing Professionnel dans la fid\u00e9lisation de votre client\u00e8le et l&#039;efficacit\u00e9 de votre salon.\" \/>\n<meta name=\"robots\" content=\"index, follow, max-snippet:-1, max-image-preview:large, max-video-preview:-1\" \/>\n<link rel=\"canonical\" href=\"https:\/\/groupecoiff.com\/en\/revolutionnez-votre-salon-linvestissement-strategique-dans-un-bac-a-shampoing-professionnel\/\" \/>\n<meta property=\"og:locale\" content=\"en_US\" \/>\n<meta property=\"og:type\" content=\"article\" \/>\n<meta property=\"og:title\" content=\"Groupe Coiff - D\u00e9couvrez Nos Mobilier de Coiffure professionnel : Fauteuils de barbier, Miroirs LED et Plus encore\" \/>\n<meta property=\"og:description\" content=\"Optimiser le Confort et l\u2019Efficacit\u00e9 : Mobilier de Coiffure Professionnel pour Salons. Le choix du mobilier de coiffure professionnel est fondamental pour l&#039;exp\u00e9rience client dans un salon de coiffure. Un mobilier bien choisi combine fonctionnalit\u00e9 et esth\u00e9tique, cr\u00e9ant une ambiance accueillante et professionnelle tout en assurant le confort des clients et l&#039;efficacit\u00e9 des coiffeurs. Dans cet article, nous explorerons les \u00e9l\u00e9ments cl\u00e9s du mobilier pour coiffeur et comment ils peuvent transformer votre salon de coiffure en un espace \u00e0 la fois attrayant et performant. Miroirs et Stations de Coiffage. Le miroir coiffeuse est central \u00e0 toute station de coiffage, permettant aux clients de voir leur transformation. Les coiffeuses avec miroir LED sont devenues incontournables gr\u00e2ce \u00e0 leur \u00e9clairage optimal pour les services de pr\u00e9cision. Ces miroirs am\u00e9liorent la visibilit\u00e9, ce qui facilite le travail des coiffeurs tout en cr\u00e9ant une ambiance sophistiqu\u00e9e. Confort et Style : Les Fauteuils de Coiffure. Un fauteuil coiffure est un pilier du mobilier de salon, alliant confort pour le client et fonctionnalit\u00e9 pour le coiffeur. Les fauteuils dot\u00e9s de repose-pied int\u00e9gr\u00e9 offrent un confort accru, tandis que les options comme le fauteuil de salon de coiffure ou le fauteuil barbier apportent une touche de style. Pour les budgets limit\u00e9s, des fauteuils coiffure pas chers sont disponibles sans sacrifier le confort. L&#039;Importance des Bacs \u00e0 Shampoing. Les bacs \u00e0 shampoing, aussi connus comme bacs pour laver les cheveux, sont essentiels pour une exp\u00e9rience de lavage confortable et efficace. Un bac \u00e0 shampoing massant peut transformer le lavage des cheveux en un moment de d\u00e9tente, augmentant la satisfaction client. Ces bacs sont un choix id\u00e9al pour les salons qui veulent offrir une exp\u00e9rience de luxe. S\u00e9chage et Finition. Le casque pour s\u00e9cher les cheveux ou le s\u00e8che-cheveux casque est indispensable pour le coiffage. Ces appareils permettent un s\u00e9chage uniforme, tout en laissant les mains du coiffeur libres pour d&#039;autres t\u00e2ches. Le chauffe-serviettes barbier est \u00e9galement un ajout appr\u00e9ci\u00e9, offrant un confort suppl\u00e9mentaire lors des traitements capillaires ou de rasage. Mobilier Compl\u00e9mentaire : Un chariot de coiffure est pratique pour garder \u00e0 port\u00e9e de main tous les accessoires n\u00e9cessaires pendant une s\u00e9ance. De plus, le comptoir coiffure et la caisse pour salon de coiffure sont cruciaux pour la gestion efficace du salon. Un agencement intelligent du salon de coiffure meuble am\u00e9liore non seulement l&#039;organisation, mais contribue aussi \u00e0 une d\u00e9coration salon de coiffure coh\u00e9rente et attrayante. Agencement et D\u00e9coration L&#039;agencement de salon de coiffure est crucial pour maximiser l&#039;espace tout en cr\u00e9ant une atmosph\u00e8re agr\u00e9able. Les *tabourets coiffure, chaises de coiffeur, et si\u00e8ges pour salon de coiffure doivent \u00eatre dispos\u00e9s pour faciliter la circulation et l&#039;interaction. Les d\u00e9tails de d\u00e9coration, tels que le repose-pied pour salon de coiffure, ajoutent une touche de luxe et de confort. Conclusion : Investir dans un mobilier pour salon de coiffure de qualit\u00e9 est essentiel pour offrir une exp\u00e9rience client in\u00e9gal\u00e9e. Le mat\u00e9riel pour salon de coiffure bien choisi am\u00e9liore le confort des clients ainsi que l&#039;efficacit\u00e9 et la satisfaction des coiffeurs. Que vous choisissiez un fauteuil barbier pas cher ou un lavabo coiffeur luxueux, chaque \u00e9l\u00e9ment contribue \u00e0 cr\u00e9er un environnement professionnel et accueillant. Groupe Coiff est fier de proposer une large gamme de mobilier de coiffure r\u00e9pondant aux besoins des salons modernes, garantissant que chaque salon est \u00e9quip\u00e9 pour r\u00e9ussir. Pour en savoir plus sur nos produits ou pour consulter notre catalogue complet, visitez notre site Web ou contactez notre \u00e9quipe d&#039;experts. Investissez dans votre salon aujourd&#039;hui et constatez la diff\u00e9rence qu&#039;un mobilier de qualit\u00e9 peut apporter.\" \/>\n<meta property=\"og:url\" content=\"https:\/\/groupecoiff.com\/en\/revolutionnez-votre-salon-linvestissement-strategique-dans-un-bac-a-shampoing-professionnel\/\" \/>\n<meta property=\"og:site_name\" content=\"Groupe Coiff\" \/>\n<meta property=\"article:publisher\" content=\"https:\/\/www.facebook.com\/GroupeCoiff\" \/>\n<meta property=\"article:published_time\" content=\"2025-06-23T09:07:42+00:00\" \/>\n<meta property=\"article:modified_time\" content=\"2025-10-24T20:46:06+00:00\" \/>\n<meta property=\"og:image\" content=\"https:\/\/groupecoiff.com\/wp-content\/uploads\/2025\/06\/Dolly_Groupe-coiff.webp\" \/>\n\t<meta property=\"og:image:width\" content=\"1200\" \/>\n\t<meta property=\"og:image:height\" content=\"626\" \/>\n\t<meta property=\"og:image:type\" content=\"image\/webp\" \/>\n<meta name=\"author\" content=\"Amor\" \/>\n<meta name=\"twitter:card\" content=\"summary_large_image\" \/>\n<meta name=\"twitter:creator\" content=\"@groupecoiff\" \/>\n<meta name=\"twitter:site\" content=\"@groupecoiff\" \/>\n<meta name=\"twitter:label1\" content=\"Written by\" \/>\n\t<meta name=\"twitter:data1\" content=\"Amor\" \/>\n\t<meta name=\"twitter:label2\" content=\"Est. reading time\" \/>\n\t<meta name=\"twitter:data2\" content=\"9 minutes\" \/>\n<script type=\"application\/ld+json\" class=\"yoast-schema-graph\">{\"@context\":\"https:\\\/\\\/schema.org\",\"@graph\":[{\"@type\":\"Article\",\"@id\":\"https:\\\/\\\/groupecoiff.com\\\/revolutionnez-votre-salon-linvestissement-strategique-dans-un-bac-a-shampoing-professionnel\\\/#article\",\"isPartOf\":{\"@id\":\"https:\\\/\\\/groupecoiff.com\\\/revolutionnez-votre-salon-linvestissement-strategique-dans-un-bac-a-shampoing-professionnel\\\/\"},\"author\":{\"name\":\"Amor\",\"@id\":\"https:\\\/\\\/groupecoiff.com\\\/#\\\/schema\\\/person\\\/538fefee969d51dc276f4bc8e2999ed1\"},\"headline\":\"R\u00e9volutionnez Votre Salon : L&rsquo;Investissement Strat\u00e9gique dans un Bac \u00e0 Shampoing Professionnel\",\"datePublished\":\"2025-06-23T09:07:42+00:00\",\"dateModified\":\"2025-10-24T20:46:06+00:00\",\"mainEntityOfPage\":{\"@id\":\"https:\\\/\\\/groupecoiff.com\\\/revolutionnez-votre-salon-linvestissement-strategique-dans-un-bac-a-shampoing-professionnel\\\/\"},\"wordCount\":1305,\"commentCount\":0,\"publisher\":{\"@id\":\"https:\\\/\\\/groupecoiff.com\\\/#organization\"},\"image\":{\"@id\":\"https:\\\/\\\/groupecoiff.com\\\/revolutionnez-votre-salon-linvestissement-strategique-dans-un-bac-a-shampoing-professionnel\\\/#primaryimage\"},\"thumbnailUrl\":\"https:\\\/\\\/groupecoiff.com\\\/wp-content\\\/uploads\\\/2025\\\/06\\\/Dolly_Groupe-coiff.webp\",\"articleSection\":[\"Autre\"],\"inLanguage\":\"en-US\",\"potentialAction\":[{\"@type\":\"CommentAction\",\"name\":\"Comment\",\"target\":[\"https:\\\/\\\/groupecoiff.com\\\/revolutionnez-votre-salon-linvestissement-strategique-dans-un-bac-a-shampoing-professionnel\\\/#respond\"]}],\"copyrightYear\":\"2025\",\"copyrightHolder\":{\"@id\":\"https:\\\/\\\/groupecoiff.com\\\/en\\\/#organization\"}},{\"@type\":\"WebPage\",\"@id\":\"https:\\\/\\\/groupecoiff.com\\\/revolutionnez-votre-salon-linvestissement-strategique-dans-un-bac-a-shampoing-professionnel\\\/\",\"url\":\"https:\\\/\\\/groupecoiff.com\\\/revolutionnez-votre-salon-linvestissement-strategique-dans-un-bac-a-shampoing-professionnel\\\/\",\"name\":\"Bac \u00e0 Shampoing Professionnel: Investir dans l'Excellence - Groupe Coiff\",\"isPartOf\":{\"@id\":\"https:\\\/\\\/groupecoiff.com\\\/#website\"},\"primaryImageOfPage\":{\"@id\":\"https:\\\/\\\/groupecoiff.com\\\/revolutionnez-votre-salon-linvestissement-strategique-dans-un-bac-a-shampoing-professionnel\\\/#primaryimage\"},\"image\":{\"@id\":\"https:\\\/\\\/groupecoiff.com\\\/revolutionnez-votre-salon-linvestissement-strategique-dans-un-bac-a-shampoing-professionnel\\\/#primaryimage\"},\"thumbnailUrl\":\"https:\\\/\\\/groupecoiff.com\\\/wp-content\\\/uploads\\\/2025\\\/06\\\/Dolly_Groupe-coiff.webp\",\"datePublished\":\"2025-06-23T09:07:42+00:00\",\"dateModified\":\"2025-10-24T20:46:06+00:00\",\"description\":\"Explorez l'importance d'un Bac \u00e0 Shampoing Professionnel dans la fid\u00e9lisation de votre client\u00e8le et l'efficacit\u00e9 de votre salon.\",\"breadcrumb\":{\"@id\":\"https:\\\/\\\/groupecoiff.com\\\/revolutionnez-votre-salon-linvestissement-strategique-dans-un-bac-a-shampoing-professionnel\\\/#breadcrumb\"},\"inLanguage\":\"en-US\",\"potentialAction\":[{\"@type\":\"ReadAction\",\"target\":[\"https:\\\/\\\/groupecoiff.com\\\/revolutionnez-votre-salon-linvestissement-strategique-dans-un-bac-a-shampoing-professionnel\\\/\"]}]},{\"@type\":\"ImageObject\",\"inLanguage\":\"en-US\",\"@id\":\"https:\\\/\\\/groupecoiff.com\\\/revolutionnez-votre-salon-linvestissement-strategique-dans-un-bac-a-shampoing-professionnel\\\/#primaryimage\",\"url\":\"https:\\\/\\\/groupecoiff.com\\\/wp-content\\\/uploads\\\/2025\\\/06\\\/Dolly_Groupe-coiff.webp\",\"contentUrl\":\"https:\\\/\\\/groupecoiff.com\\\/wp-content\\\/uploads\\\/2025\\\/06\\\/Dolly_Groupe-coiff.webp\",\"width\":1200,\"height\":626,\"caption\":\"Dolly groupe coiff\"},{\"@type\":\"BreadcrumbList\",\"@id\":\"https:\\\/\\\/groupecoiff.com\\\/revolutionnez-votre-salon-linvestissement-strategique-dans-un-bac-a-shampoing-professionnel\\\/#breadcrumb\",\"itemListElement\":[{\"@type\":\"ListItem\",\"position\":1,\"name\":\"Accueil\",\"item\":\"https:\\\/\\\/groupecoiff.com\\\/\"},{\"@type\":\"ListItem\",\"position\":2,\"name\":\"R\u00e9volutionnez Votre Salon : L&rsquo;Investissement Strat\u00e9gique dans un Bac \u00e0 Shampoing Professionnel\"}]},{\"@type\":\"WebSite\",\"@id\":\"https:\\\/\\\/groupecoiff.com\\\/#website\",\"url\":\"https:\\\/\\\/groupecoiff.com\\\/\",\"name\":\"Groupe Coiff\",\"description\":\"Tout pour la coiffure\",\"publisher\":{\"@id\":\"https:\\\/\\\/groupecoiff.com\\\/#organization\"},\"potentialAction\":[{\"@type\":\"SearchAction\",\"target\":{\"@type\":\"EntryPoint\",\"urlTemplate\":\"https:\\\/\\\/groupecoiff.com\\\/?s={search_term_string}\"},\"query-input\":{\"@type\":\"PropertyValueSpecification\",\"valueRequired\":true,\"valueName\":\"search_term_string\"}}],\"inLanguage\":\"en-US\"},{\"@type\":\"Organization\",\"@id\":\"https:\\\/\\\/groupecoiff.com\\\/#organization\",\"name\":\"Groupe Coiff\",\"alternateName\":\"Groupe Coiff : Le Mobilier De Coiffure Haut de Gamme Pour Une \u00c9l\u00e9gance In\u00e9gal\u00e9e\",\"url\":\"https:\\\/\\\/groupecoiff.com\\\/\",\"logo\":{\"@type\":\"ImageObject\",\"inLanguage\":\"en-US\",\"@id\":\"https:\\\/\\\/groupecoiff.com\\\/#\\\/schema\\\/logo\\\/image\\\/\",\"url\":\"https:\\\/\\\/groupecoiff.com\\\/wp-content\\\/uploads\\\/2024\\\/01\\\/cropped-Groupe-Coiff-Logo.webp\",\"contentUrl\":\"https:\\\/\\\/groupecoiff.com\\\/wp-content\\\/uploads\\\/2024\\\/01\\\/cropped-Groupe-Coiff-Logo.webp\",\"width\":512,\"height\":512,\"caption\":\"Groupe Coiff\"},\"image\":{\"@id\":\"https:\\\/\\\/groupecoiff.com\\\/#\\\/schema\\\/logo\\\/image\\\/\"},\"sameAs\":[\"https:\\\/\\\/www.facebook.com\\\/GroupeCoiff\",\"https:\\\/\\\/x.com\\\/groupecoiff\",\"https:\\\/\\\/www.instagram.com\\\/groupecoiff\\\/\",\"https:\\\/\\\/www.tiktok.com\\\/@groupecoiff\",\"https:\\\/\\\/www.youtube.com\\\/@groupecoiff\",\"https:\\\/\\\/twitter.com\\\/groupecoiff\",\"https:\\\/\\\/www.leboncoin.fr\\\/boutique\\\/3961302\\\/groupe_coiff.htm\"],\"description\":\"D\u00e9couvrez le mobilier de coiffure haut de gamme de Groupe Coiff, alliant \u00e9l\u00e9gance et fonctionnalit\u00e9 pour sublimer votre salon et satisfaire vos clients.\",\"email\":\"contact@groupecoiff.com\",\"telephone\":\"0676951605\",\"legalName\":\"Groupe Coiff\",\"foundingDate\":\"2022-11-16\",\"vatID\":\"FR84921406419\",\"taxID\":\"92140641900025\"},{\"@type\":\"Person\",\"@id\":\"https:\\\/\\\/groupecoiff.com\\\/#\\\/schema\\\/person\\\/538fefee969d51dc276f4bc8e2999ed1\",\"name\":\"Amor\",\"image\":{\"@type\":\"ImageObject\",\"inLanguage\":\"en-US\",\"@id\":\"https:\\\/\\\/secure.gravatar.com\\\/avatar\\\/fdf8e7f93c3cebbb6c0def2f56c8fc73519ae24e81b173352796906b06afe5b4?s=96&d=mm&r=g\",\"url\":\"https:\\\/\\\/secure.gravatar.com\\\/avatar\\\/fdf8e7f93c3cebbb6c0def2f56c8fc73519ae24e81b173352796906b06afe5b4?s=96&d=mm&r=g\",\"contentUrl\":\"https:\\\/\\\/secure.gravatar.com\\\/avatar\\\/fdf8e7f93c3cebbb6c0def2f56c8fc73519ae24e81b173352796906b06afe5b4?s=96&d=mm&r=g\",\"caption\":\"Amor\"},\"sameAs\":[\"https:\\\/\\\/groupecoiff.com\\\/\"]}]}<\/script>\n<!-- \/ Yoast SEO Premium plugin. -->","yoast_head_json":{"title":"Bac \u00e0 Shampoing Professionnel: Investir dans l'Excellence - Groupe Coiff","description":"Explorez l'importance d'un Bac \u00e0 Shampoing Professionnel dans la fid\u00e9lisation de votre client\u00e8le et l'efficacit\u00e9 de votre salon.","robots":{"index":"index","follow":"follow","max-snippet":"max-snippet:-1","max-image-preview":"max-image-preview:large","max-video-preview":"max-video-preview:-1"},"canonical":"https:\/\/groupecoiff.com\/en\/revolutionnez-votre-salon-linvestissement-strategique-dans-un-bac-a-shampoing-professionnel\/","og_locale":"en_US","og_type":"article","og_title":"Groupe Coiff - D\u00e9couvrez Nos Mobilier de Coiffure professionnel : Fauteuils de barbier, Miroirs LED et Plus encore","og_description":"Optimiser le Confort et l\u2019Efficacit\u00e9 : Mobilier de Coiffure Professionnel pour Salons. Le choix du mobilier de coiffure professionnel est fondamental pour l'exp\u00e9rience client dans un salon de coiffure. Un mobilier bien choisi combine fonctionnalit\u00e9 et esth\u00e9tique, cr\u00e9ant une ambiance accueillante et professionnelle tout en assurant le confort des clients et l'efficacit\u00e9 des coiffeurs. Dans cet article, nous explorerons les \u00e9l\u00e9ments cl\u00e9s du mobilier pour coiffeur et comment ils peuvent transformer votre salon de coiffure en un espace \u00e0 la fois attrayant et performant. Miroirs et Stations de Coiffage. Le miroir coiffeuse est central \u00e0 toute station de coiffage, permettant aux clients de voir leur transformation. Les coiffeuses avec miroir LED sont devenues incontournables gr\u00e2ce \u00e0 leur \u00e9clairage optimal pour les services de pr\u00e9cision. Ces miroirs am\u00e9liorent la visibilit\u00e9, ce qui facilite le travail des coiffeurs tout en cr\u00e9ant une ambiance sophistiqu\u00e9e. Confort et Style : Les Fauteuils de Coiffure. Un fauteuil coiffure est un pilier du mobilier de salon, alliant confort pour le client et fonctionnalit\u00e9 pour le coiffeur. Les fauteuils dot\u00e9s de repose-pied int\u00e9gr\u00e9 offrent un confort accru, tandis que les options comme le fauteuil de salon de coiffure ou le fauteuil barbier apportent une touche de style. Pour les budgets limit\u00e9s, des fauteuils coiffure pas chers sont disponibles sans sacrifier le confort. L'Importance des Bacs \u00e0 Shampoing. Les bacs \u00e0 shampoing, aussi connus comme bacs pour laver les cheveux, sont essentiels pour une exp\u00e9rience de lavage confortable et efficace. Un bac \u00e0 shampoing massant peut transformer le lavage des cheveux en un moment de d\u00e9tente, augmentant la satisfaction client. Ces bacs sont un choix id\u00e9al pour les salons qui veulent offrir une exp\u00e9rience de luxe. S\u00e9chage et Finition. Le casque pour s\u00e9cher les cheveux ou le s\u00e8che-cheveux casque est indispensable pour le coiffage. Ces appareils permettent un s\u00e9chage uniforme, tout en laissant les mains du coiffeur libres pour d'autres t\u00e2ches. Le chauffe-serviettes barbier est \u00e9galement un ajout appr\u00e9ci\u00e9, offrant un confort suppl\u00e9mentaire lors des traitements capillaires ou de rasage. Mobilier Compl\u00e9mentaire : Un chariot de coiffure est pratique pour garder \u00e0 port\u00e9e de main tous les accessoires n\u00e9cessaires pendant une s\u00e9ance. De plus, le comptoir coiffure et la caisse pour salon de coiffure sont cruciaux pour la gestion efficace du salon. Un agencement intelligent du salon de coiffure meuble am\u00e9liore non seulement l'organisation, mais contribue aussi \u00e0 une d\u00e9coration salon de coiffure coh\u00e9rente et attrayante. Agencement et D\u00e9coration L'agencement de salon de coiffure est crucial pour maximiser l'espace tout en cr\u00e9ant une atmosph\u00e8re agr\u00e9able. Les *tabourets coiffure, chaises de coiffeur, et si\u00e8ges pour salon de coiffure doivent \u00eatre dispos\u00e9s pour faciliter la circulation et l'interaction. Les d\u00e9tails de d\u00e9coration, tels que le repose-pied pour salon de coiffure, ajoutent une touche de luxe et de confort. Conclusion : Investir dans un mobilier pour salon de coiffure de qualit\u00e9 est essentiel pour offrir une exp\u00e9rience client in\u00e9gal\u00e9e. Le mat\u00e9riel pour salon de coiffure bien choisi am\u00e9liore le confort des clients ainsi que l'efficacit\u00e9 et la satisfaction des coiffeurs. Que vous choisissiez un fauteuil barbier pas cher ou un lavabo coiffeur luxueux, chaque \u00e9l\u00e9ment contribue \u00e0 cr\u00e9er un environnement professionnel et accueillant. Groupe Coiff est fier de proposer une large gamme de mobilier de coiffure r\u00e9pondant aux besoins des salons modernes, garantissant que chaque salon est \u00e9quip\u00e9 pour r\u00e9ussir. Pour en savoir plus sur nos produits ou pour consulter notre catalogue complet, visitez notre site Web ou contactez notre \u00e9quipe d'experts. Investissez dans votre salon aujourd'hui et constatez la diff\u00e9rence qu'un mobilier de qualit\u00e9 peut apporter.","og_url":"https:\/\/groupecoiff.com\/en\/revolutionnez-votre-salon-linvestissement-strategique-dans-un-bac-a-shampoing-professionnel\/","og_site_name":"Groupe Coiff","article_publisher":"https:\/\/www.facebook.com\/GroupeCoiff","article_published_time":"2025-06-23T09:07:42+00:00","article_modified_time":"2025-10-24T20:46:06+00:00","og_image":[{"width":1200,"height":626,"url":"https:\/\/groupecoiff.com\/wp-content\/uploads\/2025\/06\/Dolly_Groupe-coiff.webp","type":"image\/webp"}],"author":"Amor","twitter_card":"summary_large_image","twitter_creator":"@groupecoiff","twitter_site":"@groupecoiff","twitter_misc":{"Written by":"Amor","Est. reading time":"9 minutes"},"schema":{"@context":"https:\/\/schema.org","@graph":[{"@type":"Article","@id":"https:\/\/groupecoiff.com\/revolutionnez-votre-salon-linvestissement-strategique-dans-un-bac-a-shampoing-professionnel\/#article","isPartOf":{"@id":"https:\/\/groupecoiff.com\/revolutionnez-votre-salon-linvestissement-strategique-dans-un-bac-a-shampoing-professionnel\/"},"author":{"name":"Amor","@id":"https:\/\/groupecoiff.com\/#\/schema\/person\/538fefee969d51dc276f4bc8e2999ed1"},"headline":"R\u00e9volutionnez Votre Salon : L&rsquo;Investissement Strat\u00e9gique dans un Bac \u00e0 Shampoing Professionnel","datePublished":"2025-06-23T09:07:42+00:00","dateModified":"2025-10-24T20:46:06+00:00","mainEntityOfPage":{"@id":"https:\/\/groupecoiff.com\/revolutionnez-votre-salon-linvestissement-strategique-dans-un-bac-a-shampoing-professionnel\/"},"wordCount":1305,"commentCount":0,"publisher":{"@id":"https:\/\/groupecoiff.com\/#organization"},"image":{"@id":"https:\/\/groupecoiff.com\/revolutionnez-votre-salon-linvestissement-strategique-dans-un-bac-a-shampoing-professionnel\/#primaryimage"},"thumbnailUrl":"https:\/\/groupecoiff.com\/wp-content\/uploads\/2025\/06\/Dolly_Groupe-coiff.webp","articleSection":["Autre"],"inLanguage":"en-US","potentialAction":[{"@type":"CommentAction","name":"Comment","target":["https:\/\/groupecoiff.com\/revolutionnez-votre-salon-linvestissement-strategique-dans-un-bac-a-shampoing-professionnel\/#respond"]}],"copyrightYear":"2025","copyrightHolder":{"@id":"https:\/\/groupecoiff.com\/en\/#organization"}},{"@type":"WebPage","@id":"https:\/\/groupecoiff.com\/revolutionnez-votre-salon-linvestissement-strategique-dans-un-bac-a-shampoing-professionnel\/","url":"https:\/\/groupecoiff.com\/revolutionnez-votre-salon-linvestissement-strategique-dans-un-bac-a-shampoing-professionnel\/","name":"Bac \u00e0 Shampoing Professionnel: Investir dans l'Excellence - Groupe Coiff","isPartOf":{"@id":"https:\/\/groupecoiff.com\/#website"},"primaryImageOfPage":{"@id":"https:\/\/groupecoiff.com\/revolutionnez-votre-salon-linvestissement-strategique-dans-un-bac-a-shampoing-professionnel\/#primaryimage"},"image":{"@id":"https:\/\/groupecoiff.com\/revolutionnez-votre-salon-linvestissement-strategique-dans-un-bac-a-shampoing-professionnel\/#primaryimage"},"thumbnailUrl":"https:\/\/groupecoiff.com\/wp-content\/uploads\/2025\/06\/Dolly_Groupe-coiff.webp","datePublished":"2025-06-23T09:07:42+00:00","dateModified":"2025-10-24T20:46:06+00:00","description":"Explorez l'importance d'un Bac \u00e0 Shampoing Professionnel dans la fid\u00e9lisation de votre client\u00e8le et l'efficacit\u00e9 de votre salon.","breadcrumb":{"@id":"https:\/\/groupecoiff.com\/revolutionnez-votre-salon-linvestissement-strategique-dans-un-bac-a-shampoing-professionnel\/#breadcrumb"},"inLanguage":"en-US","potentialAction":[{"@type":"ReadAction","target":["https:\/\/groupecoiff.com\/revolutionnez-votre-salon-linvestissement-strategique-dans-un-bac-a-shampoing-professionnel\/"]}]},{"@type":"ImageObject","inLanguage":"en-US","@id":"https:\/\/groupecoiff.com\/revolutionnez-votre-salon-linvestissement-strategique-dans-un-bac-a-shampoing-professionnel\/#primaryimage","url":"https:\/\/groupecoiff.com\/wp-content\/uploads\/2025\/06\/Dolly_Groupe-coiff.webp","contentUrl":"https:\/\/groupecoiff.com\/wp-content\/uploads\/2025\/06\/Dolly_Groupe-coiff.webp","width":1200,"height":626,"caption":"Dolly groupe coiff"},{"@type":"BreadcrumbList","@id":"https:\/\/groupecoiff.com\/revolutionnez-votre-salon-linvestissement-strategique-dans-un-bac-a-shampoing-professionnel\/#breadcrumb","itemListElement":[{"@type":"ListItem","position":1,"name":"Accueil","item":"https:\/\/groupecoiff.com\/"},{"@type":"ListItem","position":2,"name":"R\u00e9volutionnez Votre Salon : L&rsquo;Investissement Strat\u00e9gique dans un Bac \u00e0 Shampoing Professionnel"}]},{"@type":"WebSite","@id":"https:\/\/groupecoiff.com\/#website","url":"https:\/\/groupecoiff.com\/","name":"Coiff Group","description":"Everything for the hairdresser","publisher":{"@id":"https:\/\/groupecoiff.com\/#organization"},"potentialAction":[{"@type":"SearchAction","target":{"@type":"EntryPoint","urlTemplate":"https:\/\/groupecoiff.com\/?s={search_term_string}"},"query-input":{"@type":"PropertyValueSpecification","valueRequired":true,"valueName":"search_term_string"}}],"inLanguage":"en-US"},{"@type":"Organization","@id":"https:\/\/groupecoiff.com\/#organization","name":"Coiff Group","alternateName":"Groupe Coiff : Le Mobilier De Coiffure Haut de Gamme Pour Une \u00c9l\u00e9gance In\u00e9gal\u00e9e","url":"https:\/\/groupecoiff.com\/","logo":{"@type":"ImageObject","inLanguage":"en-US","@id":"https:\/\/groupecoiff.com\/#\/schema\/logo\/image\/","url":"https:\/\/groupecoiff.com\/wp-content\/uploads\/2024\/01\/cropped-Groupe-Coiff-Logo.webp","contentUrl":"https:\/\/groupecoiff.com\/wp-content\/uploads\/2024\/01\/cropped-Groupe-Coiff-Logo.webp","width":512,"height":512,"caption":"Groupe Coiff"},"image":{"@id":"https:\/\/groupecoiff.com\/#\/schema\/logo\/image\/"},"sameAs":["https:\/\/www.facebook.com\/GroupeCoiff","https:\/\/x.com\/groupecoiff","https:\/\/www.instagram.com\/groupecoiff\/","https:\/\/www.tiktok.com\/@groupecoiff","https:\/\/www.youtube.com\/@groupecoiff","https:\/\/twitter.com\/groupecoiff","https:\/\/www.leboncoin.fr\/boutique\/3961302\/groupe_coiff.htm"],"description":"Discover Groupe Coiff's top-of-the-range hairdressing furniture, combining elegance and functionality to enhance your salon and satisfy your customers.","email":"contact@groupecoiff.com","telephone":"0676951605","legalName":"Groupe Coiff","foundingDate":"2022-11-16","vatID":"FR84921406419","taxID":"92140641900025"},{"@type":"Person","@id":"https:\/\/groupecoiff.com\/#\/schema\/person\/538fefee969d51dc276f4bc8e2999ed1","name":"Amor","image":{"@type":"ImageObject","inLanguage":"en-US","@id":"https:\/\/secure.gravatar.com\/avatar\/fdf8e7f93c3cebbb6c0def2f56c8fc73519ae24e81b173352796906b06afe5b4?s=96&d=mm&r=g","url":"https:\/\/secure.gravatar.com\/avatar\/fdf8e7f93c3cebbb6c0def2f56c8fc73519ae24e81b173352796906b06afe5b4?s=96&d=mm&r=g","contentUrl":"https:\/\/secure.gravatar.com\/avatar\/fdf8e7f93c3cebbb6c0def2f56c8fc73519ae24e81b173352796906b06afe5b4?s=96&d=mm&r=g","caption":"Amor"},"sameAs":["https:\/\/groupecoiff.com\/"]}]}},"jetpack_publicize_connections":[],"jetpack_featured_media_url":"https:\/\/groupecoiff.com\/wp-content\/uploads\/2025\/06\/Dolly_Groupe-coiff.webp","jetpack_likes_enabled":true,"jetpack_sharing_enabled":true,"jetpack_shortlink":"https:\/\/wp.me\/peKCQ7-b5j","_links":{"self":[{"href":"https:\/\/groupecoiff.com\/en\/wp-json\/wp\/v2\/posts\/42613","targetHints":{"allow":["GET"]}}],"collection":[{"href":"https:\/\/groupecoiff.com\/en\/wp-json\/wp\/v2\/posts"}],"about":[{"href":"https:\/\/groupecoiff.com\/en\/wp-json\/wp\/v2\/types\/post"}],"author":[{"embeddable":true,"href":"https:\/\/groupecoiff.com\/en\/wp-json\/wp\/v2\/users\/2"}],"replies":[{"embeddable":true,"href":"https:\/\/groupecoiff.com\/en\/wp-json\/wp\/v2\/comments?post=42613"}],"version-history":[{"count":0,"href":"https:\/\/groupecoiff.com\/en\/wp-json\/wp\/v2\/posts\/42613\/revisions"}],"wp:featuredmedia":[{"embeddable":true,"href":"https:\/\/groupecoiff.com\/en\/wp-json\/wp\/v2\/media\/42629"}],"wp:attachment":[{"href":"https:\/\/groupecoiff.com\/en\/wp-json\/wp\/v2\/media?parent=42613"}],"wp:term":[{"taxonomy":"category","embeddable":true,"href":"https:\/\/groupecoiff.com\/en\/wp-json\/wp\/v2\/categories?post=42613"},{"taxonomy":"post_tag","embeddable":true,"href":"https:\/\/groupecoiff.com\/en\/wp-json\/wp\/v2\/tags?post=42613"}],"curies":[{"name":"wp","href":"https:\/\/api.w.org\/{rel}","templated":true}]}}