{"id":49265,"date":"2026-01-29T02:13:39","date_gmt":"2026-01-29T01:13:39","guid":{"rendered":"https:\/\/groupecoiff.com\/?p=49265"},"modified":"2026-04-03T18:28:17","modified_gmt":"2026-04-03T16:28:17","slug":"guide-complet-pour-choisir-le-meilleur-fauteuil-de-coiffure-professionnel","status":"publish","type":"post","link":"https:\/\/groupecoiff.com\/en\/guide-complet-pour-choisir-le-meilleur-fauteuil-de-coiffure-professionnel\/","title":{"rendered":"Guide complet pour choisir un fauteuil de coiffure haut de gamme pour salon et institut"},"content":{"rendered":"<p>Visit <a href=\"https:\/\/groupecoiff.com\/en\/product-2\/fauteuil-de-coiffure-ted\/\">fauteuil de coiffure<\/a> est l\u2019\u00e9l\u00e9ment central de tout salon de coiffure, barbershop ou institut de beaut\u00e9. Il influence directement le confort client, la fluidit\u00e9 des prestations et l\u2019image per\u00e7ue de votre \u00e9tablissement. Un si\u00e8ge de coiffure haut de gamme ne se limite pas \u00e0 un simple \u00e9quipement : c\u2019est un outil de performance, de rentabilit\u00e9 et de diff\u00e9renciation.<\/p>\n\n\n\n<p>Chez Groupe Coiff, sp\u00e9cialiste du mobilier professionnel pour salons de coiffure et instituts de beaut\u00e9, nous proposons une s\u00e9lection compl\u00e8te de fauteuils de coiffure ergonomiques, design et durables, adapt\u00e9s aux besoins des professionnels exigeants.<\/p>\n\n\n\n<figure class=\"wp-block-image size-full\"><img loading=\"lazy\" decoding=\"async\" width=\"850\" height=\"425\" data-attachment-id=\"51939\" data-permalink=\"https:\/\/groupecoiff.com\/en\/guide-complet-pour-choisir-le-meilleur-fauteuil-de-coiffure-professionnel\/thomas__inspiracje\/\" data-orig-file=\"https:\/\/groupecoiff.com\/wp-content\/uploads\/2026\/01\/Thomas__inspiracje.webp\" data-orig-size=\"850,425\" data-comments-opened=\"1\" data-image-meta=\"{&quot;aperture&quot;:&quot;0&quot;,&quot;credit&quot;:&quot;&quot;,&quot;camera&quot;:&quot;&quot;,&quot;caption&quot;:&quot;&quot;,&quot;created_timestamp&quot;:&quot;0&quot;,&quot;copyright&quot;:&quot;&quot;,&quot;focal_length&quot;:&quot;0&quot;,&quot;iso&quot;:&quot;0&quot;,&quot;shutter_speed&quot;:&quot;0&quot;,&quot;title&quot;:&quot;&quot;,&quot;orientation&quot;:&quot;0&quot;}\" data-image-title=\"Thomas__inspiracje\" data-image-description=\"\" data-image-caption=\"\" data-large-file=\"https:\/\/groupecoiff.com\/wp-content\/uploads\/2026\/01\/Thomas__inspiracje.webp\" src=\"https:\/\/groupecoiff.com\/wp-content\/uploads\/2026\/01\/Thomas__inspiracje.webp\" alt=\"Hairdressing chair - Hairdressing chair - professional hairdressing chair - furniture for hairdressing salon - furniture for hairdressing salon\" class=\"wp-image-51939\" srcset=\"https:\/\/groupecoiff.com\/wp-content\/uploads\/2026\/01\/Thomas__inspiracje.webp 850w, https:\/\/groupecoiff.com\/wp-content\/uploads\/2026\/01\/Thomas__inspiracje-300x150.webp 300w, https:\/\/groupecoiff.com\/wp-content\/uploads\/2026\/01\/Thomas__inspiracje-768x384.webp 768w, https:\/\/groupecoiff.com\/wp-content\/uploads\/2026\/01\/Thomas__inspiracje-18x9.webp 18w, https:\/\/groupecoiff.com\/wp-content\/uploads\/2026\/01\/Thomas__inspiracje-250x125.webp 250w, https:\/\/groupecoiff.com\/wp-content\/uploads\/2026\/01\/Thomas__inspiracje-64x32.webp 64w\" sizes=\"auto, (max-width: 850px) 100vw, 850px\" \/><\/figure>\n\n\n\n<h3 class=\"wp-block-heading\" id=\"h-pourquoi-investir-dans-un-fauteuil-de-coiffure-professionnel-haut-de-gamme\">Pourquoi investir dans un fauteuil de coiffure professionnel haut de gamme ?<\/h3>\n\n\n\n<p>Une chaise de coiffure de qualit\u00e9 impacte directement votre activit\u00e9 quotidienne. Il am\u00e9liore l\u2019exp\u00e9rience client, optimise les conditions de travail et renforce votre positionnement premium.<\/p>\n\n\n\n<ul class=\"wp-block-list\">\n<li>Confort client optimal pendant les prestations longues (coloration, soins, brushing, balayage)<\/li>\n\n\n\n<li>Ergonomie professionnelle pour r\u00e9duire la fatigue du coiffeur<\/li>\n\n\n\n<li>Image haut de gamme imm\u00e9diatement perceptible dans le salon<\/li>\n\n\n\n<li>Am\u00e9lioration de la fid\u00e9lisation client gr\u00e2ce \u00e0 une exp\u00e9rience premium<\/li>\n\n\n\n<li>Rentabilit\u00e9 accrue gr\u00e2ce \u00e0 une meilleure efficacit\u00e9 des prestations<\/li>\n<\/ul>\n\n\n\n<figure class=\"wp-block-image size-full\"><img loading=\"lazy\" decoding=\"async\" width=\"850\" height=\"425\" data-attachment-id=\"51938\" data-permalink=\"https:\/\/groupecoiff.com\/en\/guide-complet-pour-choisir-le-meilleur-fauteuil-de-coiffure-professionnel\/quadro_new_inspiracja\/\" data-orig-file=\"https:\/\/groupecoiff.com\/wp-content\/uploads\/2026\/01\/Quadro_new_inspiracja.webp\" data-orig-size=\"850,425\" data-comments-opened=\"1\" data-image-meta=\"{&quot;aperture&quot;:&quot;0&quot;,&quot;credit&quot;:&quot;&quot;,&quot;camera&quot;:&quot;&quot;,&quot;caption&quot;:&quot;&quot;,&quot;created_timestamp&quot;:&quot;0&quot;,&quot;copyright&quot;:&quot;&quot;,&quot;focal_length&quot;:&quot;0&quot;,&quot;iso&quot;:&quot;0&quot;,&quot;shutter_speed&quot;:&quot;0&quot;,&quot;title&quot;:&quot;&quot;,&quot;orientation&quot;:&quot;0&quot;}\" data-image-title=\"Quadro_new_inspiracja\" data-image-description=\"\" data-image-caption=\"\" data-large-file=\"https:\/\/groupecoiff.com\/wp-content\/uploads\/2026\/01\/Quadro_new_inspiracja.webp\" src=\"https:\/\/groupecoiff.com\/wp-content\/uploads\/2026\/01\/Quadro_new_inspiracja.webp\" alt=\"Hairdressing chair - Hairdressing chair - professional hairdressing chair - furniture for hairdressing salon - furniture for hairdressing salon\" class=\"wp-image-51938\" srcset=\"https:\/\/groupecoiff.com\/wp-content\/uploads\/2026\/01\/Quadro_new_inspiracja.webp 850w, https:\/\/groupecoiff.com\/wp-content\/uploads\/2026\/01\/Quadro_new_inspiracja-300x150.webp 300w, https:\/\/groupecoiff.com\/wp-content\/uploads\/2026\/01\/Quadro_new_inspiracja-768x384.webp 768w, https:\/\/groupecoiff.com\/wp-content\/uploads\/2026\/01\/Quadro_new_inspiracja-18x9.webp 18w, https:\/\/groupecoiff.com\/wp-content\/uploads\/2026\/01\/Quadro_new_inspiracja-250x125.webp 250w, https:\/\/groupecoiff.com\/wp-content\/uploads\/2026\/01\/Quadro_new_inspiracja-64x32.webp 64w\" sizes=\"auto, (max-width: 850px) 100vw, 850px\" \/><\/figure>\n\n\n\n<h3 class=\"wp-block-heading\" id=\"h-les-caracteristiques-essentielles-d-un-fauteuil-de-coiffure-professionnel\">Les caract\u00e9ristiques essentielles d\u2019un fauteuil de coiffure professionnel<\/h3>\n\n\n\n<h4 class=\"wp-block-heading\" id=\"h-systeme-hydraulique-haute-performance\"><strong>Syst\u00e8me hydraulique haute performance<\/strong><\/h4>\n\n\n\n<p>Un fauteuil coiffure hydraulique professionnel doit garantir une stabilit\u00e9 parfaite et des r\u00e9glages fluides.<\/p>\n\n\n\n<ul class=\"wp-block-list\">\n<li>R\u00e9glage pr\u00e9cis de la hauteur<\/li>\n\n\n\n<li>Pompe hydraulique renforc\u00e9e pour usage intensif<\/li>\n\n\n\n<li>Stabilit\u00e9 optimale m\u00eame en charge \u00e9lev\u00e9e<\/li>\n\n\n\n<li>Long\u00e9vit\u00e9 renforc\u00e9e des composants m\u00e9caniques<\/li>\n<\/ul>\n\n\n\n<h4 class=\"wp-block-heading\" id=\"h-confort-et-ergonomie-avancee\"><strong>Confort et ergonomie avanc\u00e9e<\/strong><\/h4>\n\n\n\n<p>L\u2019ergonomie est essentielle pour garantir une exp\u00e9rience client agr\u00e9able et un travail sans contrainte.<\/p>\n\n\n\n<ul class=\"wp-block-list\">\n<li>Assise rembourr\u00e9e haute densit\u00e9<\/li>\n\n\n\n<li>Dossier ergonomique adapt\u00e9 \u00e0 toutes les morphologies<\/li>\n\n\n\n<li>Accoudoirs confortables et r\u00e9sistants<\/li>\n\n\n\n<li>Repose-pieds int\u00e9gr\u00e9 ou ajustable selon les mod\u00e8les<\/li>\n<\/ul>\n\n\n\n<h4 class=\"wp-block-heading\" id=\"h-materiaux-professionnels-resistants-et-hygieniques\">Mat\u00e9riaux professionnels r\u00e9sistants et hygi\u00e9niques<\/h4>\n\n\n\n<p>Un si\u00e8ge de coiffure professionnel doit r\u00e9sister \u00e0 un usage intensif et aux produits chimiques utilis\u00e9s en salon.<\/p>\n\n\n\n<ul class=\"wp-block-list\">\n<li>Rev\u00eatement en similicuir PVC ou \u00e9co-cuir premium<\/li>\n\n\n\n<li>Surface facile \u00e0 d\u00e9sinfecter<\/li>\n\n\n\n<li>R\u00e9sistance aux colorations, sprays et produits techniques<\/li>\n\n\n\n<li>Structure m\u00e9tallique renforc\u00e9e anti-usure<\/li>\n<\/ul>\n\n\n\n<figure class=\"wp-block-image size-full\"><img loading=\"lazy\" decoding=\"async\" width=\"850\" height=\"425\" data-attachment-id=\"51936\" data-permalink=\"https:\/\/groupecoiff.com\/en\/guide-complet-pour-choisir-le-meilleur-fauteuil-de-coiffure-professionnel\/levante_slim_inspiracje_1-1\/\" data-orig-file=\"https:\/\/groupecoiff.com\/wp-content\/uploads\/2026\/01\/Levante_slim_inspiracje_1-1.webp\" data-orig-size=\"850,425\" data-comments-opened=\"1\" data-image-meta=\"{&quot;aperture&quot;:&quot;0&quot;,&quot;credit&quot;:&quot;&quot;,&quot;camera&quot;:&quot;&quot;,&quot;caption&quot;:&quot;&quot;,&quot;created_timestamp&quot;:&quot;0&quot;,&quot;copyright&quot;:&quot;&quot;,&quot;focal_length&quot;:&quot;0&quot;,&quot;iso&quot;:&quot;0&quot;,&quot;shutter_speed&quot;:&quot;0&quot;,&quot;title&quot;:&quot;&quot;,&quot;orientation&quot;:&quot;0&quot;}\" data-image-title=\"Levante_slim_inspiracje_1-1\" data-image-description=\"\" data-image-caption=\"\" data-large-file=\"https:\/\/groupecoiff.com\/wp-content\/uploads\/2026\/01\/Levante_slim_inspiracje_1-1.webp\" src=\"https:\/\/groupecoiff.com\/wp-content\/uploads\/2026\/01\/Levante_slim_inspiracje_1-1.webp\" alt=\"Hairdressing chair - Hairdressing chair - professional hairdressing chair - furniture for hairdressing salon - furniture for hairdressing salon\" class=\"wp-image-51936\" srcset=\"https:\/\/groupecoiff.com\/wp-content\/uploads\/2026\/01\/Levante_slim_inspiracje_1-1.webp 850w, https:\/\/groupecoiff.com\/wp-content\/uploads\/2026\/01\/Levante_slim_inspiracje_1-1-300x150.webp 300w, https:\/\/groupecoiff.com\/wp-content\/uploads\/2026\/01\/Levante_slim_inspiracje_1-1-768x384.webp 768w, https:\/\/groupecoiff.com\/wp-content\/uploads\/2026\/01\/Levante_slim_inspiracje_1-1-18x9.webp 18w, https:\/\/groupecoiff.com\/wp-content\/uploads\/2026\/01\/Levante_slim_inspiracje_1-1-250x125.webp 250w, https:\/\/groupecoiff.com\/wp-content\/uploads\/2026\/01\/Levante_slim_inspiracje_1-1-64x32.webp 64w\" sizes=\"auto, (max-width: 850px) 100vw, 850px\" \/><\/figure>\n\n\n\n<h3 class=\"wp-block-heading\" id=\"h-design-moderne-et-image-de-marque\">Design moderne et image de marque<\/h3>\n\n\n\n<p>Le design d\u2019un fauteuil de coiffure haut de gamme influence directement la perception de votre salon.<\/p>\n\n\n\n<ul class=\"wp-block-list\">\n<li>Styles modernes, industriels, minimalistes ou luxe<\/li>\n\n\n\n<li>Bases chrom\u00e9es, noires ou dor\u00e9es<\/li>\n\n\n\n<li>Finitions personnalisables selon l\u2019identit\u00e9 du salon<\/li>\n\n\n\n<li>Harmonisation avec bacs \u00e0 shampoing et postes de coiffage<\/li>\n<\/ul>\n\n\n\n<h3 class=\"wp-block-heading\" id=\"h-les-modeles-de-fauteuils-de-coiffure-proposes-par-groupe-coiff\">Les mod\u00e8les de fauteuils de coiffure propos\u00e9s par Groupe Coiff<\/h3>\n\n\n\n<p>Notre gamme de fauteuils de coiffure professionnels est pens\u00e9e pour r\u00e9pondre aux besoins des salons modernes, barbershops et instituts haut de gamme.<\/p>\n\n\n\n<ul class=\"wp-block-list\">\n<li><strong>Gloria:<\/strong> fauteuil de coiffure confortable au design \u00e9pur\u00e9 et moderne<\/li>\n\n\n\n<li><strong>Holly:<\/strong> si\u00e8ge coiffure \u00e9l\u00e9gant avec stabilit\u00e9 renforc\u00e9e<\/li>\n\n\n\n<li><strong>Globe:<\/strong> mod\u00e8le robuste pour usage intensif en salon professionnel<\/li>\n\n\n\n<li><strong>Ted:<\/strong> fauteuil haut de gamme pour salons premium<\/li>\n\n\n\n<li><strong>Reflection :<\/strong> fauteuil personnalisable selon l\u2019identit\u00e9 visuelle du salon<\/li>\n<\/ul>\n\n\n\n<p>Chaque mod\u00e8le est con\u00e7u pour allier confort, durabilit\u00e9 et esth\u00e9tique professionnelle.<\/p>\n\n\n\n<figure class=\"wp-block-image size-full\"><img loading=\"lazy\" decoding=\"async\" width=\"850\" height=\"425\" data-attachment-id=\"51937\" data-permalink=\"https:\/\/groupecoiff.com\/en\/guide-complet-pour-choisir-le-meilleur-fauteuil-de-coiffure-professionnel\/pola_inspiracje\/\" data-orig-file=\"https:\/\/groupecoiff.com\/wp-content\/uploads\/2026\/01\/Pola_inspiracje.webp\" data-orig-size=\"850,425\" data-comments-opened=\"1\" data-image-meta=\"{&quot;aperture&quot;:&quot;0&quot;,&quot;credit&quot;:&quot;&quot;,&quot;camera&quot;:&quot;&quot;,&quot;caption&quot;:&quot;&quot;,&quot;created_timestamp&quot;:&quot;0&quot;,&quot;copyright&quot;:&quot;&quot;,&quot;focal_length&quot;:&quot;0&quot;,&quot;iso&quot;:&quot;0&quot;,&quot;shutter_speed&quot;:&quot;0&quot;,&quot;title&quot;:&quot;&quot;,&quot;orientation&quot;:&quot;0&quot;}\" data-image-title=\"Pola_inspiracje\" data-image-description=\"\" data-image-caption=\"\" data-large-file=\"https:\/\/groupecoiff.com\/wp-content\/uploads\/2026\/01\/Pola_inspiracje.webp\" src=\"https:\/\/groupecoiff.com\/wp-content\/uploads\/2026\/01\/Pola_inspiracje.webp\" alt=\"Hairdressing chair - Hairdressing chair - professional hairdressing chair - furniture for hairdressing salon - furniture for hairdressing salon\" class=\"wp-image-51937\" srcset=\"https:\/\/groupecoiff.com\/wp-content\/uploads\/2026\/01\/Pola_inspiracje.webp 850w, https:\/\/groupecoiff.com\/wp-content\/uploads\/2026\/01\/Pola_inspiracje-300x150.webp 300w, https:\/\/groupecoiff.com\/wp-content\/uploads\/2026\/01\/Pola_inspiracje-768x384.webp 768w, https:\/\/groupecoiff.com\/wp-content\/uploads\/2026\/01\/Pola_inspiracje-18x9.webp 18w, https:\/\/groupecoiff.com\/wp-content\/uploads\/2026\/01\/Pola_inspiracje-250x125.webp 250w, https:\/\/groupecoiff.com\/wp-content\/uploads\/2026\/01\/Pola_inspiracje-64x32.webp 64w\" sizes=\"auto, (max-width: 850px) 100vw, 850px\" \/><\/figure>\n\n\n\n<h3 class=\"wp-block-heading\" id=\"h-comment-un-fauteuil-de-coiffure-influence-votre-business\">Comment un fauteuil de coiffure influence votre business ?<\/h3>\n\n\n\n<ul class=\"wp-block-list\">\n<li>Am\u00e9lioration de la satisfaction client et des avis positifs<\/li>\n\n\n\n<li>R\u00e9duction de la fatigue des professionnels<\/li>\n\n\n\n<li>Augmentation de la productivit\u00e9 quotidienne<\/li>\n\n\n\n<li>Valorisation des tarifs gr\u00e2ce \u00e0 un positionnement premium<\/li>\n\n\n\n<li>Renforcement de l\u2019image de marque du salon<\/li>\n<\/ul>\n\n\n\n<h3 class=\"wp-block-heading\" id=\"h-comment-choisir-le-bon-fauteuil-de-coiffure-professionnel\">Comment choisir le bon fauteuil de coiffure professionnel ?<\/h3>\n\n\n\n<p>Le choix d\u2019un fauteuil coiffure professionnel a un impact direct sur la performance globale du salon.<\/p>\n\n\n\n<p>Pour s\u00e9lectionner le bon si\u00e8ge de coiffure, plusieurs crit\u00e8res doivent \u00eatre pris en compte :<\/p>\n\n\n\n<ul class=\"wp-block-list\">\n<li>Volume de clients et intensit\u00e9 d\u2019utilisation quotidienne<\/li>\n\n\n\n<li>Espace disponible dans le salon<\/li>\n\n\n\n<li>Qualit\u00e9 du syst\u00e8me hydraulique<\/li>\n\n\n\n<li>Confort de l\u2019assise et ergonomie g\u00e9n\u00e9rale<\/li>\n\n\n\n<li>Facilit\u00e9 d\u2019entretien et hygi\u00e8ne des mat\u00e9riaux<\/li>\n\n\n\n<li>Harmonie avec le design global du salon<\/li>\n<\/ul>\n\n\n\n<figure class=\"wp-block-image size-full\"><img loading=\"lazy\" decoding=\"async\" width=\"850\" height=\"425\" data-attachment-id=\"51941\" data-permalink=\"https:\/\/groupecoiff.com\/en\/guide-complet-pour-choisir-le-meilleur-fauteuil-de-coiffure-professionnel\/zoe__inspiracje_1\/\" data-orig-file=\"https:\/\/groupecoiff.com\/wp-content\/uploads\/2026\/01\/Zoe__inspiracje_1.webp\" data-orig-size=\"850,425\" data-comments-opened=\"1\" data-image-meta=\"{&quot;aperture&quot;:&quot;0&quot;,&quot;credit&quot;:&quot;&quot;,&quot;camera&quot;:&quot;&quot;,&quot;caption&quot;:&quot;&quot;,&quot;created_timestamp&quot;:&quot;0&quot;,&quot;copyright&quot;:&quot;&quot;,&quot;focal_length&quot;:&quot;0&quot;,&quot;iso&quot;:&quot;0&quot;,&quot;shutter_speed&quot;:&quot;0&quot;,&quot;title&quot;:&quot;&quot;,&quot;orientation&quot;:&quot;0&quot;}\" data-image-title=\"Zoe__inspiracje_1\" data-image-description=\"\" data-image-caption=\"\" data-large-file=\"https:\/\/groupecoiff.com\/wp-content\/uploads\/2026\/01\/Zoe__inspiracje_1.webp\" src=\"https:\/\/groupecoiff.com\/wp-content\/uploads\/2026\/01\/Zoe__inspiracje_1.webp\" alt=\"Hairdressing chair - Hairdressing chair - professional hairdressing chair - furniture for hairdressing salon - furniture for hairdressing salon\" class=\"wp-image-51941\" srcset=\"https:\/\/groupecoiff.com\/wp-content\/uploads\/2026\/01\/Zoe__inspiracje_1.webp 850w, https:\/\/groupecoiff.com\/wp-content\/uploads\/2026\/01\/Zoe__inspiracje_1-300x150.webp 300w, https:\/\/groupecoiff.com\/wp-content\/uploads\/2026\/01\/Zoe__inspiracje_1-768x384.webp 768w, https:\/\/groupecoiff.com\/wp-content\/uploads\/2026\/01\/Zoe__inspiracje_1-18x9.webp 18w, https:\/\/groupecoiff.com\/wp-content\/uploads\/2026\/01\/Zoe__inspiracje_1-250x125.webp 250w, https:\/\/groupecoiff.com\/wp-content\/uploads\/2026\/01\/Zoe__inspiracje_1-64x32.webp 64w\" sizes=\"auto, (max-width: 850px) 100vw, 850px\" \/><\/figure>\n\n\n\n<h3 class=\"wp-block-heading\" id=\"h-fauteuil-de-coiffure-hydraulique-un-standard-professionnel-incontournable\">Fauteuil de coiffure hydraulique : un standard professionnel incontournable<\/h3>\n\n\n\n<p>Le fauteuil de coiffure hydraulique professionnel est aujourd\u2019hui indispensable dans tout salon moderne. Il permet des ajustements rapides, pr\u00e9cis et sans effort, am\u00e9liorant ainsi l\u2019efficacit\u00e9 des prestations.<\/p>\n\n\n\n<h3 class=\"wp-block-heading\" id=\"h-integration-du-mobilier-dans-votre-salon-de-coiffure\">Int\u00e9gration du mobilier dans votre salon de coiffure<\/h3>\n\n\n\n<p>Un am\u00e9nagement r\u00e9ussi repose sur une coh\u00e9rence globale entre les diff\u00e9rents \u00e9quipements :<\/p>\n\n\n\n<ul class=\"wp-block-list\">\n<li>Fauteuils de coiffure assortis aux bacs \u00e0 shampoing<\/li>\n\n\n\n<li>Postes de coiffage harmonis\u00e9s<\/li>\n\n\n\n<li>Circulation fluide entre les zones techniques<\/li>\n\n\n\n<li>Optimisation de l\u2019espace de travail<\/li>\n<\/ul>\n\n\n\n<figure class=\"wp-block-image size-full\"><img loading=\"lazy\" decoding=\"async\" width=\"850\" height=\"425\" data-attachment-id=\"51940\" data-permalink=\"https:\/\/groupecoiff.com\/en\/guide-complet-pour-choisir-le-meilleur-fauteuil-de-coiffure-professionnel\/tina__inspiracje\/\" data-orig-file=\"https:\/\/groupecoiff.com\/wp-content\/uploads\/2026\/01\/Tina__inspiracje.webp\" data-orig-size=\"850,425\" data-comments-opened=\"1\" data-image-meta=\"{&quot;aperture&quot;:&quot;0&quot;,&quot;credit&quot;:&quot;&quot;,&quot;camera&quot;:&quot;&quot;,&quot;caption&quot;:&quot;&quot;,&quot;created_timestamp&quot;:&quot;0&quot;,&quot;copyright&quot;:&quot;&quot;,&quot;focal_length&quot;:&quot;0&quot;,&quot;iso&quot;:&quot;0&quot;,&quot;shutter_speed&quot;:&quot;0&quot;,&quot;title&quot;:&quot;&quot;,&quot;orientation&quot;:&quot;0&quot;}\" data-image-title=\"Tina__inspiracje\" data-image-description=\"\" data-image-caption=\"\" data-large-file=\"https:\/\/groupecoiff.com\/wp-content\/uploads\/2026\/01\/Tina__inspiracje.webp\" src=\"https:\/\/groupecoiff.com\/wp-content\/uploads\/2026\/01\/Tina__inspiracje.webp\" alt=\"Hairdressing chair - Hairdressing chair - professional hairdressing chair - furniture for hairdressing salon - furniture for hairdressing salon\" class=\"wp-image-51940\" srcset=\"https:\/\/groupecoiff.com\/wp-content\/uploads\/2026\/01\/Tina__inspiracje.webp 850w, https:\/\/groupecoiff.com\/wp-content\/uploads\/2026\/01\/Tina__inspiracje-300x150.webp 300w, https:\/\/groupecoiff.com\/wp-content\/uploads\/2026\/01\/Tina__inspiracje-768x384.webp 768w, https:\/\/groupecoiff.com\/wp-content\/uploads\/2026\/01\/Tina__inspiracje-18x9.webp 18w, https:\/\/groupecoiff.com\/wp-content\/uploads\/2026\/01\/Tina__inspiracje-250x125.webp 250w, https:\/\/groupecoiff.com\/wp-content\/uploads\/2026\/01\/Tina__inspiracje-64x32.webp 64w\" sizes=\"auto, (max-width: 850px) 100vw, 850px\" \/><\/figure>\n\n\n\n<h3 class=\"wp-block-heading\" id=\"h-pourquoi-choisir-groupe-coiff-pour-vos-fauteuils-de-coiffure\">Pourquoi choisir Groupe Coiff pour vos fauteuils de coiffure ?<\/h3>\n\n\n\n<ul class=\"wp-block-list\">\n<li>Sp\u00e9cialiste du mobilier pour salon de coiffure et institut de beaut\u00e9<\/li>\n\n\n\n<li>Fauteuils de coiffure professionnels robustes et design<\/li>\n\n\n\n<li>Large gamme adapt\u00e9e aux besoins des salons modernes<\/li>\n\n\n\n<li>Personnalisation possible selon votre identit\u00e9 visuelle<\/li>\n\n\n\n<li>Accompagnement professionnel et conseils experts<\/li>\n<\/ul>\n\n\n\n<p>Le fauteuil de coiffure est bien plus qu\u2019un \u00e9quipement. C\u2019est un levier de performance, de confort et d\u2019image. En choisissant un mod\u00e8le adapt\u00e9, vous am\u00e9liorez votre efficacit\u00e9, renforcez votre positionnement et offrez une exp\u00e9rience client haut de gamme durable.<\/p>","protected":false},"excerpt":{"rendered":"<p>Le fauteuil de coiffure est l\u2019\u00e9l\u00e9ment central de tout salon de coiffure, barbershop ou institut de beaut\u00e9. Il influence directement le confort client, la fluidit\u00e9 des prestations et l\u2019image per\u00e7ue de votre \u00e9tablissement. Un si\u00e8ge de coiffure haut de gamme ne se limite pas \u00e0 un simple \u00e9quipement : c\u2019est un outil de performance, de [&hellip;]<\/p>\n","protected":false},"author":95,"featured_media":51934,"comment_status":"open","ping_status":"open","sticky":false,"template":"","format":"standard","meta":{"googlesitekit_rrm_CAow0YCiDA:productID":"","jetpack_post_was_ever_published":false,"_jetpack_newsletter_access":"","_jetpack_dont_email_post_to_subs":false,"_jetpack_newsletter_tier_id":0,"_jetpack_memberships_contains_paywalled_content":false,"_jetpack_memberships_contains_paid_content":false,"footnotes":"","jetpack_publicize_message":"","jetpack_publicize_feature_enabled":true,"jetpack_social_post_already_shared":true,"jetpack_social_options":{"image_generator_settings":{"template":"highway","default_image_id":0,"font":"","enabled":false},"version":2}},"categories":[645],"tags":[646],"class_list":["post-49265","post","type-post","status-publish","format-standard","has-post-thumbnail","hentry","category-fauteuils-de-coiffure","tag-fauteuils-de-coiffure"],"blocksy_meta":[],"yoast_head":"<!-- This site is optimized with the Yoast SEO Premium plugin v27.4 (Yoast SEO v27.4) - https:\/\/yoast.com\/product\/yoast-seo-premium-wordpress\/ -->\n<title>D\u00e9couvrez Nos Mobilier de Coiffure professionnel : Fauteuils de barbier, Miroirs LED et Plus - Groupe Coiff<\/title>\n<meta name=\"description\" content=\"D\u00e9couvrez les fauteuils de coiffure qui allient design et confort, essentiels pour un salon professionnel r\u00e9ussi.\" \/>\n<meta name=\"robots\" content=\"index, follow, max-snippet:-1, max-image-preview:large, max-video-preview:-1\" \/>\n<link rel=\"canonical\" href=\"https:\/\/groupecoiff.com\/en\/guide-complet-pour-choisir-le-meilleur-fauteuil-de-coiffure-professionnel\/\" \/>\n<meta property=\"og:locale\" content=\"en_US\" \/>\n<meta property=\"og:type\" content=\"article\" \/>\n<meta property=\"og:title\" content=\"Groupe Coiff - D\u00e9couvrez Nos Mobilier de Coiffure professionnel : Fauteuils de barbier, Miroirs LED et Plus encore\" \/>\n<meta property=\"og:description\" content=\"Optimiser le Confort et l\u2019Efficacit\u00e9 : Mobilier de Coiffure Professionnel pour Salons. Le choix du mobilier de coiffure professionnel est fondamental pour l&#039;exp\u00e9rience client dans un salon de coiffure. Un mobilier bien choisi combine fonctionnalit\u00e9 et esth\u00e9tique, cr\u00e9ant une ambiance accueillante et professionnelle tout en assurant le confort des clients et l&#039;efficacit\u00e9 des coiffeurs. Dans cet article, nous explorerons les \u00e9l\u00e9ments cl\u00e9s du mobilier pour coiffeur et comment ils peuvent transformer votre salon de coiffure en un espace \u00e0 la fois attrayant et performant. Miroirs et Stations de Coiffage. Le miroir coiffeuse est central \u00e0 toute station de coiffage, permettant aux clients de voir leur transformation. Les coiffeuses avec miroir LED sont devenues incontournables gr\u00e2ce \u00e0 leur \u00e9clairage optimal pour les services de pr\u00e9cision. Ces miroirs am\u00e9liorent la visibilit\u00e9, ce qui facilite le travail des coiffeurs tout en cr\u00e9ant une ambiance sophistiqu\u00e9e. Confort et Style : Les Fauteuils de Coiffure. Un fauteuil coiffure est un pilier du mobilier de salon, alliant confort pour le client et fonctionnalit\u00e9 pour le coiffeur. Les fauteuils dot\u00e9s de repose-pied int\u00e9gr\u00e9 offrent un confort accru, tandis que les options comme le fauteuil de salon de coiffure ou le fauteuil barbier apportent une touche de style. Pour les budgets limit\u00e9s, des fauteuils coiffure pas chers sont disponibles sans sacrifier le confort. L&#039;Importance des Bacs \u00e0 Shampoing. Les bacs \u00e0 shampoing, aussi connus comme bacs pour laver les cheveux, sont essentiels pour une exp\u00e9rience de lavage confortable et efficace. Un bac \u00e0 shampoing massant peut transformer le lavage des cheveux en un moment de d\u00e9tente, augmentant la satisfaction client. Ces bacs sont un choix id\u00e9al pour les salons qui veulent offrir une exp\u00e9rience de luxe. S\u00e9chage et Finition. Le casque pour s\u00e9cher les cheveux ou le s\u00e8che-cheveux casque est indispensable pour le coiffage. Ces appareils permettent un s\u00e9chage uniforme, tout en laissant les mains du coiffeur libres pour d&#039;autres t\u00e2ches. Le chauffe-serviettes barbier est \u00e9galement un ajout appr\u00e9ci\u00e9, offrant un confort suppl\u00e9mentaire lors des traitements capillaires ou de rasage. Mobilier Compl\u00e9mentaire : Un chariot de coiffure est pratique pour garder \u00e0 port\u00e9e de main tous les accessoires n\u00e9cessaires pendant une s\u00e9ance. De plus, le comptoir coiffure et la caisse pour salon de coiffure sont cruciaux pour la gestion efficace du salon. Un agencement intelligent du salon de coiffure meuble am\u00e9liore non seulement l&#039;organisation, mais contribue aussi \u00e0 une d\u00e9coration salon de coiffure coh\u00e9rente et attrayante. Agencement et D\u00e9coration L&#039;agencement de salon de coiffure est crucial pour maximiser l&#039;espace tout en cr\u00e9ant une atmosph\u00e8re agr\u00e9able. Les *tabourets coiffure, chaises de coiffeur, et si\u00e8ges pour salon de coiffure doivent \u00eatre dispos\u00e9s pour faciliter la circulation et l&#039;interaction. Les d\u00e9tails de d\u00e9coration, tels que le repose-pied pour salon de coiffure, ajoutent une touche de luxe et de confort. Conclusion : Investir dans un mobilier pour salon de coiffure de qualit\u00e9 est essentiel pour offrir une exp\u00e9rience client in\u00e9gal\u00e9e. Le mat\u00e9riel pour salon de coiffure bien choisi am\u00e9liore le confort des clients ainsi que l&#039;efficacit\u00e9 et la satisfaction des coiffeurs. Que vous choisissiez un fauteuil barbier pas cher ou un lavabo coiffeur luxueux, chaque \u00e9l\u00e9ment contribue \u00e0 cr\u00e9er un environnement professionnel et accueillant. Groupe Coiff est fier de proposer une large gamme de mobilier de coiffure r\u00e9pondant aux besoins des salons modernes, garantissant que chaque salon est \u00e9quip\u00e9 pour r\u00e9ussir. Pour en savoir plus sur nos produits ou pour consulter notre catalogue complet, visitez notre site Web ou contactez notre \u00e9quipe d&#039;experts. Investissez dans votre salon aujourd&#039;hui et constatez la diff\u00e9rence qu&#039;un mobilier de qualit\u00e9 peut apporter.\" \/>\n<meta property=\"og:url\" content=\"https:\/\/groupecoiff.com\/en\/guide-complet-pour-choisir-le-meilleur-fauteuil-de-coiffure-professionnel\/\" \/>\n<meta property=\"og:site_name\" content=\"Groupe Coiff\" \/>\n<meta property=\"article:publisher\" content=\"https:\/\/www.facebook.com\/GroupeCoiff\" \/>\n<meta property=\"article:published_time\" content=\"2026-01-29T01:13:39+00:00\" \/>\n<meta property=\"article:modified_time\" content=\"2026-04-03T16:28:17+00:00\" \/>\n<meta property=\"og:image\" content=\"https:\/\/groupecoiff.com\/wp-content\/uploads\/2026\/01\/Dolly_inspiracje_1.webp\" \/>\n\t<meta property=\"og:image:width\" content=\"850\" \/>\n\t<meta property=\"og:image:height\" content=\"425\" \/>\n\t<meta property=\"og:image:type\" content=\"image\/webp\" \/>\n<meta name=\"author\" content=\"anujseo911\" \/>\n<meta name=\"twitter:card\" content=\"summary_large_image\" \/>\n<meta name=\"twitter:creator\" content=\"@groupecoiff\" \/>\n<meta name=\"twitter:site\" content=\"@groupecoiff\" \/>\n<meta name=\"twitter:label1\" content=\"Written by\" \/>\n\t<meta name=\"twitter:data1\" content=\"anujseo911\" \/>\n\t<meta name=\"twitter:label2\" content=\"Est. reading time\" \/>\n\t<meta name=\"twitter:data2\" content=\"6 minutes\" \/>\n<script type=\"application\/ld+json\" class=\"yoast-schema-graph\">{\"@context\":\"https:\\\/\\\/schema.org\",\"@graph\":[{\"@type\":\"Article\",\"@id\":\"https:\\\/\\\/groupecoiff.com\\\/guide-complet-pour-choisir-le-meilleur-fauteuil-de-coiffure-professionnel\\\/#article\",\"isPartOf\":{\"@id\":\"https:\\\/\\\/groupecoiff.com\\\/guide-complet-pour-choisir-le-meilleur-fauteuil-de-coiffure-professionnel\\\/\"},\"author\":{\"name\":\"anujseo911\",\"@id\":\"https:\\\/\\\/groupecoiff.com\\\/#\\\/schema\\\/person\\\/df95e61afc79524e8437b95822a1ea52\"},\"headline\":\"Guide complet pour choisir un fauteuil de coiffure haut de gamme pour salon et institut\",\"datePublished\":\"2026-01-29T01:13:39+00:00\",\"dateModified\":\"2026-04-03T16:28:17+00:00\",\"mainEntityOfPage\":{\"@id\":\"https:\\\/\\\/groupecoiff.com\\\/guide-complet-pour-choisir-le-meilleur-fauteuil-de-coiffure-professionnel\\\/\"},\"wordCount\":829,\"commentCount\":0,\"publisher\":{\"@id\":\"https:\\\/\\\/groupecoiff.com\\\/#organization\"},\"image\":{\"@id\":\"https:\\\/\\\/groupecoiff.com\\\/guide-complet-pour-choisir-le-meilleur-fauteuil-de-coiffure-professionnel\\\/#primaryimage\"},\"thumbnailUrl\":\"https:\\\/\\\/groupecoiff.com\\\/wp-content\\\/uploads\\\/2026\\\/01\\\/Dolly_inspiracje_1.webp\",\"keywords\":[\"fauteuils de coiffure\"],\"articleSection\":[\"fauteuils de coiffure\"],\"inLanguage\":\"en-US\",\"potentialAction\":[{\"@type\":\"CommentAction\",\"name\":\"Comment\",\"target\":[\"https:\\\/\\\/groupecoiff.com\\\/guide-complet-pour-choisir-le-meilleur-fauteuil-de-coiffure-professionnel\\\/#respond\"]}],\"copyrightYear\":\"2026\",\"copyrightHolder\":{\"@id\":\"https:\\\/\\\/groupecoiff.com\\\/en\\\/#organization\"}},{\"@type\":\"WebPage\",\"@id\":\"https:\\\/\\\/groupecoiff.com\\\/guide-complet-pour-choisir-le-meilleur-fauteuil-de-coiffure-professionnel\\\/\",\"url\":\"https:\\\/\\\/groupecoiff.com\\\/guide-complet-pour-choisir-le-meilleur-fauteuil-de-coiffure-professionnel\\\/\",\"name\":\"D\u00e9couvrez Nos Mobilier de Coiffure professionnel : Fauteuils de barbier, Miroirs LED et Plus - Groupe Coiff\",\"isPartOf\":{\"@id\":\"https:\\\/\\\/groupecoiff.com\\\/#website\"},\"primaryImageOfPage\":{\"@id\":\"https:\\\/\\\/groupecoiff.com\\\/guide-complet-pour-choisir-le-meilleur-fauteuil-de-coiffure-professionnel\\\/#primaryimage\"},\"image\":{\"@id\":\"https:\\\/\\\/groupecoiff.com\\\/guide-complet-pour-choisir-le-meilleur-fauteuil-de-coiffure-professionnel\\\/#primaryimage\"},\"thumbnailUrl\":\"https:\\\/\\\/groupecoiff.com\\\/wp-content\\\/uploads\\\/2026\\\/01\\\/Dolly_inspiracje_1.webp\",\"datePublished\":\"2026-01-29T01:13:39+00:00\",\"dateModified\":\"2026-04-03T16:28:17+00:00\",\"description\":\"D\u00e9couvrez les fauteuils de coiffure qui allient design et confort, essentiels pour un salon professionnel r\u00e9ussi.\",\"breadcrumb\":{\"@id\":\"https:\\\/\\\/groupecoiff.com\\\/guide-complet-pour-choisir-le-meilleur-fauteuil-de-coiffure-professionnel\\\/#breadcrumb\"},\"inLanguage\":\"en-US\",\"potentialAction\":[{\"@type\":\"ReadAction\",\"target\":[\"https:\\\/\\\/groupecoiff.com\\\/guide-complet-pour-choisir-le-meilleur-fauteuil-de-coiffure-professionnel\\\/\"]}]},{\"@type\":\"ImageObject\",\"inLanguage\":\"en-US\",\"@id\":\"https:\\\/\\\/groupecoiff.com\\\/guide-complet-pour-choisir-le-meilleur-fauteuil-de-coiffure-professionnel\\\/#primaryimage\",\"url\":\"https:\\\/\\\/groupecoiff.com\\\/wp-content\\\/uploads\\\/2026\\\/01\\\/Dolly_inspiracje_1.webp\",\"contentUrl\":\"https:\\\/\\\/groupecoiff.com\\\/wp-content\\\/uploads\\\/2026\\\/01\\\/Dolly_inspiracje_1.webp\",\"width\":850,\"height\":425,\"caption\":\"Fauteuil de coiffure - chaise de coiffure - fauteuil de coiffure professionnel - mobilier pour salon de coiffure - meuble pour salon de coiffure\"},{\"@type\":\"BreadcrumbList\",\"@id\":\"https:\\\/\\\/groupecoiff.com\\\/guide-complet-pour-choisir-le-meilleur-fauteuil-de-coiffure-professionnel\\\/#breadcrumb\",\"itemListElement\":[{\"@type\":\"ListItem\",\"position\":1,\"name\":\"Accueil\",\"item\":\"https:\\\/\\\/groupecoiff.com\\\/\"},{\"@type\":\"ListItem\",\"position\":2,\"name\":\"Guide complet pour choisir un fauteuil de coiffure haut de gamme pour salon et institut\"}]},{\"@type\":\"WebSite\",\"@id\":\"https:\\\/\\\/groupecoiff.com\\\/#website\",\"url\":\"https:\\\/\\\/groupecoiff.com\\\/\",\"name\":\"Groupe Coiff\",\"description\":\"Tout pour la coiffure\",\"publisher\":{\"@id\":\"https:\\\/\\\/groupecoiff.com\\\/#organization\"},\"potentialAction\":[{\"@type\":\"SearchAction\",\"target\":{\"@type\":\"EntryPoint\",\"urlTemplate\":\"https:\\\/\\\/groupecoiff.com\\\/?s={search_term_string}\"},\"query-input\":{\"@type\":\"PropertyValueSpecification\",\"valueRequired\":true,\"valueName\":\"search_term_string\"}}],\"inLanguage\":\"en-US\"},{\"@type\":\"Organization\",\"@id\":\"https:\\\/\\\/groupecoiff.com\\\/#organization\",\"name\":\"Groupe Coiff\",\"alternateName\":\"Groupe Coiff : Le Mobilier De Coiffure Haut de Gamme Pour Une \u00c9l\u00e9gance In\u00e9gal\u00e9e\",\"url\":\"https:\\\/\\\/groupecoiff.com\\\/\",\"logo\":{\"@type\":\"ImageObject\",\"inLanguage\":\"en-US\",\"@id\":\"https:\\\/\\\/groupecoiff.com\\\/#\\\/schema\\\/logo\\\/image\\\/\",\"url\":\"https:\\\/\\\/groupecoiff.com\\\/wp-content\\\/uploads\\\/2024\\\/01\\\/cropped-Groupe-Coiff-Logo.webp\",\"contentUrl\":\"https:\\\/\\\/groupecoiff.com\\\/wp-content\\\/uploads\\\/2024\\\/01\\\/cropped-Groupe-Coiff-Logo.webp\",\"width\":512,\"height\":512,\"caption\":\"Groupe Coiff\"},\"image\":{\"@id\":\"https:\\\/\\\/groupecoiff.com\\\/#\\\/schema\\\/logo\\\/image\\\/\"},\"sameAs\":[\"https:\\\/\\\/www.facebook.com\\\/GroupeCoiff\",\"https:\\\/\\\/x.com\\\/groupecoiff\",\"https:\\\/\\\/www.instagram.com\\\/groupecoiff\\\/\",\"https:\\\/\\\/www.tiktok.com\\\/@groupecoiff\",\"https:\\\/\\\/www.youtube.com\\\/@groupecoiff\",\"https:\\\/\\\/twitter.com\\\/groupecoiff\",\"https:\\\/\\\/www.leboncoin.fr\\\/boutique\\\/3961302\\\/groupe_coiff.htm\"],\"description\":\"D\u00e9couvrez le mobilier de coiffure haut de gamme de Groupe Coiff, alliant \u00e9l\u00e9gance et fonctionnalit\u00e9 pour sublimer votre salon et satisfaire vos clients.\",\"email\":\"contact@groupecoiff.com\",\"telephone\":\"0676951605\",\"legalName\":\"Groupe Coiff\",\"foundingDate\":\"2022-11-16\",\"vatID\":\"FR84921406419\",\"taxID\":\"92140641900025\"},{\"@type\":\"Person\",\"@id\":\"https:\\\/\\\/groupecoiff.com\\\/#\\\/schema\\\/person\\\/df95e61afc79524e8437b95822a1ea52\",\"name\":\"anujseo911\",\"image\":{\"@type\":\"ImageObject\",\"inLanguage\":\"en-US\",\"@id\":\"https:\\\/\\\/secure.gravatar.com\\\/avatar\\\/ad0d10e1986784d628cf5447ca58cfe6e06c51c456ba34fcd3a8f1830854ec0e?s=96&d=mm&r=g\",\"url\":\"https:\\\/\\\/secure.gravatar.com\\\/avatar\\\/ad0d10e1986784d628cf5447ca58cfe6e06c51c456ba34fcd3a8f1830854ec0e?s=96&d=mm&r=g\",\"contentUrl\":\"https:\\\/\\\/secure.gravatar.com\\\/avatar\\\/ad0d10e1986784d628cf5447ca58cfe6e06c51c456ba34fcd3a8f1830854ec0e?s=96&d=mm&r=g\",\"caption\":\"anujseo911\"}}]}<\/script>\n<!-- \/ Yoast SEO Premium plugin. -->","yoast_head_json":{"title":"Discover Our Professional Hair Salon Furniture: Barber Chairs, LED Mirrors and More - Groupe Coiff","description":"D\u00e9couvrez les fauteuils de coiffure qui allient design et confort, essentiels pour un salon professionnel r\u00e9ussi.","robots":{"index":"index","follow":"follow","max-snippet":"max-snippet:-1","max-image-preview":"max-image-preview:large","max-video-preview":"max-video-preview:-1"},"canonical":"https:\/\/groupecoiff.com\/en\/guide-complet-pour-choisir-le-meilleur-fauteuil-de-coiffure-professionnel\/","og_locale":"en_US","og_type":"article","og_title":"Groupe Coiff - D\u00e9couvrez Nos Mobilier de Coiffure professionnel : Fauteuils de barbier, Miroirs LED et Plus encore","og_description":"Optimiser le Confort et l\u2019Efficacit\u00e9 : Mobilier de Coiffure Professionnel pour Salons. Le choix du mobilier de coiffure professionnel est fondamental pour l'exp\u00e9rience client dans un salon de coiffure. Un mobilier bien choisi combine fonctionnalit\u00e9 et esth\u00e9tique, cr\u00e9ant une ambiance accueillante et professionnelle tout en assurant le confort des clients et l'efficacit\u00e9 des coiffeurs. Dans cet article, nous explorerons les \u00e9l\u00e9ments cl\u00e9s du mobilier pour coiffeur et comment ils peuvent transformer votre salon de coiffure en un espace \u00e0 la fois attrayant et performant. Miroirs et Stations de Coiffage. Le miroir coiffeuse est central \u00e0 toute station de coiffage, permettant aux clients de voir leur transformation. Les coiffeuses avec miroir LED sont devenues incontournables gr\u00e2ce \u00e0 leur \u00e9clairage optimal pour les services de pr\u00e9cision. Ces miroirs am\u00e9liorent la visibilit\u00e9, ce qui facilite le travail des coiffeurs tout en cr\u00e9ant une ambiance sophistiqu\u00e9e. Confort et Style : Les Fauteuils de Coiffure. Un fauteuil coiffure est un pilier du mobilier de salon, alliant confort pour le client et fonctionnalit\u00e9 pour le coiffeur. Les fauteuils dot\u00e9s de repose-pied int\u00e9gr\u00e9 offrent un confort accru, tandis que les options comme le fauteuil de salon de coiffure ou le fauteuil barbier apportent une touche de style. Pour les budgets limit\u00e9s, des fauteuils coiffure pas chers sont disponibles sans sacrifier le confort. L'Importance des Bacs \u00e0 Shampoing. Les bacs \u00e0 shampoing, aussi connus comme bacs pour laver les cheveux, sont essentiels pour une exp\u00e9rience de lavage confortable et efficace. Un bac \u00e0 shampoing massant peut transformer le lavage des cheveux en un moment de d\u00e9tente, augmentant la satisfaction client. Ces bacs sont un choix id\u00e9al pour les salons qui veulent offrir une exp\u00e9rience de luxe. S\u00e9chage et Finition. Le casque pour s\u00e9cher les cheveux ou le s\u00e8che-cheveux casque est indispensable pour le coiffage. Ces appareils permettent un s\u00e9chage uniforme, tout en laissant les mains du coiffeur libres pour d'autres t\u00e2ches. Le chauffe-serviettes barbier est \u00e9galement un ajout appr\u00e9ci\u00e9, offrant un confort suppl\u00e9mentaire lors des traitements capillaires ou de rasage. Mobilier Compl\u00e9mentaire : Un chariot de coiffure est pratique pour garder \u00e0 port\u00e9e de main tous les accessoires n\u00e9cessaires pendant une s\u00e9ance. De plus, le comptoir coiffure et la caisse pour salon de coiffure sont cruciaux pour la gestion efficace du salon. Un agencement intelligent du salon de coiffure meuble am\u00e9liore non seulement l'organisation, mais contribue aussi \u00e0 une d\u00e9coration salon de coiffure coh\u00e9rente et attrayante. Agencement et D\u00e9coration L'agencement de salon de coiffure est crucial pour maximiser l'espace tout en cr\u00e9ant une atmosph\u00e8re agr\u00e9able. Les *tabourets coiffure, chaises de coiffeur, et si\u00e8ges pour salon de coiffure doivent \u00eatre dispos\u00e9s pour faciliter la circulation et l'interaction. Les d\u00e9tails de d\u00e9coration, tels que le repose-pied pour salon de coiffure, ajoutent une touche de luxe et de confort. Conclusion : Investir dans un mobilier pour salon de coiffure de qualit\u00e9 est essentiel pour offrir une exp\u00e9rience client in\u00e9gal\u00e9e. Le mat\u00e9riel pour salon de coiffure bien choisi am\u00e9liore le confort des clients ainsi que l'efficacit\u00e9 et la satisfaction des coiffeurs. Que vous choisissiez un fauteuil barbier pas cher ou un lavabo coiffeur luxueux, chaque \u00e9l\u00e9ment contribue \u00e0 cr\u00e9er un environnement professionnel et accueillant. Groupe Coiff est fier de proposer une large gamme de mobilier de coiffure r\u00e9pondant aux besoins des salons modernes, garantissant que chaque salon est \u00e9quip\u00e9 pour r\u00e9ussir. Pour en savoir plus sur nos produits ou pour consulter notre catalogue complet, visitez notre site Web ou contactez notre \u00e9quipe d'experts. Investissez dans votre salon aujourd'hui et constatez la diff\u00e9rence qu'un mobilier de qualit\u00e9 peut apporter.","og_url":"https:\/\/groupecoiff.com\/en\/guide-complet-pour-choisir-le-meilleur-fauteuil-de-coiffure-professionnel\/","og_site_name":"Groupe Coiff","article_publisher":"https:\/\/www.facebook.com\/GroupeCoiff","article_published_time":"2026-01-29T01:13:39+00:00","article_modified_time":"2026-04-03T16:28:17+00:00","og_image":[{"width":850,"height":425,"url":"https:\/\/groupecoiff.com\/wp-content\/uploads\/2026\/01\/Dolly_inspiracje_1.webp","type":"image\/webp"}],"author":"anujseo911","twitter_card":"summary_large_image","twitter_creator":"@groupecoiff","twitter_site":"@groupecoiff","twitter_misc":{"Written by":"anujseo911","Est. reading time":"6 minutes"},"schema":{"@context":"https:\/\/schema.org","@graph":[{"@type":"Article","@id":"https:\/\/groupecoiff.com\/guide-complet-pour-choisir-le-meilleur-fauteuil-de-coiffure-professionnel\/#article","isPartOf":{"@id":"https:\/\/groupecoiff.com\/guide-complet-pour-choisir-le-meilleur-fauteuil-de-coiffure-professionnel\/"},"author":{"name":"anujseo911","@id":"https:\/\/groupecoiff.com\/#\/schema\/person\/df95e61afc79524e8437b95822a1ea52"},"headline":"Guide complet pour choisir un fauteuil de coiffure haut de gamme pour salon et institut","datePublished":"2026-01-29T01:13:39+00:00","dateModified":"2026-04-03T16:28:17+00:00","mainEntityOfPage":{"@id":"https:\/\/groupecoiff.com\/guide-complet-pour-choisir-le-meilleur-fauteuil-de-coiffure-professionnel\/"},"wordCount":829,"commentCount":0,"publisher":{"@id":"https:\/\/groupecoiff.com\/#organization"},"image":{"@id":"https:\/\/groupecoiff.com\/guide-complet-pour-choisir-le-meilleur-fauteuil-de-coiffure-professionnel\/#primaryimage"},"thumbnailUrl":"https:\/\/groupecoiff.com\/wp-content\/uploads\/2026\/01\/Dolly_inspiracje_1.webp","keywords":["fauteuils de coiffure"],"articleSection":["fauteuils de coiffure"],"inLanguage":"en-US","potentialAction":[{"@type":"CommentAction","name":"Comment","target":["https:\/\/groupecoiff.com\/guide-complet-pour-choisir-le-meilleur-fauteuil-de-coiffure-professionnel\/#respond"]}],"copyrightYear":"2026","copyrightHolder":{"@id":"https:\/\/groupecoiff.com\/en\/#organization"}},{"@type":"WebPage","@id":"https:\/\/groupecoiff.com\/guide-complet-pour-choisir-le-meilleur-fauteuil-de-coiffure-professionnel\/","url":"https:\/\/groupecoiff.com\/guide-complet-pour-choisir-le-meilleur-fauteuil-de-coiffure-professionnel\/","name":"Discover Our Professional Hair Salon Furniture: Barber Chairs, LED Mirrors and More - Groupe Coiff","isPartOf":{"@id":"https:\/\/groupecoiff.com\/#website"},"primaryImageOfPage":{"@id":"https:\/\/groupecoiff.com\/guide-complet-pour-choisir-le-meilleur-fauteuil-de-coiffure-professionnel\/#primaryimage"},"image":{"@id":"https:\/\/groupecoiff.com\/guide-complet-pour-choisir-le-meilleur-fauteuil-de-coiffure-professionnel\/#primaryimage"},"thumbnailUrl":"https:\/\/groupecoiff.com\/wp-content\/uploads\/2026\/01\/Dolly_inspiracje_1.webp","datePublished":"2026-01-29T01:13:39+00:00","dateModified":"2026-04-03T16:28:17+00:00","description":"D\u00e9couvrez les fauteuils de coiffure qui allient design et confort, essentiels pour un salon professionnel r\u00e9ussi.","breadcrumb":{"@id":"https:\/\/groupecoiff.com\/guide-complet-pour-choisir-le-meilleur-fauteuil-de-coiffure-professionnel\/#breadcrumb"},"inLanguage":"en-US","potentialAction":[{"@type":"ReadAction","target":["https:\/\/groupecoiff.com\/guide-complet-pour-choisir-le-meilleur-fauteuil-de-coiffure-professionnel\/"]}]},{"@type":"ImageObject","inLanguage":"en-US","@id":"https:\/\/groupecoiff.com\/guide-complet-pour-choisir-le-meilleur-fauteuil-de-coiffure-professionnel\/#primaryimage","url":"https:\/\/groupecoiff.com\/wp-content\/uploads\/2026\/01\/Dolly_inspiracje_1.webp","contentUrl":"https:\/\/groupecoiff.com\/wp-content\/uploads\/2026\/01\/Dolly_inspiracje_1.webp","width":850,"height":425,"caption":"Fauteuil de coiffure - chaise de coiffure - fauteuil de coiffure professionnel - mobilier pour salon de coiffure - meuble pour salon de coiffure"},{"@type":"BreadcrumbList","@id":"https:\/\/groupecoiff.com\/guide-complet-pour-choisir-le-meilleur-fauteuil-de-coiffure-professionnel\/#breadcrumb","itemListElement":[{"@type":"ListItem","position":1,"name":"Accueil","item":"https:\/\/groupecoiff.com\/"},{"@type":"ListItem","position":2,"name":"Guide complet pour choisir un fauteuil de coiffure haut de gamme pour salon et institut"}]},{"@type":"WebSite","@id":"https:\/\/groupecoiff.com\/#website","url":"https:\/\/groupecoiff.com\/","name":"Coiff Group","description":"Everything for the hairdresser","publisher":{"@id":"https:\/\/groupecoiff.com\/#organization"},"potentialAction":[{"@type":"SearchAction","target":{"@type":"EntryPoint","urlTemplate":"https:\/\/groupecoiff.com\/?s={search_term_string}"},"query-input":{"@type":"PropertyValueSpecification","valueRequired":true,"valueName":"search_term_string"}}],"inLanguage":"en-US"},{"@type":"Organization","@id":"https:\/\/groupecoiff.com\/#organization","name":"Coiff Group","alternateName":"Groupe Coiff : Le Mobilier De Coiffure Haut de Gamme Pour Une \u00c9l\u00e9gance In\u00e9gal\u00e9e","url":"https:\/\/groupecoiff.com\/","logo":{"@type":"ImageObject","inLanguage":"en-US","@id":"https:\/\/groupecoiff.com\/#\/schema\/logo\/image\/","url":"https:\/\/groupecoiff.com\/wp-content\/uploads\/2024\/01\/cropped-Groupe-Coiff-Logo.webp","contentUrl":"https:\/\/groupecoiff.com\/wp-content\/uploads\/2024\/01\/cropped-Groupe-Coiff-Logo.webp","width":512,"height":512,"caption":"Groupe Coiff"},"image":{"@id":"https:\/\/groupecoiff.com\/#\/schema\/logo\/image\/"},"sameAs":["https:\/\/www.facebook.com\/GroupeCoiff","https:\/\/x.com\/groupecoiff","https:\/\/www.instagram.com\/groupecoiff\/","https:\/\/www.tiktok.com\/@groupecoiff","https:\/\/www.youtube.com\/@groupecoiff","https:\/\/twitter.com\/groupecoiff","https:\/\/www.leboncoin.fr\/boutique\/3961302\/groupe_coiff.htm"],"description":"Discover Groupe Coiff's top-of-the-range hairdressing furniture, combining elegance and functionality to enhance your salon and satisfy your customers.","email":"contact@groupecoiff.com","telephone":"0676951605","legalName":"Groupe Coiff","foundingDate":"2022-11-16","vatID":"FR84921406419","taxID":"92140641900025"},{"@type":"Person","@id":"https:\/\/groupecoiff.com\/#\/schema\/person\/df95e61afc79524e8437b95822a1ea52","name":"anujseo911","image":{"@type":"ImageObject","inLanguage":"en-US","@id":"https:\/\/secure.gravatar.com\/avatar\/ad0d10e1986784d628cf5447ca58cfe6e06c51c456ba34fcd3a8f1830854ec0e?s=96&d=mm&r=g","url":"https:\/\/secure.gravatar.com\/avatar\/ad0d10e1986784d628cf5447ca58cfe6e06c51c456ba34fcd3a8f1830854ec0e?s=96&d=mm&r=g","contentUrl":"https:\/\/secure.gravatar.com\/avatar\/ad0d10e1986784d628cf5447ca58cfe6e06c51c456ba34fcd3a8f1830854ec0e?s=96&d=mm&r=g","caption":"anujseo911"}}]}},"jetpack_publicize_connections":[],"jetpack_featured_media_url":"https:\/\/groupecoiff.com\/wp-content\/uploads\/2026\/01\/Dolly_inspiracje_1.webp","jetpack_likes_enabled":true,"jetpack_sharing_enabled":true,"jetpack_shortlink":"https:\/\/wp.me\/peKCQ7-cOB","_links":{"self":[{"href":"https:\/\/groupecoiff.com\/en\/wp-json\/wp\/v2\/posts\/49265","targetHints":{"allow":["GET"]}}],"collection":[{"href":"https:\/\/groupecoiff.com\/en\/wp-json\/wp\/v2\/posts"}],"about":[{"href":"https:\/\/groupecoiff.com\/en\/wp-json\/wp\/v2\/types\/post"}],"author":[{"embeddable":true,"href":"https:\/\/groupecoiff.com\/en\/wp-json\/wp\/v2\/users\/95"}],"replies":[{"embeddable":true,"href":"https:\/\/groupecoiff.com\/en\/wp-json\/wp\/v2\/comments?post=49265"}],"version-history":[{"count":2,"href":"https:\/\/groupecoiff.com\/en\/wp-json\/wp\/v2\/posts\/49265\/revisions"}],"predecessor-version":[{"id":51942,"href":"https:\/\/groupecoiff.com\/en\/wp-json\/wp\/v2\/posts\/49265\/revisions\/51942"}],"wp:featuredmedia":[{"embeddable":true,"href":"https:\/\/groupecoiff.com\/en\/wp-json\/wp\/v2\/media\/51934"}],"wp:attachment":[{"href":"https:\/\/groupecoiff.com\/en\/wp-json\/wp\/v2\/media?parent=49265"}],"wp:term":[{"taxonomy":"category","embeddable":true,"href":"https:\/\/groupecoiff.com\/en\/wp-json\/wp\/v2\/categories?post=49265"},{"taxonomy":"post_tag","embeddable":true,"href":"https:\/\/groupecoiff.com\/en\/wp-json\/wp\/v2\/tags?post=49265"}],"curies":[{"name":"wp","href":"https:\/\/api.w.org\/{rel}","templated":true}]}}