{"id":51915,"date":"2026-04-03T00:55:34","date_gmt":"2026-04-02T22:55:34","guid":{"rendered":"https:\/\/groupecoiff.com\/?p=51915"},"modified":"2026-04-03T00:55:36","modified_gmt":"2026-04-02T22:55:36","slug":"enseigne-de-barbier","status":"publish","type":"post","link":"https:\/\/groupecoiff.com\/en\/enseigne-de-barbier\/","title":{"rendered":"L\u2019Enseigne de Barbier : Entre H\u00e9ritage Sacr\u00e9 et R\u00e9volution du Design Contemporain"},"content":{"rendered":"<p>L&rsquo;enseigne de barbier est un \u00e9l\u00e9ment strat\u00e9gique incontournable pour votre salon. Ce cylindre lumineux en rotation attire l&rsquo;attention, renforce votre image de marque et g\u00e9n\u00e8re du trafic qualifi\u00e9. Chez Groupe Coiff, nous savons que le poteau de barbier est bien plus qu&rsquo;une simple d\u00e9coration. C&rsquo;est le t\u00e9moin d&rsquo;une histoire mill\u00e9naire et un outil de conversion redoutable. Arborer ce symbole historique affirme votre prestige professionnel et rassure votre client\u00e8le.<\/p>\n\n\n\n<h3 class=\"wp-block-heading\" id=\"h-l-odyssee-du-barber-pole-de-la-chirurgie-a-l-art-de-vivre\">L\u2019Odyss\u00e9e du Barber Pole : De la Chirurgie \u00e0 l\u2019Art de Vivre<\/h3>\n\n\n\n<p>Avant de devenir l&rsquo;ic\u00f4ne du lifestyle masculin, l&rsquo;enseigne de barbier repr\u00e9sentait une profession de sant\u00e9 vitale. Au Moyen \u00c2ge, le barbier-chirurgien utilisait ce code visuel pr\u00e9cis pour signaler son \u00e9choppe. L&rsquo;esth\u00e9tique du poteau de barbier illustre un savoir-faire technique ancien.<\/p>\n\n\n\n<figure class=\"wp-block-image size-full\"><img loading=\"lazy\" decoding=\"async\" width=\"850\" height=\"566\" data-attachment-id=\"51918\" data-permalink=\"https:\/\/groupecoiff.com\/en\/enseigne-de-barbier\/pole-barber\/\" data-orig-file=\"https:\/\/groupecoiff.com\/wp-content\/uploads\/2026\/04\/pole-barber.webp\" data-orig-size=\"850,566\" data-comments-opened=\"1\" data-image-meta=\"{&quot;aperture&quot;:&quot;0&quot;,&quot;credit&quot;:&quot;&quot;,&quot;camera&quot;:&quot;&quot;,&quot;caption&quot;:&quot;&quot;,&quot;created_timestamp&quot;:&quot;0&quot;,&quot;copyright&quot;:&quot;&quot;,&quot;focal_length&quot;:&quot;0&quot;,&quot;iso&quot;:&quot;0&quot;,&quot;shutter_speed&quot;:&quot;0&quot;,&quot;title&quot;:&quot;&quot;,&quot;orientation&quot;:&quot;0&quot;}\" data-image-title=\"pole barber\" data-image-description=\"\" data-image-caption=\"\" data-large-file=\"https:\/\/groupecoiff.com\/wp-content\/uploads\/2026\/04\/pole-barber.webp\" src=\"https:\/\/groupecoiff.com\/wp-content\/uploads\/2026\/04\/pole-barber.webp\" alt=\"\" class=\"wp-image-51918\" srcset=\"https:\/\/groupecoiff.com\/wp-content\/uploads\/2026\/04\/pole-barber.webp 850w, https:\/\/groupecoiff.com\/wp-content\/uploads\/2026\/04\/pole-barber-300x200.webp 300w, https:\/\/groupecoiff.com\/wp-content\/uploads\/2026\/04\/pole-barber-768x511.webp 768w, https:\/\/groupecoiff.com\/wp-content\/uploads\/2026\/04\/pole-barber-18x12.webp 18w, https:\/\/groupecoiff.com\/wp-content\/uploads\/2026\/04\/pole-barber-250x166.webp 250w, https:\/\/groupecoiff.com\/wp-content\/uploads\/2026\/04\/pole-barber-64x43.webp 64w\" sizes=\"auto, (max-width: 850px) 100vw, 850px\" \/><\/figure>\n\n\n\n<h3 class=\"wp-block-heading\" id=\"h-voici-la-signification-de-ce-code-couleur-historique\">Voici la signification de ce code couleur historique :<\/h3>\n\n\n\n<p>Le Poteau** : Il incarne le b\u00e2ton serr\u00e9 par le patient pour faire saillir ses veines lors des soins.<br>Le Blanc** : Repr\u00e9sente les bandages immacul\u00e9s, v\u00e9ritables symboles de propret\u00e9 et de gu\u00e9rison.<br>Le Rouge** : \u00c9voque le sang vers\u00e9 lors des interventions, rappelant l&rsquo;aspect chirurgical du m\u00e9tier.<br>Le Bleu** : Distingue les barbiers des chirurgiens universitaires europ\u00e9ens, avant de devenir un symbole d&rsquo;\u00e9l\u00e9gance.<\/p>\n\n\n\n<h3 class=\"wp-block-heading\" id=\"h-l-ere-des-formats-monumentaux-1-80m-et-2-10m-pour-l-interieur\">L&rsquo;\u00c8re des Formats Monumentaux : 1,80m et 2,10m pour l&rsquo;Int\u00e9rieur<\/h3>\n\n\n\n<p>Les enseignes de barbier grand format transforment les salons modernes. Si les mod\u00e8les standards dominent les fa\u00e7ades, les versions de 1,80 m ou 2,10 m s&rsquo;installent d\u00e9sormais \u00e0 l&rsquo;int\u00e9rieur des espaces les plus prestigieux.<\/p>\n\n\n\n<h3 class=\"wp-block-heading\" id=\"h-les-avantages-d-une-enseigne-xxl-en-interieur-sont-nombreux\">Les avantages d&rsquo;une enseigne XXL en int\u00e9rieur sont nombreux :<\/h3>\n\n\n\n<p id=\"h-les-avantages-d-une-enseigne-xxl-en-interieur-sont-nombreux-un-insta-spot-immediat-une-enseigne-de-2-metres-devient-le-fond-parfait-pour-les-photos-de-vos-clients-offrant-un-marketing-viral-gratuit-structuration-de-l-espace-ces-colonnes-imposantes-delimitent-les-zones-du-salon-tout-en-apportant-une-lumiere-chaleureuse-affirmation-du-luxe-ce-format-monumental-degage-une-autorite-naturelle-et-justifie-une-montee-en-gamme-immediate-de-vos-prestations\">Un \u00ab\u00a0Insta-Spot\u00a0\u00bb Imm\u00e9diat** : Une enseigne de 2 m\u00e8tres devient le fond parfait pour les photos de vos clients, offrant un marketing viral gratuit.<br>Structuration de l&rsquo;Espace** : Ces colonnes imposantes d\u00e9limitent les zones du salon tout en apportant une lumi\u00e8re chaleureuse.<br>Affirmation du Luxe** : Ce format monumental d\u00e9gage une autorit\u00e9 naturelle et justifie une mont\u00e9e en gamme imm\u00e9diate de vos prestations.<\/p>\n\n\n\n<figure class=\"wp-block-gallery has-nested-images columns-default is-cropped wp-block-gallery-1 is-layout-flex wp-block-gallery-is-layout-flex\">\n<figure class=\"wp-block-image size-full\"><img loading=\"lazy\" decoding=\"async\" width=\"850\" height=\"566\" data-attachment-id=\"51920\" data-permalink=\"https:\/\/groupecoiff.com\/en\/enseigne-de-barbier\/enseigne-barbier-lumineuse\/\" data-orig-file=\"https:\/\/groupecoiff.com\/wp-content\/uploads\/2026\/04\/enseigne-barbier-lumineuse-.webp\" data-orig-size=\"850,566\" data-comments-opened=\"1\" data-image-meta=\"{&quot;aperture&quot;:&quot;0&quot;,&quot;credit&quot;:&quot;&quot;,&quot;camera&quot;:&quot;&quot;,&quot;caption&quot;:&quot;&quot;,&quot;created_timestamp&quot;:&quot;0&quot;,&quot;copyright&quot;:&quot;&quot;,&quot;focal_length&quot;:&quot;0&quot;,&quot;iso&quot;:&quot;0&quot;,&quot;shutter_speed&quot;:&quot;0&quot;,&quot;title&quot;:&quot;&quot;,&quot;orientation&quot;:&quot;0&quot;}\" data-image-title=\"enseigne barbier lumineuse\" data-image-description=\"\" data-image-caption=\"\" data-large-file=\"https:\/\/groupecoiff.com\/wp-content\/uploads\/2026\/04\/enseigne-barbier-lumineuse-.webp\" data-id=\"51920\" src=\"https:\/\/groupecoiff.com\/wp-content\/uploads\/2026\/04\/enseigne-barbier-lumineuse-.webp\" alt=\"\" class=\"wp-image-51920\" srcset=\"https:\/\/groupecoiff.com\/wp-content\/uploads\/2026\/04\/enseigne-barbier-lumineuse-.webp 850w, https:\/\/groupecoiff.com\/wp-content\/uploads\/2026\/04\/enseigne-barbier-lumineuse--300x200.webp 300w, https:\/\/groupecoiff.com\/wp-content\/uploads\/2026\/04\/enseigne-barbier-lumineuse--768x511.webp 768w, https:\/\/groupecoiff.com\/wp-content\/uploads\/2026\/04\/enseigne-barbier-lumineuse--18x12.webp 18w, https:\/\/groupecoiff.com\/wp-content\/uploads\/2026\/04\/enseigne-barbier-lumineuse--250x166.webp 250w, https:\/\/groupecoiff.com\/wp-content\/uploads\/2026\/04\/enseigne-barbier-lumineuse--64x43.webp 64w\" sizes=\"auto, (max-width: 850px) 100vw, 850px\" \/><\/figure>\n<\/figure>\n\n\n\n<h3 class=\"wp-block-heading\" id=\"h-tendances-design-2026-formes-couleurs-et-finitions\">Tendances Design 2026 : Formes, Couleurs et Finitions<\/h3>\n\n\n\n<p>Le Barber Pole moderne s&rsquo;adapte aujourd&rsquo;hui \u00e0 chaque concept de d\u00e9coration. Investir dans un \u00e9quipement de qualit\u00e9 garantit une image premium pour votre salon.<\/p>\n\n\n\n<ol class=\"wp-block-list\">\n<li>Les Finitions \u00ab\u00a0Dark &amp; Gold\u00a0\u00bb<br>Remplacent le chrome traditionnel par du noir mat ou de l&rsquo;or.<br>S&rsquo;adaptent parfaitement aux ambiances industrielles et \u00ab\u00a0Speakeasy\u00a0\u00bb.<br>Offrent un rendu visuel r\u00e9solument haut de gamme.<\/li>\n\n\n\n<li>Le Minimalisme Monochrome<br>Utilise le noir et blanc pur pour un style contemporain.<br>S\u00e9duit les studios de design et les concepts-stores.<br>S&rsquo;int\u00e8gre id\u00e9alement dans des espaces professionnels \u00e9pur\u00e9s.<\/li>\n\n\n\n<li>Diversit\u00e9 des Formes<br>D\u00e9passe le cylindre classique pour des lignes innovantes.<br>Propose des designs originaux de type lanterne de gare.<br>Utilise des structures en verre bomb\u00e9 pour capturer la lumi\u00e8re.<\/li>\n\n\n\n<li>Mat\u00e9riaux Nobles<br>Utilise l&rsquo;aluminium anodis\u00e9 pour une grande robustesse.<br>Int\u00e8gre l&rsquo;acrylique haute densit\u00e9 pour une clart\u00e9 optimale.<br>Garantit une brillance durable face aux spots puissants du salon.<\/li>\n<\/ol>\n\n\n\n<figure class=\"wp-block-image size-full\"><img loading=\"lazy\" decoding=\"async\" width=\"850\" height=\"566\" data-attachment-id=\"51921\" data-permalink=\"https:\/\/groupecoiff.com\/en\/enseigne-de-barbier\/enseigne-barber\/\" data-orig-file=\"https:\/\/groupecoiff.com\/wp-content\/uploads\/2026\/04\/enseigne-barber.webp\" data-orig-size=\"850,566\" data-comments-opened=\"1\" data-image-meta=\"{&quot;aperture&quot;:&quot;0&quot;,&quot;credit&quot;:&quot;&quot;,&quot;camera&quot;:&quot;&quot;,&quot;caption&quot;:&quot;&quot;,&quot;created_timestamp&quot;:&quot;0&quot;,&quot;copyright&quot;:&quot;&quot;,&quot;focal_length&quot;:&quot;0&quot;,&quot;iso&quot;:&quot;0&quot;,&quot;shutter_speed&quot;:&quot;0&quot;,&quot;title&quot;:&quot;&quot;,&quot;orientation&quot;:&quot;0&quot;}\" data-image-title=\"enseigne barber\" data-image-description=\"\" data-image-caption=\"\" data-large-file=\"https:\/\/groupecoiff.com\/wp-content\/uploads\/2026\/04\/enseigne-barber.webp\" src=\"https:\/\/groupecoiff.com\/wp-content\/uploads\/2026\/04\/enseigne-barber.webp\" alt=\"\" class=\"wp-image-51921\" srcset=\"https:\/\/groupecoiff.com\/wp-content\/uploads\/2026\/04\/enseigne-barber.webp 850w, https:\/\/groupecoiff.com\/wp-content\/uploads\/2026\/04\/enseigne-barber-300x200.webp 300w, https:\/\/groupecoiff.com\/wp-content\/uploads\/2026\/04\/enseigne-barber-768x511.webp 768w, https:\/\/groupecoiff.com\/wp-content\/uploads\/2026\/04\/enseigne-barber-18x12.webp 18w, https:\/\/groupecoiff.com\/wp-content\/uploads\/2026\/04\/enseigne-barber-250x166.webp 250w, https:\/\/groupecoiff.com\/wp-content\/uploads\/2026\/04\/enseigne-barber-64x43.webp 64w\" sizes=\"auto, (max-width: 850px) 100vw, 850px\" \/><\/figure>\n\n\n\n<h3 class=\"wp-block-heading\" id=\"h-technologie-et-performance-l-efficacite-au-service-du-pro\">Technologie et Performance : L&rsquo;Efficacit\u00e9 au Service du Pro<\/h3>\n\n\n\n<p>Une enseigne lumineuse moderne doit \u00eatre performante et fiable au quotidien. La technologie actuelle facilite la gestion de votre \u00e9quipement.<\/p>\n\n\n\n<p>Moteurs Silencieux** : La rotation fluide est assur\u00e9e sans aucun bruit parasite pour le confort de vos clients.<br>\u00c9clairage LED** : La consommation \u00e9lectrique reste d\u00e9risoire, m\u00eame pour un mod\u00e8le monumental de 2,10 m.<br>Domotique Int\u00e9gr\u00e9e** : L&rsquo;allumage, la rotation et l&rsquo;intensit\u00e9 lumineuse sont g\u00e9r\u00e9s facilement \u00e0 distance.<\/p>\n\n\n\n<figure class=\"wp-block-image size-full\"><img loading=\"lazy\" decoding=\"async\" width=\"850\" height=\"566\" data-attachment-id=\"51922\" data-permalink=\"https:\/\/groupecoiff.com\/en\/enseigne-de-barbier\/harold-barber\/\" data-orig-file=\"https:\/\/groupecoiff.com\/wp-content\/uploads\/2026\/04\/harold-barber.webp\" data-orig-size=\"850,566\" data-comments-opened=\"1\" data-image-meta=\"{&quot;aperture&quot;:&quot;0&quot;,&quot;credit&quot;:&quot;&quot;,&quot;camera&quot;:&quot;&quot;,&quot;caption&quot;:&quot;&quot;,&quot;created_timestamp&quot;:&quot;0&quot;,&quot;copyright&quot;:&quot;&quot;,&quot;focal_length&quot;:&quot;0&quot;,&quot;iso&quot;:&quot;0&quot;,&quot;shutter_speed&quot;:&quot;0&quot;,&quot;title&quot;:&quot;&quot;,&quot;orientation&quot;:&quot;0&quot;}\" data-image-title=\"harold barber\" data-image-description=\"\" data-image-caption=\"\" data-large-file=\"https:\/\/groupecoiff.com\/wp-content\/uploads\/2026\/04\/harold-barber.webp\" src=\"https:\/\/groupecoiff.com\/wp-content\/uploads\/2026\/04\/harold-barber.webp\" alt=\"\" class=\"wp-image-51922\" srcset=\"https:\/\/groupecoiff.com\/wp-content\/uploads\/2026\/04\/harold-barber.webp 850w, https:\/\/groupecoiff.com\/wp-content\/uploads\/2026\/04\/harold-barber-300x200.webp 300w, https:\/\/groupecoiff.com\/wp-content\/uploads\/2026\/04\/harold-barber-768x511.webp 768w, https:\/\/groupecoiff.com\/wp-content\/uploads\/2026\/04\/harold-barber-18x12.webp 18w, https:\/\/groupecoiff.com\/wp-content\/uploads\/2026\/04\/harold-barber-250x166.webp 250w, https:\/\/groupecoiff.com\/wp-content\/uploads\/2026\/04\/harold-barber-64x43.webp 64w\" sizes=\"auto, (max-width: 850px) 100vw, 850px\" \/><\/figure>\n\n\n\n<h3 class=\"wp-block-heading\" id=\"h-faq-les-cles-pour-bien-choisir-son-enseigne-de-barbier\">FAQ : Les Cl\u00e9s pour Bien Choisir Son Enseigne de Barbier<\/h3>\n\n\n\n<p><strong>Quelle est la taille id\u00e9ale pour une enseigne d&rsquo;int\u00e9rieur ?<br><\/strong>Les mod\u00e8les de 1,80 m ou 2,10 m sont recommand\u00e9s si vous disposez d&rsquo;une belle hauteur sous plafond. Une enseigne de 1,20 m pos\u00e9e sur un socle offre un excellent compromis pour les espaces plus restreints.<\/p>\n\n\n\n<p><strong>Peut-on personnaliser les couleurs de la spirale ?<br><\/strong>Oui, les spirales sont totalement personnalisables. Elles peuvent refl\u00e9ter votre charte graphique (Gris\/Noir, Bleu marine\/Argent) pour une coh\u00e9rence parfaite avec votre marque.<\/p>\n\n\n\n<p><strong>L&rsquo;installation d&rsquo;une enseigne XXL est-elle complexe ?<br><\/strong>Non, l&rsquo;installation est grandement simplifi\u00e9e. Les grands mod\u00e8les sont g\u00e9n\u00e9ralement \u00e9quip\u00e9s de fixations murales renforc\u00e9es ou de socles auto-portants s\u00e9curis\u00e9s.<\/p>\n\n\n\n<h3 class=\"wp-block-heading\" id=\"h-l-expertise-se-voit-de-loin-avec-groupe-coiff\">L\u2019Expertise se Voit de Loin avec Groupe Coiff<\/h3>\n\n\n\n<p>L&rsquo;enseigne de barbier prot\u00e8ge l&rsquo;artisanat traditionnel face \u00e0 la standardisation. Choisir un mod\u00e8le spectaculaire offre \u00e0 votre salon la prestance qu&rsquo;il m\u00e9rite. Votre image de marque est renforc\u00e9e et vos ventes directes sont stimul\u00e9es.<\/p>\n\n\n\n<p>Redonnez ses lettres de noblesse \u00e0 votre espace de travail. Rendez-vous sur <a href=\"https:\/\/groupecoiff.com\/en\/product-category\/enseigne-de-barbier\/\">groupecoiff.com<\/a> pour d\u00e9couvrir notre collection exclusive d&rsquo;enseignes de barbier, du format classique aux mod\u00e8les g\u00e9ants de 2,10m con\u00e7us pour les professionnels exigeants.<\/p>\n\n\n\n<p><\/p>","protected":false},"excerpt":{"rendered":"<p>L&rsquo;enseigne de barbier est un \u00e9l\u00e9ment strat\u00e9gique incontournable pour votre salon. Ce cylindre lumineux en rotation attire l&rsquo;attention, renforce votre image de marque et g\u00e9n\u00e8re du trafic qualifi\u00e9. Chez Groupe Coiff, nous savons que le poteau de barbier est bien plus qu&rsquo;une simple d\u00e9coration. C&rsquo;est le t\u00e9moin d&rsquo;une histoire mill\u00e9naire et un outil de conversion [&hellip;]<\/p>\n","protected":false},"author":2,"featured_media":51927,"comment_status":"open","ping_status":"open","sticky":false,"template":"","format":"standard","meta":{"googlesitekit_rrm_CAow0YCiDA:productID":"","jetpack_post_was_ever_published":false,"_jetpack_newsletter_access":"","_jetpack_dont_email_post_to_subs":false,"_jetpack_newsletter_tier_id":0,"_jetpack_memberships_contains_paywalled_content":false,"_jetpack_memberships_contains_paid_content":false,"footnotes":"","jetpack_publicize_message":"","jetpack_publicize_feature_enabled":true,"jetpack_social_post_already_shared":true,"jetpack_social_options":{"image_generator_settings":{"template":"highway","default_image_id":0,"font":"","enabled":false},"version":2}},"categories":[669],"tags":[],"class_list":["post-51915","post","type-post","status-publish","format-standard","has-post-thumbnail","hentry","category-enseigne-de-barbier"],"blocksy_meta":[],"yoast_head":"<!-- This site is optimized with the Yoast SEO Premium plugin v27.4 (Yoast SEO v27.4) - https:\/\/yoast.com\/product\/yoast-seo-premium-wordpress\/ -->\n<title>Enseigne de Barbier : Un Symbole de Prestige - Groupe Coiff<\/title>\n<meta name=\"description\" content=\"Explorez les avantages de l&#039;enseigne de barbier pour le salon. Symbole historique, elle souligne votre prestige et votre professionnalisme.\" \/>\n<meta name=\"robots\" content=\"index, follow, max-snippet:-1, max-image-preview:large, max-video-preview:-1\" \/>\n<link rel=\"canonical\" href=\"https:\/\/groupecoiff.com\/en\/enseigne-de-barbier\/\" \/>\n<meta property=\"og:locale\" content=\"en_US\" \/>\n<meta property=\"og:type\" content=\"article\" \/>\n<meta property=\"og:title\" content=\"Groupe Coiff - D\u00e9couvrez Nos Mobilier de Coiffure professionnel : Fauteuils de barbier, Miroirs LED et Plus encore\" \/>\n<meta property=\"og:description\" content=\"Optimiser le Confort et l\u2019Efficacit\u00e9 : Mobilier de Coiffure Professionnel pour Salons. Le choix du mobilier de coiffure professionnel est fondamental pour l&#039;exp\u00e9rience client dans un salon de coiffure. Un mobilier bien choisi combine fonctionnalit\u00e9 et esth\u00e9tique, cr\u00e9ant une ambiance accueillante et professionnelle tout en assurant le confort des clients et l&#039;efficacit\u00e9 des coiffeurs. Dans cet article, nous explorerons les \u00e9l\u00e9ments cl\u00e9s du mobilier pour coiffeur et comment ils peuvent transformer votre salon de coiffure en un espace \u00e0 la fois attrayant et performant. Miroirs et Stations de Coiffage. Le miroir coiffeuse est central \u00e0 toute station de coiffage, permettant aux clients de voir leur transformation. Les coiffeuses avec miroir LED sont devenues incontournables gr\u00e2ce \u00e0 leur \u00e9clairage optimal pour les services de pr\u00e9cision. Ces miroirs am\u00e9liorent la visibilit\u00e9, ce qui facilite le travail des coiffeurs tout en cr\u00e9ant une ambiance sophistiqu\u00e9e. Confort et Style : Les Fauteuils de Coiffure. Un fauteuil coiffure est un pilier du mobilier de salon, alliant confort pour le client et fonctionnalit\u00e9 pour le coiffeur. Les fauteuils dot\u00e9s de repose-pied int\u00e9gr\u00e9 offrent un confort accru, tandis que les options comme le fauteuil de salon de coiffure ou le fauteuil barbier apportent une touche de style. Pour les budgets limit\u00e9s, des fauteuils coiffure pas chers sont disponibles sans sacrifier le confort. L&#039;Importance des Bacs \u00e0 Shampoing. Les bacs \u00e0 shampoing, aussi connus comme bacs pour laver les cheveux, sont essentiels pour une exp\u00e9rience de lavage confortable et efficace. Un bac \u00e0 shampoing massant peut transformer le lavage des cheveux en un moment de d\u00e9tente, augmentant la satisfaction client. Ces bacs sont un choix id\u00e9al pour les salons qui veulent offrir une exp\u00e9rience de luxe. S\u00e9chage et Finition. Le casque pour s\u00e9cher les cheveux ou le s\u00e8che-cheveux casque est indispensable pour le coiffage. Ces appareils permettent un s\u00e9chage uniforme, tout en laissant les mains du coiffeur libres pour d&#039;autres t\u00e2ches. Le chauffe-serviettes barbier est \u00e9galement un ajout appr\u00e9ci\u00e9, offrant un confort suppl\u00e9mentaire lors des traitements capillaires ou de rasage. Mobilier Compl\u00e9mentaire : Un chariot de coiffure est pratique pour garder \u00e0 port\u00e9e de main tous les accessoires n\u00e9cessaires pendant une s\u00e9ance. De plus, le comptoir coiffure et la caisse pour salon de coiffure sont cruciaux pour la gestion efficace du salon. Un agencement intelligent du salon de coiffure meuble am\u00e9liore non seulement l&#039;organisation, mais contribue aussi \u00e0 une d\u00e9coration salon de coiffure coh\u00e9rente et attrayante. Agencement et D\u00e9coration L&#039;agencement de salon de coiffure est crucial pour maximiser l&#039;espace tout en cr\u00e9ant une atmosph\u00e8re agr\u00e9able. Les *tabourets coiffure, chaises de coiffeur, et si\u00e8ges pour salon de coiffure doivent \u00eatre dispos\u00e9s pour faciliter la circulation et l&#039;interaction. Les d\u00e9tails de d\u00e9coration, tels que le repose-pied pour salon de coiffure, ajoutent une touche de luxe et de confort. Conclusion : Investir dans un mobilier pour salon de coiffure de qualit\u00e9 est essentiel pour offrir une exp\u00e9rience client in\u00e9gal\u00e9e. Le mat\u00e9riel pour salon de coiffure bien choisi am\u00e9liore le confort des clients ainsi que l&#039;efficacit\u00e9 et la satisfaction des coiffeurs. Que vous choisissiez un fauteuil barbier pas cher ou un lavabo coiffeur luxueux, chaque \u00e9l\u00e9ment contribue \u00e0 cr\u00e9er un environnement professionnel et accueillant. Groupe Coiff est fier de proposer une large gamme de mobilier de coiffure r\u00e9pondant aux besoins des salons modernes, garantissant que chaque salon est \u00e9quip\u00e9 pour r\u00e9ussir. Pour en savoir plus sur nos produits ou pour consulter notre catalogue complet, visitez notre site Web ou contactez notre \u00e9quipe d&#039;experts. Investissez dans votre salon aujourd&#039;hui et constatez la diff\u00e9rence qu&#039;un mobilier de qualit\u00e9 peut apporter.\" \/>\n<meta property=\"og:url\" content=\"https:\/\/groupecoiff.com\/en\/enseigne-de-barbier\/\" \/>\n<meta property=\"og:site_name\" content=\"Groupe Coiff\" \/>\n<meta property=\"article:publisher\" content=\"https:\/\/www.facebook.com\/GroupeCoiff\" \/>\n<meta property=\"article:published_time\" content=\"2026-04-02T22:55:34+00:00\" \/>\n<meta property=\"article:modified_time\" content=\"2026-04-02T22:55:36+00:00\" \/>\n<meta property=\"og:image\" content=\"https:\/\/groupecoiff.com\/wp-content\/uploads\/2026\/04\/Barber-pool-enseigne.webp\" \/>\n\t<meta property=\"og:image:width\" content=\"850\" \/>\n\t<meta property=\"og:image:height\" content=\"583\" \/>\n\t<meta property=\"og:image:type\" content=\"image\/webp\" \/>\n<meta name=\"author\" content=\"Amor\" \/>\n<meta name=\"twitter:card\" content=\"summary_large_image\" \/>\n<meta name=\"twitter:creator\" content=\"@groupecoiff\" \/>\n<meta name=\"twitter:site\" content=\"@groupecoiff\" \/>\n<meta name=\"twitter:label1\" content=\"Written by\" \/>\n\t<meta name=\"twitter:data1\" content=\"Amor\" \/>\n\t<meta name=\"twitter:label2\" content=\"Est. reading time\" \/>\n\t<meta name=\"twitter:data2\" content=\"5 minutes\" \/>\n<script type=\"application\/ld+json\" class=\"yoast-schema-graph\">{\"@context\":\"https:\\\/\\\/schema.org\",\"@graph\":[{\"@type\":\"Article\",\"@id\":\"https:\\\/\\\/groupecoiff.com\\\/enseigne-de-barbier\\\/#article\",\"isPartOf\":{\"@id\":\"https:\\\/\\\/groupecoiff.com\\\/enseigne-de-barbier\\\/\"},\"author\":{\"name\":\"Amor\",\"@id\":\"https:\\\/\\\/groupecoiff.com\\\/#\\\/schema\\\/person\\\/538fefee969d51dc276f4bc8e2999ed1\"},\"headline\":\"L\u2019Enseigne de Barbier : Entre H\u00e9ritage Sacr\u00e9 et R\u00e9volution du Design Contemporain\",\"datePublished\":\"2026-04-02T22:55:34+00:00\",\"dateModified\":\"2026-04-02T22:55:36+00:00\",\"mainEntityOfPage\":{\"@id\":\"https:\\\/\\\/groupecoiff.com\\\/enseigne-de-barbier\\\/\"},\"wordCount\":819,\"commentCount\":0,\"publisher\":{\"@id\":\"https:\\\/\\\/groupecoiff.com\\\/#organization\"},\"image\":{\"@id\":\"https:\\\/\\\/groupecoiff.com\\\/enseigne-de-barbier\\\/#primaryimage\"},\"thumbnailUrl\":\"https:\\\/\\\/groupecoiff.com\\\/wp-content\\\/uploads\\\/2026\\\/04\\\/Barber-pool-enseigne.webp\",\"articleSection\":[\"Enseigne de Barbier\"],\"inLanguage\":\"en-US\",\"potentialAction\":[{\"@type\":\"CommentAction\",\"name\":\"Comment\",\"target\":[\"https:\\\/\\\/groupecoiff.com\\\/enseigne-de-barbier\\\/#respond\"]}],\"copyrightYear\":\"2026\",\"copyrightHolder\":{\"@id\":\"https:\\\/\\\/groupecoiff.com\\\/en\\\/#organization\"}},{\"@type\":\"WebPage\",\"@id\":\"https:\\\/\\\/groupecoiff.com\\\/enseigne-de-barbier\\\/\",\"url\":\"https:\\\/\\\/groupecoiff.com\\\/enseigne-de-barbier\\\/\",\"name\":\"Enseigne de Barbier : Un Symbole de Prestige - Groupe Coiff\",\"isPartOf\":{\"@id\":\"https:\\\/\\\/groupecoiff.com\\\/#website\"},\"primaryImageOfPage\":{\"@id\":\"https:\\\/\\\/groupecoiff.com\\\/enseigne-de-barbier\\\/#primaryimage\"},\"image\":{\"@id\":\"https:\\\/\\\/groupecoiff.com\\\/enseigne-de-barbier\\\/#primaryimage\"},\"thumbnailUrl\":\"https:\\\/\\\/groupecoiff.com\\\/wp-content\\\/uploads\\\/2026\\\/04\\\/Barber-pool-enseigne.webp\",\"datePublished\":\"2026-04-02T22:55:34+00:00\",\"dateModified\":\"2026-04-02T22:55:36+00:00\",\"description\":\"Explorez les avantages de l'enseigne de barbier pour le salon. Symbole historique, elle souligne votre prestige et votre professionnalisme.\",\"breadcrumb\":{\"@id\":\"https:\\\/\\\/groupecoiff.com\\\/enseigne-de-barbier\\\/#breadcrumb\"},\"inLanguage\":\"en-US\",\"potentialAction\":[{\"@type\":\"ReadAction\",\"target\":[\"https:\\\/\\\/groupecoiff.com\\\/enseigne-de-barbier\\\/\"]}]},{\"@type\":\"ImageObject\",\"inLanguage\":\"en-US\",\"@id\":\"https:\\\/\\\/groupecoiff.com\\\/enseigne-de-barbier\\\/#primaryimage\",\"url\":\"https:\\\/\\\/groupecoiff.com\\\/wp-content\\\/uploads\\\/2026\\\/04\\\/Barber-pool-enseigne.webp\",\"contentUrl\":\"https:\\\/\\\/groupecoiff.com\\\/wp-content\\\/uploads\\\/2026\\\/04\\\/Barber-pool-enseigne.webp\",\"width\":850,\"height\":583,\"caption\":\"Enseigne de Barbier Ignace - Enseigne Barbier vintage Ignace - mat\u00e9riel barbier professionnel - Enseigne pour Barber Shop - Barber Pole Enseigne Lumineuse\"},{\"@type\":\"BreadcrumbList\",\"@id\":\"https:\\\/\\\/groupecoiff.com\\\/enseigne-de-barbier\\\/#breadcrumb\",\"itemListElement\":[{\"@type\":\"ListItem\",\"position\":1,\"name\":\"Accueil\",\"item\":\"https:\\\/\\\/groupecoiff.com\\\/\"},{\"@type\":\"ListItem\",\"position\":2,\"name\":\"L\u2019Enseigne de Barbier : Entre H\u00e9ritage Sacr\u00e9 et R\u00e9volution du Design Contemporain\"}]},{\"@type\":\"WebSite\",\"@id\":\"https:\\\/\\\/groupecoiff.com\\\/#website\",\"url\":\"https:\\\/\\\/groupecoiff.com\\\/\",\"name\":\"Groupe Coiff\",\"description\":\"Tout pour la coiffure\",\"publisher\":{\"@id\":\"https:\\\/\\\/groupecoiff.com\\\/#organization\"},\"potentialAction\":[{\"@type\":\"SearchAction\",\"target\":{\"@type\":\"EntryPoint\",\"urlTemplate\":\"https:\\\/\\\/groupecoiff.com\\\/?s={search_term_string}\"},\"query-input\":{\"@type\":\"PropertyValueSpecification\",\"valueRequired\":true,\"valueName\":\"search_term_string\"}}],\"inLanguage\":\"en-US\"},{\"@type\":\"Organization\",\"@id\":\"https:\\\/\\\/groupecoiff.com\\\/#organization\",\"name\":\"Groupe Coiff\",\"alternateName\":\"Groupe Coiff : Le Mobilier De Coiffure Haut de Gamme Pour Une \u00c9l\u00e9gance In\u00e9gal\u00e9e\",\"url\":\"https:\\\/\\\/groupecoiff.com\\\/\",\"logo\":{\"@type\":\"ImageObject\",\"inLanguage\":\"en-US\",\"@id\":\"https:\\\/\\\/groupecoiff.com\\\/#\\\/schema\\\/logo\\\/image\\\/\",\"url\":\"https:\\\/\\\/groupecoiff.com\\\/wp-content\\\/uploads\\\/2024\\\/01\\\/cropped-Groupe-Coiff-Logo.webp\",\"contentUrl\":\"https:\\\/\\\/groupecoiff.com\\\/wp-content\\\/uploads\\\/2024\\\/01\\\/cropped-Groupe-Coiff-Logo.webp\",\"width\":512,\"height\":512,\"caption\":\"Groupe Coiff\"},\"image\":{\"@id\":\"https:\\\/\\\/groupecoiff.com\\\/#\\\/schema\\\/logo\\\/image\\\/\"},\"sameAs\":[\"https:\\\/\\\/www.facebook.com\\\/GroupeCoiff\",\"https:\\\/\\\/x.com\\\/groupecoiff\",\"https:\\\/\\\/www.instagram.com\\\/groupecoiff\\\/\",\"https:\\\/\\\/www.tiktok.com\\\/@groupecoiff\",\"https:\\\/\\\/www.youtube.com\\\/@groupecoiff\",\"https:\\\/\\\/twitter.com\\\/groupecoiff\",\"https:\\\/\\\/www.leboncoin.fr\\\/boutique\\\/3961302\\\/groupe_coiff.htm\"],\"description\":\"D\u00e9couvrez le mobilier de coiffure haut de gamme de Groupe Coiff, alliant \u00e9l\u00e9gance et fonctionnalit\u00e9 pour sublimer votre salon et satisfaire vos clients.\",\"email\":\"contact@groupecoiff.com\",\"telephone\":\"0676951605\",\"legalName\":\"Groupe Coiff\",\"foundingDate\":\"2022-11-16\",\"vatID\":\"FR84921406419\",\"taxID\":\"92140641900025\"},{\"@type\":\"Person\",\"@id\":\"https:\\\/\\\/groupecoiff.com\\\/#\\\/schema\\\/person\\\/538fefee969d51dc276f4bc8e2999ed1\",\"name\":\"Amor\",\"image\":{\"@type\":\"ImageObject\",\"inLanguage\":\"en-US\",\"@id\":\"https:\\\/\\\/secure.gravatar.com\\\/avatar\\\/fdf8e7f93c3cebbb6c0def2f56c8fc73519ae24e81b173352796906b06afe5b4?s=96&d=mm&r=g\",\"url\":\"https:\\\/\\\/secure.gravatar.com\\\/avatar\\\/fdf8e7f93c3cebbb6c0def2f56c8fc73519ae24e81b173352796906b06afe5b4?s=96&d=mm&r=g\",\"contentUrl\":\"https:\\\/\\\/secure.gravatar.com\\\/avatar\\\/fdf8e7f93c3cebbb6c0def2f56c8fc73519ae24e81b173352796906b06afe5b4?s=96&d=mm&r=g\",\"caption\":\"Amor\"},\"sameAs\":[\"https:\\\/\\\/groupecoiff.com\\\/\"]}]}<\/script>\n<!-- \/ Yoast SEO Premium plugin. -->","yoast_head_json":{"title":"Enseigne de Barbier : Un Symbole de Prestige - Groupe Coiff","description":"Explorez les avantages de l'enseigne de barbier pour le salon. Symbole historique, elle souligne votre prestige et votre professionnalisme.","robots":{"index":"index","follow":"follow","max-snippet":"max-snippet:-1","max-image-preview":"max-image-preview:large","max-video-preview":"max-video-preview:-1"},"canonical":"https:\/\/groupecoiff.com\/en\/enseigne-de-barbier\/","og_locale":"en_US","og_type":"article","og_title":"Groupe Coiff - D\u00e9couvrez Nos Mobilier de Coiffure professionnel : Fauteuils de barbier, Miroirs LED et Plus encore","og_description":"Optimiser le Confort et l\u2019Efficacit\u00e9 : Mobilier de Coiffure Professionnel pour Salons. Le choix du mobilier de coiffure professionnel est fondamental pour l'exp\u00e9rience client dans un salon de coiffure. Un mobilier bien choisi combine fonctionnalit\u00e9 et esth\u00e9tique, cr\u00e9ant une ambiance accueillante et professionnelle tout en assurant le confort des clients et l'efficacit\u00e9 des coiffeurs. Dans cet article, nous explorerons les \u00e9l\u00e9ments cl\u00e9s du mobilier pour coiffeur et comment ils peuvent transformer votre salon de coiffure en un espace \u00e0 la fois attrayant et performant. Miroirs et Stations de Coiffage. Le miroir coiffeuse est central \u00e0 toute station de coiffage, permettant aux clients de voir leur transformation. Les coiffeuses avec miroir LED sont devenues incontournables gr\u00e2ce \u00e0 leur \u00e9clairage optimal pour les services de pr\u00e9cision. Ces miroirs am\u00e9liorent la visibilit\u00e9, ce qui facilite le travail des coiffeurs tout en cr\u00e9ant une ambiance sophistiqu\u00e9e. Confort et Style : Les Fauteuils de Coiffure. Un fauteuil coiffure est un pilier du mobilier de salon, alliant confort pour le client et fonctionnalit\u00e9 pour le coiffeur. Les fauteuils dot\u00e9s de repose-pied int\u00e9gr\u00e9 offrent un confort accru, tandis que les options comme le fauteuil de salon de coiffure ou le fauteuil barbier apportent une touche de style. Pour les budgets limit\u00e9s, des fauteuils coiffure pas chers sont disponibles sans sacrifier le confort. L'Importance des Bacs \u00e0 Shampoing. Les bacs \u00e0 shampoing, aussi connus comme bacs pour laver les cheveux, sont essentiels pour une exp\u00e9rience de lavage confortable et efficace. Un bac \u00e0 shampoing massant peut transformer le lavage des cheveux en un moment de d\u00e9tente, augmentant la satisfaction client. Ces bacs sont un choix id\u00e9al pour les salons qui veulent offrir une exp\u00e9rience de luxe. S\u00e9chage et Finition. Le casque pour s\u00e9cher les cheveux ou le s\u00e8che-cheveux casque est indispensable pour le coiffage. Ces appareils permettent un s\u00e9chage uniforme, tout en laissant les mains du coiffeur libres pour d'autres t\u00e2ches. Le chauffe-serviettes barbier est \u00e9galement un ajout appr\u00e9ci\u00e9, offrant un confort suppl\u00e9mentaire lors des traitements capillaires ou de rasage. Mobilier Compl\u00e9mentaire : Un chariot de coiffure est pratique pour garder \u00e0 port\u00e9e de main tous les accessoires n\u00e9cessaires pendant une s\u00e9ance. De plus, le comptoir coiffure et la caisse pour salon de coiffure sont cruciaux pour la gestion efficace du salon. Un agencement intelligent du salon de coiffure meuble am\u00e9liore non seulement l'organisation, mais contribue aussi \u00e0 une d\u00e9coration salon de coiffure coh\u00e9rente et attrayante. Agencement et D\u00e9coration L'agencement de salon de coiffure est crucial pour maximiser l'espace tout en cr\u00e9ant une atmosph\u00e8re agr\u00e9able. Les *tabourets coiffure, chaises de coiffeur, et si\u00e8ges pour salon de coiffure doivent \u00eatre dispos\u00e9s pour faciliter la circulation et l'interaction. Les d\u00e9tails de d\u00e9coration, tels que le repose-pied pour salon de coiffure, ajoutent une touche de luxe et de confort. Conclusion : Investir dans un mobilier pour salon de coiffure de qualit\u00e9 est essentiel pour offrir une exp\u00e9rience client in\u00e9gal\u00e9e. Le mat\u00e9riel pour salon de coiffure bien choisi am\u00e9liore le confort des clients ainsi que l'efficacit\u00e9 et la satisfaction des coiffeurs. Que vous choisissiez un fauteuil barbier pas cher ou un lavabo coiffeur luxueux, chaque \u00e9l\u00e9ment contribue \u00e0 cr\u00e9er un environnement professionnel et accueillant. Groupe Coiff est fier de proposer une large gamme de mobilier de coiffure r\u00e9pondant aux besoins des salons modernes, garantissant que chaque salon est \u00e9quip\u00e9 pour r\u00e9ussir. Pour en savoir plus sur nos produits ou pour consulter notre catalogue complet, visitez notre site Web ou contactez notre \u00e9quipe d'experts. Investissez dans votre salon aujourd'hui et constatez la diff\u00e9rence qu'un mobilier de qualit\u00e9 peut apporter.","og_url":"https:\/\/groupecoiff.com\/en\/enseigne-de-barbier\/","og_site_name":"Groupe Coiff","article_publisher":"https:\/\/www.facebook.com\/GroupeCoiff","article_published_time":"2026-04-02T22:55:34+00:00","article_modified_time":"2026-04-02T22:55:36+00:00","og_image":[{"width":850,"height":583,"url":"https:\/\/groupecoiff.com\/wp-content\/uploads\/2026\/04\/Barber-pool-enseigne.webp","type":"image\/webp"}],"author":"Amor","twitter_card":"summary_large_image","twitter_creator":"@groupecoiff","twitter_site":"@groupecoiff","twitter_misc":{"Written by":"Amor","Est. reading time":"5 minutes"},"schema":{"@context":"https:\/\/schema.org","@graph":[{"@type":"Article","@id":"https:\/\/groupecoiff.com\/enseigne-de-barbier\/#article","isPartOf":{"@id":"https:\/\/groupecoiff.com\/enseigne-de-barbier\/"},"author":{"name":"Amor","@id":"https:\/\/groupecoiff.com\/#\/schema\/person\/538fefee969d51dc276f4bc8e2999ed1"},"headline":"L\u2019Enseigne de Barbier : Entre H\u00e9ritage Sacr\u00e9 et R\u00e9volution du Design Contemporain","datePublished":"2026-04-02T22:55:34+00:00","dateModified":"2026-04-02T22:55:36+00:00","mainEntityOfPage":{"@id":"https:\/\/groupecoiff.com\/enseigne-de-barbier\/"},"wordCount":819,"commentCount":0,"publisher":{"@id":"https:\/\/groupecoiff.com\/#organization"},"image":{"@id":"https:\/\/groupecoiff.com\/enseigne-de-barbier\/#primaryimage"},"thumbnailUrl":"https:\/\/groupecoiff.com\/wp-content\/uploads\/2026\/04\/Barber-pool-enseigne.webp","articleSection":["Enseigne de Barbier"],"inLanguage":"en-US","potentialAction":[{"@type":"CommentAction","name":"Comment","target":["https:\/\/groupecoiff.com\/enseigne-de-barbier\/#respond"]}],"copyrightYear":"2026","copyrightHolder":{"@id":"https:\/\/groupecoiff.com\/en\/#organization"}},{"@type":"WebPage","@id":"https:\/\/groupecoiff.com\/enseigne-de-barbier\/","url":"https:\/\/groupecoiff.com\/enseigne-de-barbier\/","name":"Enseigne de Barbier : Un Symbole de Prestige - Groupe Coiff","isPartOf":{"@id":"https:\/\/groupecoiff.com\/#website"},"primaryImageOfPage":{"@id":"https:\/\/groupecoiff.com\/enseigne-de-barbier\/#primaryimage"},"image":{"@id":"https:\/\/groupecoiff.com\/enseigne-de-barbier\/#primaryimage"},"thumbnailUrl":"https:\/\/groupecoiff.com\/wp-content\/uploads\/2026\/04\/Barber-pool-enseigne.webp","datePublished":"2026-04-02T22:55:34+00:00","dateModified":"2026-04-02T22:55:36+00:00","description":"Explorez les avantages de l'enseigne de barbier pour le salon. Symbole historique, elle souligne votre prestige et votre professionnalisme.","breadcrumb":{"@id":"https:\/\/groupecoiff.com\/enseigne-de-barbier\/#breadcrumb"},"inLanguage":"en-US","potentialAction":[{"@type":"ReadAction","target":["https:\/\/groupecoiff.com\/enseigne-de-barbier\/"]}]},{"@type":"ImageObject","inLanguage":"en-US","@id":"https:\/\/groupecoiff.com\/enseigne-de-barbier\/#primaryimage","url":"https:\/\/groupecoiff.com\/wp-content\/uploads\/2026\/04\/Barber-pool-enseigne.webp","contentUrl":"https:\/\/groupecoiff.com\/wp-content\/uploads\/2026\/04\/Barber-pool-enseigne.webp","width":850,"height":583,"caption":"Enseigne de Barbier Ignace - Enseigne Barbier vintage Ignace - mat\u00e9riel barbier professionnel - Enseigne pour Barber Shop - Barber Pole Enseigne Lumineuse"},{"@type":"BreadcrumbList","@id":"https:\/\/groupecoiff.com\/enseigne-de-barbier\/#breadcrumb","itemListElement":[{"@type":"ListItem","position":1,"name":"Accueil","item":"https:\/\/groupecoiff.com\/"},{"@type":"ListItem","position":2,"name":"L\u2019Enseigne de Barbier : Entre H\u00e9ritage Sacr\u00e9 et R\u00e9volution du Design Contemporain"}]},{"@type":"WebSite","@id":"https:\/\/groupecoiff.com\/#website","url":"https:\/\/groupecoiff.com\/","name":"Coiff Group","description":"Everything for the hairdresser","publisher":{"@id":"https:\/\/groupecoiff.com\/#organization"},"potentialAction":[{"@type":"SearchAction","target":{"@type":"EntryPoint","urlTemplate":"https:\/\/groupecoiff.com\/?s={search_term_string}"},"query-input":{"@type":"PropertyValueSpecification","valueRequired":true,"valueName":"search_term_string"}}],"inLanguage":"en-US"},{"@type":"Organization","@id":"https:\/\/groupecoiff.com\/#organization","name":"Coiff Group","alternateName":"Groupe Coiff : Le Mobilier De Coiffure Haut de Gamme Pour Une \u00c9l\u00e9gance In\u00e9gal\u00e9e","url":"https:\/\/groupecoiff.com\/","logo":{"@type":"ImageObject","inLanguage":"en-US","@id":"https:\/\/groupecoiff.com\/#\/schema\/logo\/image\/","url":"https:\/\/groupecoiff.com\/wp-content\/uploads\/2024\/01\/cropped-Groupe-Coiff-Logo.webp","contentUrl":"https:\/\/groupecoiff.com\/wp-content\/uploads\/2024\/01\/cropped-Groupe-Coiff-Logo.webp","width":512,"height":512,"caption":"Groupe Coiff"},"image":{"@id":"https:\/\/groupecoiff.com\/#\/schema\/logo\/image\/"},"sameAs":["https:\/\/www.facebook.com\/GroupeCoiff","https:\/\/x.com\/groupecoiff","https:\/\/www.instagram.com\/groupecoiff\/","https:\/\/www.tiktok.com\/@groupecoiff","https:\/\/www.youtube.com\/@groupecoiff","https:\/\/twitter.com\/groupecoiff","https:\/\/www.leboncoin.fr\/boutique\/3961302\/groupe_coiff.htm"],"description":"Discover Groupe Coiff's top-of-the-range hairdressing furniture, combining elegance and functionality to enhance your salon and satisfy your customers.","email":"contact@groupecoiff.com","telephone":"0676951605","legalName":"Groupe Coiff","foundingDate":"2022-11-16","vatID":"FR84921406419","taxID":"92140641900025"},{"@type":"Person","@id":"https:\/\/groupecoiff.com\/#\/schema\/person\/538fefee969d51dc276f4bc8e2999ed1","name":"Amor","image":{"@type":"ImageObject","inLanguage":"en-US","@id":"https:\/\/secure.gravatar.com\/avatar\/fdf8e7f93c3cebbb6c0def2f56c8fc73519ae24e81b173352796906b06afe5b4?s=96&d=mm&r=g","url":"https:\/\/secure.gravatar.com\/avatar\/fdf8e7f93c3cebbb6c0def2f56c8fc73519ae24e81b173352796906b06afe5b4?s=96&d=mm&r=g","contentUrl":"https:\/\/secure.gravatar.com\/avatar\/fdf8e7f93c3cebbb6c0def2f56c8fc73519ae24e81b173352796906b06afe5b4?s=96&d=mm&r=g","caption":"Amor"},"sameAs":["https:\/\/groupecoiff.com\/"]}]}},"jetpack_publicize_connections":[],"jetpack_featured_media_url":"https:\/\/groupecoiff.com\/wp-content\/uploads\/2026\/04\/Barber-pool-enseigne.webp","jetpack_likes_enabled":true,"jetpack_sharing_enabled":true,"jetpack_shortlink":"https:\/\/wp.me\/peKCQ7-dvl","_links":{"self":[{"href":"https:\/\/groupecoiff.com\/en\/wp-json\/wp\/v2\/posts\/51915","targetHints":{"allow":["GET"]}}],"collection":[{"href":"https:\/\/groupecoiff.com\/en\/wp-json\/wp\/v2\/posts"}],"about":[{"href":"https:\/\/groupecoiff.com\/en\/wp-json\/wp\/v2\/types\/post"}],"author":[{"embeddable":true,"href":"https:\/\/groupecoiff.com\/en\/wp-json\/wp\/v2\/users\/2"}],"replies":[{"embeddable":true,"href":"https:\/\/groupecoiff.com\/en\/wp-json\/wp\/v2\/comments?post=51915"}],"version-history":[{"count":3,"href":"https:\/\/groupecoiff.com\/en\/wp-json\/wp\/v2\/posts\/51915\/revisions"}],"predecessor-version":[{"id":51929,"href":"https:\/\/groupecoiff.com\/en\/wp-json\/wp\/v2\/posts\/51915\/revisions\/51929"}],"wp:featuredmedia":[{"embeddable":true,"href":"https:\/\/groupecoiff.com\/en\/wp-json\/wp\/v2\/media\/51927"}],"wp:attachment":[{"href":"https:\/\/groupecoiff.com\/en\/wp-json\/wp\/v2\/media?parent=51915"}],"wp:term":[{"taxonomy":"category","embeddable":true,"href":"https:\/\/groupecoiff.com\/en\/wp-json\/wp\/v2\/categories?post=51915"},{"taxonomy":"post_tag","embeddable":true,"href":"https:\/\/groupecoiff.com\/en\/wp-json\/wp\/v2\/tags?post=51915"}],"curies":[{"name":"wp","href":"https:\/\/api.w.org\/{rel}","templated":true}]}}