{"id":312,"count":44,"description":"Beauty is a field in which accessories are more than just add-ons: they are essential elements that enrich your customers' experience and optimize your professional practice. This is especially true if you run a beauty salon, spa or offer home treatments. Choosing the right beauty accessories is therefore a major challenge. They must combine functionality and aesthetics, while meeting your specific requirements.\r\n<h2>The essential beauty accessories for a beauty salon or SPA<\/h2>\r\nDans un institut de beaut\u00e9 ou un spa, chaque d\u00e9tail contribue \u00e0 cr\u00e9er une atmosph\u00e8re apaisante et professionnelle. Les accessoires esth\u00e9tiques jouent un r\u00f4le central dans cette mission. Ils ne sont pas simplement fonctionnels, mais aussi des \u00e9l\u00e9ments qui renforcent l'image de votre \u00e9tablissement. Voici quelques accessoires qui devraient figurer dans votre arsenal.\r\n\r\nNos \u00e9quipements esth\u00e9tiques allient \u00e9l\u00e9gance, durabilit\u00e9 et fonctionnalit\u00e9. Ainsi, chaque appareil, tel que l\u2019appareil d\u2019exfoliation par ultrasons ou l\u2019appareil multifonctions, est s\u00e9lectionn\u00e9 pour r\u00e9pondre aux besoins des professionnels de la beaut\u00e9.\r\n\r\nLe <a href=\"https:\/\/groupecoiff.com\/en\/product\/b-equipement-galvanique-f313a\/\"><strong>B-Galvanic equipment<\/strong><\/a> is an innovative direct-current beauty treatment device. It offers advanced treatments for radiant skin. What's more, it redefines beauty standards in beauty salons. Our device <a href=\"https:\/\/groupecoiff.com\/en\/product\/appareil-multifonctions-27-en-1-redline\/\"><strong>27 in 1 Redline multifunction<\/strong><\/a> revolutionizes beauty care with a host of advanced features. It offers 27 essential functions, such as electrostimulation, ultrasound and micro dermabrasion, for a complete and effective experience. <a href=\"https:\/\/groupecoiff.com\/en\/product-category-2\/tabouret-esthetique\/\"><strong>aesthetic stools<\/strong><\/a> is crucial to the comfort of beauticians who spend long hours in a seated position. Visit <a href=\"https:\/\/groupecoiff.com\/en\/product\/tabouret-am-303-2-blanc\/\"><strong>Stool AM-303-2 White<\/strong><\/a> combines comfort and practicality. This swivel stool is perfect for beauty treatments and pedicures. It combines comfort and design. It meets the needs of the most demanding professionals. <a href=\"https:\/\/groupecoiff.com\/en\/product-category-2\/hygiene-hairdressing\/vapozone\/\"><strong>Steamers<\/strong><\/a> are also essential for facial care. Visit <a href=\"https:\/\/groupecoiff.com\/en\/product\/vapozone-facial-azzurro-h1107\/\"><strong>Vapozone Facial Azzurro<\/strong><\/a> multifonctionnel combine vapeur chaude, aromath\u00e9rapie et ozone. Il offre des soins faciaux complets et relaxants.\r\n\r\nEnfin, n\u2019oublions pas les <strong>magnifying lamps<\/strong>An indispensable tool for precision care, particularly in manicure and facials. The <a href=\"https:\/\/groupecoiff.com\/en\/product\/lampe-de-traitement-glow-mx3-black\/\"><strong>Glow Treatment Lamp<\/strong><\/a> avec sa t\u00eate en forme d\u2019arc offre un \u00e9clairage exceptionnel. Elle est id\u00e9ale pour les extensions de cils et le maquillage, garantissant des r\u00e9sultats pr\u00e9cis.\r\n\r\nCes accessoires, bien choisis, transforment votre espace en un lieu o\u00f9 chaque soin devient une v\u00e9ritable exp\u00e9rience de bien-\u00eatre. Ils vous aident \u00e0 maximiser l'efficacit\u00e9 de votre travail tout en offrant un confort optimal \u00e0 vos clients.\r\n<h2>How to choose the best beauty accessories for your salon?<\/h2>\r\nLorsque vient le moment de s\u00e9lectionner vos accessoires esth\u00e9tiques, plusieurs crit\u00e8res doivent \u00eatre pris en compte. Tout d\u2019abord, \u00e9valuez la qualit\u00e9 et la durabilit\u00e9 des produits. Un investissement judicieux dans du mat\u00e9riel solide et fiable vous permettra de travailler en toute s\u00e9r\u00e9nit\u00e9. Ensuite, consid\u00e9rez l\u2019ergonomie. Vos accessoires doivent s\u2019int\u00e9grer naturellement dans vos gestes quotidiens, sans jamais entraver vos mouvements.\r\n\r\nPensez \u00e9galement \u00e0 l'esth\u00e9tisme. Les accessoires que vous choisissez doivent non seulement \u00eatre pratiques, mais aussi s'harmoniser avec l'ambiance de votre espace. Un environnement soign\u00e9 renforce l'image de votre institut et contribue \u00e0 fid\u00e9liser votre client\u00e8le.\r\n\r\nPour finir, n\u2019oubliez pas de comparer les prix afin de trouver le meilleur rapport qualit\u00e9\/prix. Notre <a href=\"https:\/\/groupecoiff.com\/en\/product-category-2\/esthetic-accessories\/\">selection<\/a> vous propose une gamme vari\u00e9e d\u2019accessoires \u00e0 des prix comp\u00e9titifs, tout en garantissant une qualit\u00e9 irr\u00e9prochable.\r\n\r\nEn tenant compte de ces aspects, vous \u00eates assur\u00e9 de faire un choix qui valorisera votre institut et satisfera vos clients.","link":"https:\/\/groupecoiff.com\/en\/product-category\/accessoires-esthetique\/","name":"Aesthetic accessories","slug":"esthetic-accessories","taxonomy":"product_cat","parent":0,"meta":[],"menu_order":12,"yoast_head":"<!-- This site is optimized with the Yoast SEO Premium plugin v27.4 (Yoast SEO v27.4) - https:\/\/yoast.com\/product\/yoast-seo-premium-wordpress\/ -->\n<title>\u00c9quipements et accessoires esth\u00e9tique pour salons et SPA - Groupe Coiff<\/title>\n<meta name=\"description\" content=\"D\u00e9couvrez nos \u00e9quipements et accessoires esth\u00e9tiques pour salons et spas. \u00c9l\u00e9gance et fonctionnalit\u00e9 pour sublimer votre espace et satisfaire vos clients.\" \/>\n<meta name=\"robots\" content=\"index, follow, max-snippet:-1, max-image-preview:large, max-video-preview:-1\" \/>\n<link rel=\"canonical\" href=\"https:\/\/groupecoiff.com\/en\/product-category\/esthetic-accessories\/\" \/>\n<meta property=\"og:locale\" content=\"en_US\" \/>\n<meta property=\"og:type\" content=\"article\" \/>\n<meta property=\"og:title\" content=\"Archives des Accessoires esth\u00e9tique\" \/>\n<meta property=\"og:description\" content=\"D\u00e9couvrez nos \u00e9quipements et accessoires esth\u00e9tiques pour salons et spas. \u00c9l\u00e9gance et fonctionnalit\u00e9 pour sublimer votre espace et satisfaire vos clients.\" \/>\n<meta property=\"og:url\" content=\"https:\/\/groupecoiff.com\/en\/product-category\/esthetic-accessories\/\" \/>\n<meta property=\"og:site_name\" content=\"Groupe Coiff\" \/>\n<meta property=\"og:image\" content=\"https:\/\/groupecoiff.com\/wp-content\/uploads\/2024\/01\/Groupe-Coiff-Logo.webp\" \/>\n\t<meta property=\"og:image:width\" content=\"250\" \/>\n\t<meta property=\"og:image:height\" content=\"250\" \/>\n\t<meta property=\"og:image:type\" content=\"image\/webp\" \/>\n<meta name=\"twitter:card\" content=\"summary_large_image\" \/>\n<meta name=\"twitter:site\" content=\"@groupecoiff\" \/>\n<script type=\"application\/ld+json\" class=\"yoast-schema-graph\">{\"@context\":\"https:\\\/\\\/schema.org\",\"@graph\":[{\"@type\":\"CollectionPage\",\"@id\":\"https:\\\/\\\/groupecoiff.com\\\/product-category\\\/accessoires-esthetique\\\/\",\"url\":\"https:\\\/\\\/groupecoiff.com\\\/product-category\\\/accessoires-esthetique\\\/\",\"name\":\"\u00c9quipements et accessoires esth\u00e9tique pour salons et SPA - Groupe Coiff\",\"isPartOf\":{\"@id\":\"https:\\\/\\\/groupecoiff.com\\\/#website\"},\"description\":\"D\u00e9couvrez nos \u00e9quipements et accessoires esth\u00e9tiques pour salons et spas. \u00c9l\u00e9gance et fonctionnalit\u00e9 pour sublimer votre espace et satisfaire vos clients.\",\"breadcrumb\":{\"@id\":\"https:\\\/\\\/groupecoiff.com\\\/product-category\\\/accessoires-esthetique\\\/#breadcrumb\"},\"inLanguage\":\"en-US\"},{\"@type\":\"BreadcrumbList\",\"@id\":\"https:\\\/\\\/groupecoiff.com\\\/product-category\\\/accessoires-esthetique\\\/#breadcrumb\",\"itemListElement\":[{\"@type\":\"ListItem\",\"position\":1,\"name\":\"Accueil\",\"item\":\"https:\\\/\\\/groupecoiff.com\\\/\"},{\"@type\":\"ListItem\",\"position\":2,\"name\":\"Accessoires esth\u00e9tique\"}]},{\"@type\":\"WebSite\",\"@id\":\"https:\\\/\\\/groupecoiff.com\\\/#website\",\"url\":\"https:\\\/\\\/groupecoiff.com\\\/\",\"name\":\"Groupe Coiff\",\"description\":\"Tout pour la coiffure\",\"publisher\":{\"@id\":\"https:\\\/\\\/groupecoiff.com\\\/#organization\"},\"potentialAction\":[{\"@type\":\"SearchAction\",\"target\":{\"@type\":\"EntryPoint\",\"urlTemplate\":\"https:\\\/\\\/groupecoiff.com\\\/?s={search_term_string}\"},\"query-input\":{\"@type\":\"PropertyValueSpecification\",\"valueRequired\":true,\"valueName\":\"search_term_string\"}}],\"inLanguage\":\"en-US\"},{\"@type\":\"Organization\",\"@id\":\"https:\\\/\\\/groupecoiff.com\\\/#organization\",\"name\":\"Groupe Coiff\",\"alternateName\":\"Groupe Coiff : Le Mobilier De Coiffure Haut de Gamme Pour Une \u00c9l\u00e9gance In\u00e9gal\u00e9e\",\"url\":\"https:\\\/\\\/groupecoiff.com\\\/\",\"logo\":{\"@type\":\"ImageObject\",\"inLanguage\":\"en-US\",\"@id\":\"https:\\\/\\\/groupecoiff.com\\\/#\\\/schema\\\/logo\\\/image\\\/\",\"url\":\"https:\\\/\\\/groupecoiff.com\\\/wp-content\\\/uploads\\\/2024\\\/01\\\/cropped-Groupe-Coiff-Logo.webp\",\"contentUrl\":\"https:\\\/\\\/groupecoiff.com\\\/wp-content\\\/uploads\\\/2024\\\/01\\\/cropped-Groupe-Coiff-Logo.webp\",\"width\":512,\"height\":512,\"caption\":\"Groupe Coiff\"},\"image\":{\"@id\":\"https:\\\/\\\/groupecoiff.com\\\/#\\\/schema\\\/logo\\\/image\\\/\"},\"sameAs\":[\"https:\\\/\\\/www.facebook.com\\\/GroupeCoiff\",\"https:\\\/\\\/x.com\\\/groupecoiff\",\"https:\\\/\\\/www.instagram.com\\\/groupecoiff\\\/\",\"https:\\\/\\\/www.tiktok.com\\\/@groupecoiff\",\"https:\\\/\\\/www.youtube.com\\\/@groupecoiff\",\"https:\\\/\\\/twitter.com\\\/groupecoiff\",\"https:\\\/\\\/www.leboncoin.fr\\\/boutique\\\/3961302\\\/groupe_coiff.htm\"],\"description\":\"D\u00e9couvrez le mobilier de coiffure haut de gamme de Groupe Coiff, alliant \u00e9l\u00e9gance et fonctionnalit\u00e9 pour sublimer votre salon et satisfaire vos clients.\",\"email\":\"contact@groupecoiff.com\",\"telephone\":\"0676951605\",\"legalName\":\"Groupe Coiff\",\"foundingDate\":\"2022-11-16\",\"vatID\":\"FR84921406419\",\"taxID\":\"92140641900025\"}]}<\/script>\n<!-- \/ Yoast SEO Premium plugin. -->","yoast_head_json":{"title":"Beauty equipment and accessories for salons and SPAs - Groupe Coiff","description":"D\u00e9couvrez nos \u00e9quipements et accessoires esth\u00e9tiques pour salons et spas. \u00c9l\u00e9gance et fonctionnalit\u00e9 pour sublimer votre espace et satisfaire vos clients!","robots":{"index":"index","follow":"follow","max-snippet":"max-snippet:-1","max-image-preview":"max-image-preview:large","max-video-preview":"max-video-preview:-1"},"canonical":"https:\/\/groupecoiff.com\/en\/product-category\/esthetic-accessories\/","og_locale":"en_US","og_type":"article","og_title":"Archives des Accessoires esth\u00e9tique","og_description":"D\u00e9couvrez nos \u00e9quipements et accessoires esth\u00e9tiques pour salons et spas. \u00c9l\u00e9gance et fonctionnalit\u00e9 pour sublimer votre espace et satisfaire vos clients.","og_url":"https:\/\/groupecoiff.com\/en\/product-category\/esthetic-accessories\/","og_site_name":"Groupe Coiff","og_image":[{"width":250,"height":250,"url":"https:\/\/groupecoiff.com\/wp-content\/uploads\/2024\/01\/Groupe-Coiff-Logo.webp","type":"image\/webp"}],"twitter_card":"summary_large_image","twitter_site":"@groupecoiff","schema":{"@context":"https:\/\/schema.org","@graph":[{"@type":"CollectionPage","@id":"https:\/\/groupecoiff.com\/product-category\/accessoires-esthetique\/","url":"https:\/\/groupecoiff.com\/product-category\/accessoires-esthetique\/","name":"Beauty equipment and accessories for salons and SPAs - Groupe Coiff","isPartOf":{"@id":"https:\/\/groupecoiff.com\/#website"},"description":"D\u00e9couvrez nos \u00e9quipements et accessoires esth\u00e9tiques pour salons et spas. \u00c9l\u00e9gance et fonctionnalit\u00e9 pour sublimer votre espace et satisfaire vos clients!","breadcrumb":{"@id":"https:\/\/groupecoiff.com\/product-category\/accessoires-esthetique\/#breadcrumb"},"inLanguage":"en-US"},{"@type":"BreadcrumbList","@id":"https:\/\/groupecoiff.com\/product-category\/accessoires-esthetique\/#breadcrumb","itemListElement":[{"@type":"ListItem","position":1,"name":"Accueil","item":"https:\/\/groupecoiff.com\/"},{"@type":"ListItem","position":2,"name":"Accessoires esth\u00e9tique"}]},{"@type":"WebSite","@id":"https:\/\/groupecoiff.com\/#website","url":"https:\/\/groupecoiff.com\/","name":"Coiff Group","description":"Everything for the hairdresser","publisher":{"@id":"https:\/\/groupecoiff.com\/#organization"},"potentialAction":[{"@type":"SearchAction","target":{"@type":"EntryPoint","urlTemplate":"https:\/\/groupecoiff.com\/?s={search_term_string}"},"query-input":{"@type":"PropertyValueSpecification","valueRequired":true,"valueName":"search_term_string"}}],"inLanguage":"en-US"},{"@type":"Organization","@id":"https:\/\/groupecoiff.com\/#organization","name":"Coiff Group","alternateName":"Groupe Coiff : Le Mobilier De Coiffure Haut de Gamme Pour Une \u00c9l\u00e9gance In\u00e9gal\u00e9e","url":"https:\/\/groupecoiff.com\/","logo":{"@type":"ImageObject","inLanguage":"en-US","@id":"https:\/\/groupecoiff.com\/#\/schema\/logo\/image\/","url":"https:\/\/groupecoiff.com\/wp-content\/uploads\/2024\/01\/cropped-Groupe-Coiff-Logo.webp","contentUrl":"https:\/\/groupecoiff.com\/wp-content\/uploads\/2024\/01\/cropped-Groupe-Coiff-Logo.webp","width":512,"height":512,"caption":"Groupe Coiff"},"image":{"@id":"https:\/\/groupecoiff.com\/#\/schema\/logo\/image\/"},"sameAs":["https:\/\/www.facebook.com\/GroupeCoiff","https:\/\/x.com\/groupecoiff","https:\/\/www.instagram.com\/groupecoiff\/","https:\/\/www.tiktok.com\/@groupecoiff","https:\/\/www.youtube.com\/@groupecoiff","https:\/\/twitter.com\/groupecoiff","https:\/\/www.leboncoin.fr\/boutique\/3961302\/groupe_coiff.htm"],"description":"Discover Groupe Coiff's top-of-the-range hairdressing furniture, combining elegance and functionality to enhance your salon and satisfy your customers.","email":"contact@groupecoiff.com","telephone":"0676951605","legalName":"Groupe Coiff","foundingDate":"2022-11-16","vatID":"FR84921406419","taxID":"92140641900025"}]}},"_links":{"self":[{"href":"https:\/\/groupecoiff.com\/en\/wp-json\/wp\/v2\/product_cat\/312","targetHints":{"allow":["GET"]}}],"collection":[{"href":"https:\/\/groupecoiff.com\/en\/wp-json\/wp\/v2\/product_cat"}],"about":[{"href":"https:\/\/groupecoiff.com\/en\/wp-json\/wp\/v2\/taxonomies\/product_cat"}],"wp:post_type":[{"href":"https:\/\/groupecoiff.com\/en\/wp-json\/wp\/v2\/product?product_cat=312"}],"curies":[{"name":"wp","href":"https:\/\/api.w.org\/{rel}","templated":true}]}}