{"id":46,"count":110,"description":"<h2>Professional Hairdressing Chair: Comfort, High-End Design, and Everyday Performance<\/h2>\r\nThe professional barber chair is an essential element in the layout of a hair salon. It plays a central role in the client experience, the hairdresser's comfort, and the overall image of your establishment. Far more than just a seat, it reflects your standard of quality and your positioning. A well-chosen women's barber chair will enhance your services, improve ergonomics, and offer a high-end experience to every client.\r\n<h3>A key element for the image and performance of your living room<\/h3>\r\nIn a professional environment, every detail counts. The styling chair is at the heart of your business. It must combine aesthetics, robustness, and practicality to meet the demands of intensive use.\r\n<ul>\r\n \t<li>Improvement of professional and high-end image<\/li>\r\n \t<li>Optimal comfort for long services<\/li>\r\n \t<li>Ergonomics for hairdressers<\/li>\r\n \t<li>Fluidity of movement during work<\/li>\r\n<\/ul>\r\n<h3>Design, ergonomics, and functionality: an essential balance<\/h3>\r\nA high-end barber chair is designed to offer a seamless and comfortable experience for both the client and the professional. Every component is meticulously crafted to facilitate work while ensuring lasting comfort.\r\n<ul>\r\n \t<li>Adjustable stand for various services<\/li>\r\n \t<li>Integrated footrest for better support<\/li>\r\n \t<li>360\u00b0 rotation for complete freedom of movement<\/li>\r\n \t<li>Ergonomic seating for prolonged comfort<\/li>\r\n \t<li>Soft, durable, and easy-care coating<\/li>\r\n<\/ul>\r\n<h3>Heavy-duty materials for intensive professional use<\/h3>\r\nThe quality of the materials is an essential criterion when choosing a professional hairdresser's chair. Our models are designed to withstand the daily demands of hair salons, beauty salons, and spas.\r\n<ul>\r\n \t<li>Reinforced metal structure for maximum stability<\/li>\r\n \t<li>Chemical-resistant synthetic leather coating<\/li>\r\n \t<li>Careful finishes for a durable aesthetic result<\/li>\r\n \t<li>Components designed for heavy-duty use<\/li>\r\n<\/ul>\r\nThis level of quality ensures a reliable and sustainable investment over time.\r\n<h3>Hydraulic Barber Chair: Precision and Simplicity<\/h3>\r\nThe hydraulic pump allows for easy adjustment of the chair's height, thus offering an ideal working position for every service. This system is known for its robustness and ease of use.\r\n<ul>\r\n \t<li>Smooth and fast height adjustment<\/li>\r\n \t<li>Optimal stability during services<\/li>\r\n \t<li>Suitable for all types of hairdressing services<\/li>\r\n<\/ul>\r\n<h3>Model available immediately: quick and efficient solution<\/h3>\r\nWe offer a professional hairdressing chair in a standard version, available for fast delivery. Its sober and elegant finish adapts to all salon styles.\r\n<ul>\r\n \t<li>Timeless black color<\/li>\r\n \t<li>Multipurpose design<\/li>\r\n \t<li>Essential built-in features<\/li>\r\n \t<li>Ideal for quick opening or renewal<\/li>\r\n<\/ul>\r\n<h3>Custom hairdressing chair: create unique furniture<\/h3>\r\nFor professionals looking to stand out, we offer customized solutions to design a chair perfectly suited to your visual identity.\r\n<ul>\r\n \t<li>Color choices: black, white, cognac, taupe, brown\u2026<\/li>\r\n \t<li>Custom finishes: chrome, matte black, gold<\/li>\r\n \t<li>Technical Options: advanced tilt, reinforced armrests<\/li>\r\n \t<li>Full adaptation to your lounge concept<\/li>\r\n<\/ul>\r\nThis customization allows for the creation of a coherent and differentiating ambiance.\r\n<h3>A complete range for all professionals<\/h3>\r\nOur professional hairdressing furniture is designed to meet all your needs:\r\n<ul>\r\n \t<li>Barber chairs with hydraulic pump<\/li>\r\n \t<li>Recliners for long services<\/li>\r\n \t<li>Contemporary or vintage design models<\/li>\r\n \t<li>Matching furniture for complete living room harmony<\/li>\r\n<\/ul>\r\nEach model is designed to improve service quality and optimize your organization.\r\n<h3>Maintenance and durability<\/h3>\r\nRegular maintenance ensures the longevity and aesthetic appeal of your barber chair.\r\n<ol>\r\n \t<li>Clean with a soft cloth and an appropriate product.<\/li>\r\n \t<li>Avoid harsh or abrasive products<\/li>\r\n \t<li>Wipe the metal parts regularly<\/li>\r\n \t<li>Check the hydraulic mechanisms<\/li>\r\n<\/ol>\r\nWell-maintained furniture enhances your professional image with your clients.\r\n<h3>Why choose Groupe Coiff?<\/h3>\r\n<ul>\r\n \t<li>Furniture designed for intensive use<\/li>\r\n \t<li>Wide selection of models and finishes<\/li>\r\n \t<li>Customization options<\/li>\r\n \t<li>Volume discounts<\/li>\r\n \t<li>Professional support<\/li>\r\n<\/ul>\r\nDiscover our equipment in our showrooms:\r\n<ul>\r\n \t<li>Viry-Ch\u00e2tillon 91170 \u2013 6 rue de Ris<\/li>\r\n \t<li>Brignoles 83170 \u2013 110 Gen\u00eats Street<\/li>\r\n<\/ul>\r\n<h3>Request your personalized quote<\/h3>\r\nContact us now via WhatsApp at +33676951605 to receive our catalogs and get a solution tailored to your project.\r\n<h3>FAQ \u2013 Professional Barber Chair<\/h3>\r\n<h4>What is the difference between a hydraulic chair and an electric chair?<\/h4>\r\nThe hydraulic model operates via a manual pump, while the electric chair offers more precise and comfortable motorized adjustment.\r\n<h4>How to choose a hair salon chair?<\/h4>\r\nConsider comfort, robustness, design, and suitability for your space and clientele.\r\n<h4>Is the armchair suitable for intensive use?<\/h4>\r\nYes, professional models are designed for daily salon use.\r\n<h4>Can the armchair be customized?<\/h4>\r\nYes, several color options, finishes, and configurations are available to match your visual identity.","link":"https:\/\/groupecoiff.com\/en\/product-category\/fauteuil-de-coiffure\/","name":"Hairdressing chair","slug":"styling-chair","taxonomy":"product_cat","parent":0,"meta":[],"menu_order":9,"yoast_head":"<!-- This site is optimized with the Yoast SEO Premium plugin v28.4 (Yoast SEO v28.4) - https:\/\/yoast.com\/product\/yoast-seo-premium-wordpress\/ -->\n<title>Fauteuil de coiffure: \u00c9l\u00e9gance pour votre salon - Groupe Coiff<\/title>\n<meta name=\"description\" content=\"D\u00e9couvrez nos fauteuils de coiffure pour femmes, alliant confort et esth\u00e9tique. Am\u00e9liorez l&#039;image de votre salon avec style !\" \/>\n<meta name=\"robots\" content=\"index, follow, max-snippet:-1, max-image-preview:large, max-video-preview:-1\" \/>\n<link rel=\"canonical\" href=\"https:\/\/groupecoiff.com\/en\/product-category\/styling-chair\/\" \/>\n<meta property=\"og:locale\" content=\"en_US\" \/>\n<meta property=\"og:type\" content=\"article\" \/>\n<meta property=\"og:title\" content=\"Archives des Fauteuil de coiffure\" \/>\n<meta property=\"og:description\" content=\"D\u00e9couvrez nos fauteuils de coiffure pour femmes, alliant confort et esth\u00e9tique. Am\u00e9liorez l&#039;image de votre salon avec style !\" \/>\n<meta property=\"og:url\" content=\"https:\/\/groupecoiff.com\/en\/product-category\/styling-chair\/\" \/>\n<meta property=\"og:site_name\" content=\"Groupe Coiff\" \/>\n<meta property=\"og:image\" content=\"https:\/\/groupecoiff.com\/wp-content\/uploads\/2024\/01\/Groupe-Coiff-Logo.webp\" \/>\n\t<meta property=\"og:image:width\" content=\"250\" \/>\n\t<meta property=\"og:image:height\" content=\"250\" \/>\n\t<meta property=\"og:image:type\" content=\"image\/webp\" \/>\n<meta name=\"twitter:card\" content=\"summary_large_image\" \/>\n<meta name=\"twitter:site\" content=\"@groupecoiff\" \/>\n<script type=\"application\/ld+json\" class=\"yoast-schema-graph\">{\"@context\":\"https:\\\/\\\/schema.org\",\"@graph\":[{\"@type\":\"CollectionPage\",\"@id\":\"https:\\\/\\\/groupecoiff.com\\\/product-category\\\/fauteuil-de-coiffure\\\/\",\"url\":\"https:\\\/\\\/groupecoiff.com\\\/product-category\\\/fauteuil-de-coiffure\\\/\",\"name\":\"Fauteuil de coiffure: \u00c9l\u00e9gance pour votre salon - Groupe Coiff\",\"isPartOf\":{\"@id\":\"https:\\\/\\\/groupecoiff.com\\\/#website\"},\"description\":\"D\u00e9couvrez nos fauteuils de coiffure pour femmes, alliant confort et esth\u00e9tique. Am\u00e9liorez l'image de votre salon avec style !\",\"breadcrumb\":{\"@id\":\"https:\\\/\\\/groupecoiff.com\\\/product-category\\\/fauteuil-de-coiffure\\\/#breadcrumb\"},\"inLanguage\":\"en-US\"},{\"@type\":\"BreadcrumbList\",\"@id\":\"https:\\\/\\\/groupecoiff.com\\\/product-category\\\/fauteuil-de-coiffure\\\/#breadcrumb\",\"itemListElement\":[{\"@type\":\"ListItem\",\"position\":1,\"name\":\"Accueil\",\"item\":\"https:\\\/\\\/groupecoiff.com\\\/\"},{\"@type\":\"ListItem\",\"position\":2,\"name\":\"Fauteuil de coiffure\"}]},{\"@type\":\"WebSite\",\"@id\":\"https:\\\/\\\/groupecoiff.com\\\/#website\",\"url\":\"https:\\\/\\\/groupecoiff.com\\\/\",\"name\":\"Groupe Coiff\",\"description\":\"Tout pour la coiffure\",\"publisher\":{\"@id\":\"https:\\\/\\\/groupecoiff.com\\\/#organization\"},\"potentialAction\":[{\"@type\":\"SearchAction\",\"target\":{\"@type\":\"EntryPoint\",\"urlTemplate\":\"https:\\\/\\\/groupecoiff.com\\\/?s={search_term_string}\"},\"query-input\":{\"@type\":\"PropertyValueSpecification\",\"valueRequired\":true,\"valueName\":\"search_term_string\"}}],\"inLanguage\":\"en-US\"},{\"@type\":\"Organization\",\"@id\":\"https:\\\/\\\/groupecoiff.com\\\/#organization\",\"name\":\"Groupe Coiff\",\"alternateName\":\"Groupe Coiff : Le Mobilier De Coiffure Haut de Gamme Pour Une \u00c9l\u00e9gance In\u00e9gal\u00e9e\",\"url\":\"https:\\\/\\\/groupecoiff.com\\\/\",\"logo\":{\"@type\":\"ImageObject\",\"inLanguage\":\"en-US\",\"@id\":\"https:\\\/\\\/groupecoiff.com\\\/#\\\/schema\\\/logo\\\/image\\\/\",\"url\":\"https:\\\/\\\/groupecoiff.com\\\/wp-content\\\/uploads\\\/2024\\\/01\\\/cropped-Groupe-Coiff-Logo.webp\",\"contentUrl\":\"https:\\\/\\\/groupecoiff.com\\\/wp-content\\\/uploads\\\/2024\\\/01\\\/cropped-Groupe-Coiff-Logo.webp\",\"width\":512,\"height\":512,\"caption\":\"Groupe Coiff\"},\"image\":{\"@id\":\"https:\\\/\\\/groupecoiff.com\\\/#\\\/schema\\\/logo\\\/image\\\/\"},\"sameAs\":[\"https:\\\/\\\/www.facebook.com\\\/GroupeCoiff\",\"https:\\\/\\\/x.com\\\/groupecoiff\",\"https:\\\/\\\/www.instagram.com\\\/groupecoiff\\\/\",\"https:\\\/\\\/www.tiktok.com\\\/@groupecoiff\",\"https:\\\/\\\/www.youtube.com\\\/@groupecoiff\",\"https:\\\/\\\/twitter.com\\\/groupecoiff\",\"https:\\\/\\\/www.leboncoin.fr\\\/boutique\\\/3961302\\\/groupe_coiff.htm\"],\"description\":\"D\u00e9couvrez le mobilier de coiffure haut de gamme de Groupe Coiff, alliant \u00e9l\u00e9gance et fonctionnalit\u00e9 pour sublimer votre salon et satisfaire vos clients.\",\"email\":\"contact@groupecoiff.com\",\"telephone\":\"0676951605\",\"legalName\":\"Groupe Coiff\",\"foundingDate\":\"2022-11-16\",\"vatID\":\"FR84921406419\",\"taxID\":\"92140641900025\"}]}<\/script>\n<!-- \/ Yoast SEO Premium plugin. -->","yoast_head_json":{"title":"Hairdressing Chair: Elegance for your Salon - Groupe Coiff","description":"Discover our hairdressing chairs for women, combining comfort and aesthetics. Enhance your salon's image with style!","robots":{"index":"index","follow":"follow","max-snippet":"max-snippet:-1","max-image-preview":"max-image-preview:large","max-video-preview":"max-video-preview:-1"},"canonical":"https:\/\/groupecoiff.com\/en\/product-category\/styling-chair\/","og_locale":"en_US","og_type":"article","og_title":"Archives des Fauteuil de coiffure","og_description":"D\u00e9couvrez nos fauteuils de coiffure pour femmes, alliant confort et esth\u00e9tique. Am\u00e9liorez l'image de votre salon avec style !","og_url":"https:\/\/groupecoiff.com\/en\/product-category\/styling-chair\/","og_site_name":"Groupe Coiff","og_image":[{"width":250,"height":250,"url":"https:\/\/groupecoiff.com\/wp-content\/uploads\/2024\/01\/Groupe-Coiff-Logo.webp","type":"image\/webp"}],"twitter_card":"summary_large_image","twitter_site":"@groupecoiff","schema":{"@context":"https:\/\/schema.org","@graph":[{"@type":"CollectionPage","@id":"https:\/\/groupecoiff.com\/product-category\/fauteuil-de-coiffure\/","url":"https:\/\/groupecoiff.com\/product-category\/fauteuil-de-coiffure\/","name":"Hairdressing Chair: Elegance for your Salon - Groupe Coiff","isPartOf":{"@id":"https:\/\/groupecoiff.com\/#website"},"description":"Discover our hairdressing chairs for women, combining comfort and aesthetics. Enhance your salon's image with style!","breadcrumb":{"@id":"https:\/\/groupecoiff.com\/product-category\/fauteuil-de-coiffure\/#breadcrumb"},"inLanguage":"en-US"},{"@type":"BreadcrumbList","@id":"https:\/\/groupecoiff.com\/product-category\/fauteuil-de-coiffure\/#breadcrumb","itemListElement":[{"@type":"ListItem","position":1,"name":"Accueil","item":"https:\/\/groupecoiff.com\/"},{"@type":"ListItem","position":2,"name":"Fauteuil de coiffure"}]},{"@type":"WebSite","@id":"https:\/\/groupecoiff.com\/#website","url":"https:\/\/groupecoiff.com\/","name":"Coiff Group","description":"Everything for the hairdresser","publisher":{"@id":"https:\/\/groupecoiff.com\/#organization"},"potentialAction":[{"@type":"SearchAction","target":{"@type":"EntryPoint","urlTemplate":"https:\/\/groupecoiff.com\/?s={search_term_string}"},"query-input":{"@type":"PropertyValueSpecification","valueRequired":true,"valueName":"search_term_string"}}],"inLanguage":"en-US"},{"@type":"Organization","@id":"https:\/\/groupecoiff.com\/#organization","name":"Coiff Group","alternateName":"Groupe Coiff : Le Mobilier De Coiffure Haut de Gamme Pour Une \u00c9l\u00e9gance In\u00e9gal\u00e9e","url":"https:\/\/groupecoiff.com\/","logo":{"@type":"ImageObject","inLanguage":"en-US","@id":"https:\/\/groupecoiff.com\/#\/schema\/logo\/image\/","url":"https:\/\/groupecoiff.com\/wp-content\/uploads\/2024\/01\/cropped-Groupe-Coiff-Logo.webp","contentUrl":"https:\/\/groupecoiff.com\/wp-content\/uploads\/2024\/01\/cropped-Groupe-Coiff-Logo.webp","width":512,"height":512,"caption":"Groupe Coiff"},"image":{"@id":"https:\/\/groupecoiff.com\/#\/schema\/logo\/image\/"},"sameAs":["https:\/\/www.facebook.com\/GroupeCoiff","https:\/\/x.com\/groupecoiff","https:\/\/www.instagram.com\/groupecoiff\/","https:\/\/www.tiktok.com\/@groupecoiff","https:\/\/www.youtube.com\/@groupecoiff","https:\/\/twitter.com\/groupecoiff","https:\/\/www.leboncoin.fr\/boutique\/3961302\/groupe_coiff.htm"],"description":"Discover Groupe Coiff's top-of-the-range hairdressing furniture, combining elegance and functionality to enhance your salon and satisfy your customers.","email":"contact@groupecoiff.com","telephone":"0676951605","legalName":"Groupe Coiff","foundingDate":"2022-11-16","vatID":"FR84921406419","taxID":"92140641900025"}]}},"_links":{"self":[{"href":"https:\/\/groupecoiff.com\/en\/wp-json\/wp\/v2\/product_cat\/46","targetHints":{"allow":["GET"]}}],"collection":[{"href":"https:\/\/groupecoiff.com\/en\/wp-json\/wp\/v2\/product_cat"}],"about":[{"href":"https:\/\/groupecoiff.com\/en\/wp-json\/wp\/v2\/taxonomies\/product_cat"}],"wp:post_type":[{"href":"https:\/\/groupecoiff.com\/en\/wp-json\/wp\/v2\/product?product_cat=46"}],"curies":[{"name":"wp","href":"https:\/\/api.w.org\/{rel}","templated":true}]}}