{"id":46,"count":106,"description":"<h2>Fauteuil de Coiffure Professionnel : Confort, Design Haut de Gamme et Performance au Quotidien<\/h2>\r\nLe fauteuil de coiffure professionnel est un \u00e9l\u00e9ment incontournable dans l\u2019am\u00e9nagement d\u2019un salon de coiffure. Il joue un r\u00f4le central dans l\u2019exp\u00e9rience client, le confort de travail du coiffeur et l\u2019image globale de votre \u00e9tablissement. Bien plus qu\u2019un simple si\u00e8ge, il refl\u00e8te votre niveau d\u2019exigence et votre positionnement. Un fauteuil de coiffure pour femme bien choisi permet de valoriser vos prestations, d\u2019am\u00e9liorer votre ergonomie et d\u2019offrir une exp\u00e9rience haut de gamme \u00e0 chaque client.\r\n<h3>Un \u00e9l\u00e9ment cl\u00e9 pour l\u2019image et la performance de votre salon<\/h3>\r\nDans un environnement professionnel, chaque d\u00e9tail compte. Le fauteuil de coiffure est au c\u0153ur de votre activit\u00e9. Il doit allier esth\u00e9tique, robustesse et praticit\u00e9 afin de r\u00e9pondre aux exigences d\u2019un usage intensif.\r\n<ul>\r\n \t<li>Am\u00e9lioration de l\u2019image professionnelle et haut de gamme<\/li>\r\n \t<li>Confort optimal pour les prestations longues<\/li>\r\n \t<li>Ergonomie adapt\u00e9e pour le coiffeur<\/li>\r\n \t<li>Fluidit\u00e9 des mouvements pendant le travail<\/li>\r\n<\/ul>\r\n<h3>Design, ergonomie et fonctionnalit\u00e9 : un \u00e9quilibre essentiel<\/h3>\r\nUn fauteuil de coiffure haut de gamme est con\u00e7u pour offrir une exp\u00e9rience fluide et confortable, tant pour le client que pour le professionnel. Chaque composant est pens\u00e9 pour faciliter le travail tout en garantissant un confort durable.\r\n<ul>\r\n \t<li>Dossier inclinable pour s\u2019adapter \u00e0 diff\u00e9rents types de prestations<\/li>\r\n \t<li>Repose-pieds int\u00e9gr\u00e9 pour un meilleur maintien<\/li>\r\n \t<li>Rotation \u00e0 360\u00b0 pour une libert\u00e9 de mouvement totale<\/li>\r\n \t<li>Assise ergonomique pour un confort prolong\u00e9<\/li>\r\n \t<li>Rev\u00eatement doux, r\u00e9sistant et facile \u00e0 entretenir<\/li>\r\n<\/ul>\r\n<h3>Mat\u00e9riaux robustes pour un usage professionnel intensif<\/h3>\r\nLa qualit\u00e9 des mat\u00e9riaux est un crit\u00e8re essentiel dans le choix d\u2019un fauteuil de coiffure professionnel. Nos mod\u00e8les sont con\u00e7us pour r\u00e9sister aux contraintes quotidiennes des salons de coiffure, instituts de beaut\u00e9 et esth\u00e9tique et bien-\u00eatre.\r\n<ul>\r\n \t<li>Structure m\u00e9tallique renforc\u00e9e pour une stabilit\u00e9 maximale<\/li>\r\n \t<li>Rev\u00eatement en cuir synth\u00e9tique r\u00e9sistant aux produits chimiques<\/li>\r\n \t<li>Finitions soign\u00e9es pour un rendu esth\u00e9tique durable<\/li>\r\n \t<li>Composants con\u00e7us pour une utilisation intensive<\/li>\r\n<\/ul>\r\nCe niveau de qualit\u00e9 garantit un investissement fiable et durable dans le temps.\r\n<h3>Fauteuil de coiffure hydraulique : pr\u00e9cision et simplicit\u00e9<\/h3>\r\nLa pompe hydraulique permet d\u2019ajuster facilement la hauteur du fauteuil, offrant ainsi une position de travail id\u00e9ale pour chaque prestation. Ce syst\u00e8me est reconnu pour sa robustesse et sa facilit\u00e9 d\u2019utilisation.\r\n<ul>\r\n \t<li>R\u00e9glage de hauteur fluide et rapide<\/li>\r\n \t<li>Stabilit\u00e9 optimale pendant les prestations<\/li>\r\n \t<li>Adapt\u00e9 \u00e0 tous les types de services coiffure<\/li>\r\n<\/ul>\r\n<h3>Mod\u00e8le disponible imm\u00e9diatement : solution rapide et efficace<\/h3>\r\nNous proposons un fauteuil de coiffure professionnel en version standard, disponible en livraison rapide. Sa finition sobre et \u00e9l\u00e9gante s\u2019adapte \u00e0 tous les styles de salons.\r\n<ul>\r\n \t<li>Coloris noir intemporel<\/li>\r\n \t<li>Design polyvalent<\/li>\r\n \t<li>Fonctionnalit\u00e9s essentielles int\u00e9gr\u00e9es<\/li>\r\n \t<li>Id\u00e9al pour ouverture ou renouvellement rapide<\/li>\r\n<\/ul>\r\n<h3>Fauteuil de coiffure sur mesure : cr\u00e9ez un mobilier unique<\/h3>\r\nPour les professionnels souhaitant se d\u00e9marquer, nous proposons des solutions personnalis\u00e9es permettant de concevoir un fauteuil parfaitement adapt\u00e9 \u00e0 votre identit\u00e9 visuelle.\r\n<ul>\r\n \t<li>Choix des couleurs : noir, blanc, cognac, taupe, marron\u2026<\/li>\r\n \t<li>Finitions personnalis\u00e9es : chrome, noir mat, dor\u00e9<\/li>\r\n \t<li>Options techniques : inclinaison avanc\u00e9e, accoudoirs renforc\u00e9s<\/li>\r\n \t<li>Adaptation compl\u00e8te \u00e0 votre concept de salon<\/li>\r\n<\/ul>\r\nCette personnalisation permet de cr\u00e9er une ambiance coh\u00e9rente et diff\u00e9renciante.\r\n<h3>Une gamme compl\u00e8te pour tous les professionnels<\/h3>\r\nNotre mobilier de coiffure professionnel est con\u00e7u pour r\u00e9pondre \u00e0 tous les besoins :\r\n<ul>\r\n \t<li>Fauteuils de coupe avec pompe hydraulique<\/li>\r\n \t<li>Fauteuils inclinables pour prestations longues<\/li>\r\n \t<li>Mod\u00e8les design contemporains ou vintage<\/li>\r\n \t<li>Mobilier assorti pour une harmonie compl\u00e8te du salon<\/li>\r\n<\/ul>\r\nChaque mod\u00e8le est pens\u00e9 pour am\u00e9liorer la qualit\u00e9 de service et optimiser votre organisation.\r\n<h3>Entretien et durabilit\u00e9<\/h3>\r\nUn entretien r\u00e9gulier garantit la long\u00e9vit\u00e9 et l\u2019esth\u00e9tique de votre fauteuil de coiffure.\r\n<ol>\r\n \t<li>Nettoyer avec un chiffon doux et un produit adapt\u00e9<\/li>\r\n \t<li>\u00c9viter les produits agressifs ou abrasifs<\/li>\r\n \t<li>Essuyer les parties m\u00e9talliques r\u00e9guli\u00e8rement<\/li>\r\n \t<li>V\u00e9rifier les m\u00e9canismes hydrauliques<\/li>\r\n<\/ol>\r\nUn mobilier bien entretenu renforce l\u2019image de professionnalisme aupr\u00e8s de vos clients.\r\n<h3>Pourquoi choisir Groupe Coiff ?<\/h3>\r\n<ul>\r\n \t<li>Mobilier con\u00e7u pour un usage intensif<\/li>\r\n \t<li>Large choix de mod\u00e8les et finitions<\/li>\r\n \t<li>Possibilit\u00e9 de personnalisation<\/li>\r\n \t<li>Prix d\u00e9gressifs selon quantit\u00e9<\/li>\r\n \t<li>Accompagnement professionnel<\/li>\r\n<\/ul>\r\nD\u00e9couvrez nos \u00e9quipements dans nos showrooms :\r\n<ul>\r\n \t<li>Viry-Ch\u00e2tillon 91170 \u2013 6 rue de Ris<\/li>\r\n \t<li>Brignoles 83170 \u2013 110 rue de Gen\u00eats<\/li>\r\n<\/ul>\r\n<h3>Demandez votre devis personnalis\u00e9<\/h3>\r\nContactez-nous d\u00e8s maintenant via WhatsApp au +33676951605 pour recevoir nos catalogues et obtenir une solution adapt\u00e9e \u00e0 votre projet.\r\n<h3>FAQ \u2013 Fauteuil de coiffure professionnel<\/h3>\r\n<h4>Quelle diff\u00e9rence entre fauteuil hydraulique et \u00e9lectrique ?<\/h4>\r\nLe mod\u00e8le hydraulique fonctionne via une pompe manuelle, tandis que le fauteuil \u00e9lectrique offre un r\u00e9glage motoris\u00e9 plus pr\u00e9cis et confortable.\r\n<h4>Comment choisir un fauteuil de coiffure ?<\/h4>\r\nIl faut prendre en compte le confort, la robustesse, le design et l\u2019adaptation \u00e0 votre espace et \u00e0 votre client\u00e8le.\r\n<h4>Le fauteuil est-il adapt\u00e9 \u00e0 un usage intensif ?<\/h4>\r\nOui, les mod\u00e8les professionnels sont con\u00e7us pour une utilisation quotidienne en salon.\r\n<h4>Peut-on personnaliser le fauteuil ?<\/h4>\r\nOui, plusieurs options de couleurs, finitions et configurations sont disponibles pour s\u2019adapter \u00e0 votre identit\u00e9 visuelle.","link":"https:\/\/groupecoiff.com\/en\/product-category\/fauteuil-de-coiffure\/","name":"Hairdressing chair","slug":"styling-chair","taxonomy":"product_cat","parent":0,"meta":[],"menu_order":9,"yoast_head":"<!-- This site is optimized with the Yoast SEO Premium plugin v27.4 (Yoast SEO v27.4) - https:\/\/yoast.com\/product\/yoast-seo-premium-wordpress\/ -->\n<title>Fauteuil de coiffure: \u00c9l\u00e9gance pour votre salon - Groupe Coiff<\/title>\n<meta name=\"description\" content=\"D\u00e9couvrez nos fauteuils de coiffure pour femmes, alliant confort et esth\u00e9tique. Am\u00e9liorez l&#039;image de votre salon avec style !\" \/>\n<meta name=\"robots\" content=\"index, follow, max-snippet:-1, max-image-preview:large, max-video-preview:-1\" \/>\n<link rel=\"canonical\" href=\"https:\/\/groupecoiff.com\/en\/product-category\/styling-chair\/\" \/>\n<meta property=\"og:locale\" content=\"en_US\" \/>\n<meta property=\"og:type\" content=\"article\" \/>\n<meta property=\"og:title\" content=\"Archives des Fauteuil de coiffure\" \/>\n<meta property=\"og:description\" content=\"D\u00e9couvrez nos fauteuils de coiffure pour femmes, alliant confort et esth\u00e9tique. Am\u00e9liorez l&#039;image de votre salon avec style !\" \/>\n<meta property=\"og:url\" content=\"https:\/\/groupecoiff.com\/en\/product-category\/styling-chair\/\" \/>\n<meta property=\"og:site_name\" content=\"Groupe Coiff\" \/>\n<meta property=\"og:image\" content=\"https:\/\/groupecoiff.com\/wp-content\/uploads\/2024\/01\/Groupe-Coiff-Logo.webp\" \/>\n\t<meta property=\"og:image:width\" content=\"250\" \/>\n\t<meta property=\"og:image:height\" content=\"250\" \/>\n\t<meta property=\"og:image:type\" content=\"image\/webp\" \/>\n<meta name=\"twitter:card\" content=\"summary_large_image\" \/>\n<meta name=\"twitter:site\" content=\"@groupecoiff\" \/>\n<script type=\"application\/ld+json\" class=\"yoast-schema-graph\">{\"@context\":\"https:\\\/\\\/schema.org\",\"@graph\":[{\"@type\":\"CollectionPage\",\"@id\":\"https:\\\/\\\/groupecoiff.com\\\/product-category\\\/fauteuil-de-coiffure\\\/\",\"url\":\"https:\\\/\\\/groupecoiff.com\\\/product-category\\\/fauteuil-de-coiffure\\\/\",\"name\":\"Fauteuil de coiffure: \u00c9l\u00e9gance pour votre salon - Groupe Coiff\",\"isPartOf\":{\"@id\":\"https:\\\/\\\/groupecoiff.com\\\/#website\"},\"description\":\"D\u00e9couvrez nos fauteuils de coiffure pour femmes, alliant confort et esth\u00e9tique. Am\u00e9liorez l'image de votre salon avec style !\",\"breadcrumb\":{\"@id\":\"https:\\\/\\\/groupecoiff.com\\\/product-category\\\/fauteuil-de-coiffure\\\/#breadcrumb\"},\"inLanguage\":\"en-US\"},{\"@type\":\"BreadcrumbList\",\"@id\":\"https:\\\/\\\/groupecoiff.com\\\/product-category\\\/fauteuil-de-coiffure\\\/#breadcrumb\",\"itemListElement\":[{\"@type\":\"ListItem\",\"position\":1,\"name\":\"Accueil\",\"item\":\"https:\\\/\\\/groupecoiff.com\\\/\"},{\"@type\":\"ListItem\",\"position\":2,\"name\":\"Fauteuil de coiffure\"}]},{\"@type\":\"WebSite\",\"@id\":\"https:\\\/\\\/groupecoiff.com\\\/#website\",\"url\":\"https:\\\/\\\/groupecoiff.com\\\/\",\"name\":\"Groupe Coiff\",\"description\":\"Tout pour la coiffure\",\"publisher\":{\"@id\":\"https:\\\/\\\/groupecoiff.com\\\/#organization\"},\"potentialAction\":[{\"@type\":\"SearchAction\",\"target\":{\"@type\":\"EntryPoint\",\"urlTemplate\":\"https:\\\/\\\/groupecoiff.com\\\/?s={search_term_string}\"},\"query-input\":{\"@type\":\"PropertyValueSpecification\",\"valueRequired\":true,\"valueName\":\"search_term_string\"}}],\"inLanguage\":\"en-US\"},{\"@type\":\"Organization\",\"@id\":\"https:\\\/\\\/groupecoiff.com\\\/#organization\",\"name\":\"Groupe Coiff\",\"alternateName\":\"Groupe Coiff : Le Mobilier De Coiffure Haut de Gamme Pour Une \u00c9l\u00e9gance In\u00e9gal\u00e9e\",\"url\":\"https:\\\/\\\/groupecoiff.com\\\/\",\"logo\":{\"@type\":\"ImageObject\",\"inLanguage\":\"en-US\",\"@id\":\"https:\\\/\\\/groupecoiff.com\\\/#\\\/schema\\\/logo\\\/image\\\/\",\"url\":\"https:\\\/\\\/groupecoiff.com\\\/wp-content\\\/uploads\\\/2024\\\/01\\\/cropped-Groupe-Coiff-Logo.webp\",\"contentUrl\":\"https:\\\/\\\/groupecoiff.com\\\/wp-content\\\/uploads\\\/2024\\\/01\\\/cropped-Groupe-Coiff-Logo.webp\",\"width\":512,\"height\":512,\"caption\":\"Groupe Coiff\"},\"image\":{\"@id\":\"https:\\\/\\\/groupecoiff.com\\\/#\\\/schema\\\/logo\\\/image\\\/\"},\"sameAs\":[\"https:\\\/\\\/www.facebook.com\\\/GroupeCoiff\",\"https:\\\/\\\/x.com\\\/groupecoiff\",\"https:\\\/\\\/www.instagram.com\\\/groupecoiff\\\/\",\"https:\\\/\\\/www.tiktok.com\\\/@groupecoiff\",\"https:\\\/\\\/www.youtube.com\\\/@groupecoiff\",\"https:\\\/\\\/twitter.com\\\/groupecoiff\",\"https:\\\/\\\/www.leboncoin.fr\\\/boutique\\\/3961302\\\/groupe_coiff.htm\"],\"description\":\"D\u00e9couvrez le mobilier de coiffure haut de gamme de Groupe Coiff, alliant \u00e9l\u00e9gance et fonctionnalit\u00e9 pour sublimer votre salon et satisfaire vos clients.\",\"email\":\"contact@groupecoiff.com\",\"telephone\":\"0676951605\",\"legalName\":\"Groupe Coiff\",\"foundingDate\":\"2022-11-16\",\"vatID\":\"FR84921406419\",\"taxID\":\"92140641900025\"}]}<\/script>\n<!-- \/ Yoast SEO Premium plugin. -->","yoast_head_json":{"title":"Fauteuil de coiffure: \u00c9l\u00e9gance pour votre salon - Groupe Coiff","description":"D\u00e9couvrez nos fauteuils de coiffure pour femmes, alliant confort et esth\u00e9tique. Am\u00e9liorez l'image de votre salon avec style !","robots":{"index":"index","follow":"follow","max-snippet":"max-snippet:-1","max-image-preview":"max-image-preview:large","max-video-preview":"max-video-preview:-1"},"canonical":"https:\/\/groupecoiff.com\/en\/product-category\/styling-chair\/","og_locale":"en_US","og_type":"article","og_title":"Archives des Fauteuil de coiffure","og_description":"D\u00e9couvrez nos fauteuils de coiffure pour femmes, alliant confort et esth\u00e9tique. Am\u00e9liorez l'image de votre salon avec style !","og_url":"https:\/\/groupecoiff.com\/en\/product-category\/styling-chair\/","og_site_name":"Groupe Coiff","og_image":[{"width":250,"height":250,"url":"https:\/\/groupecoiff.com\/wp-content\/uploads\/2024\/01\/Groupe-Coiff-Logo.webp","type":"image\/webp"}],"twitter_card":"summary_large_image","twitter_site":"@groupecoiff","schema":{"@context":"https:\/\/schema.org","@graph":[{"@type":"CollectionPage","@id":"https:\/\/groupecoiff.com\/product-category\/fauteuil-de-coiffure\/","url":"https:\/\/groupecoiff.com\/product-category\/fauteuil-de-coiffure\/","name":"Fauteuil de coiffure: \u00c9l\u00e9gance pour votre salon - Groupe Coiff","isPartOf":{"@id":"https:\/\/groupecoiff.com\/#website"},"description":"D\u00e9couvrez nos fauteuils de coiffure pour femmes, alliant confort et esth\u00e9tique. Am\u00e9liorez l'image de votre salon avec style !","breadcrumb":{"@id":"https:\/\/groupecoiff.com\/product-category\/fauteuil-de-coiffure\/#breadcrumb"},"inLanguage":"en-US"},{"@type":"BreadcrumbList","@id":"https:\/\/groupecoiff.com\/product-category\/fauteuil-de-coiffure\/#breadcrumb","itemListElement":[{"@type":"ListItem","position":1,"name":"Accueil","item":"https:\/\/groupecoiff.com\/"},{"@type":"ListItem","position":2,"name":"Fauteuil de coiffure"}]},{"@type":"WebSite","@id":"https:\/\/groupecoiff.com\/#website","url":"https:\/\/groupecoiff.com\/","name":"Coiff Group","description":"Everything for the hairdresser","publisher":{"@id":"https:\/\/groupecoiff.com\/#organization"},"potentialAction":[{"@type":"SearchAction","target":{"@type":"EntryPoint","urlTemplate":"https:\/\/groupecoiff.com\/?s={search_term_string}"},"query-input":{"@type":"PropertyValueSpecification","valueRequired":true,"valueName":"search_term_string"}}],"inLanguage":"en-US"},{"@type":"Organization","@id":"https:\/\/groupecoiff.com\/#organization","name":"Coiff Group","alternateName":"Groupe Coiff : Le Mobilier De Coiffure Haut de Gamme Pour Une \u00c9l\u00e9gance In\u00e9gal\u00e9e","url":"https:\/\/groupecoiff.com\/","logo":{"@type":"ImageObject","inLanguage":"en-US","@id":"https:\/\/groupecoiff.com\/#\/schema\/logo\/image\/","url":"https:\/\/groupecoiff.com\/wp-content\/uploads\/2024\/01\/cropped-Groupe-Coiff-Logo.webp","contentUrl":"https:\/\/groupecoiff.com\/wp-content\/uploads\/2024\/01\/cropped-Groupe-Coiff-Logo.webp","width":512,"height":512,"caption":"Groupe Coiff"},"image":{"@id":"https:\/\/groupecoiff.com\/#\/schema\/logo\/image\/"},"sameAs":["https:\/\/www.facebook.com\/GroupeCoiff","https:\/\/x.com\/groupecoiff","https:\/\/www.instagram.com\/groupecoiff\/","https:\/\/www.tiktok.com\/@groupecoiff","https:\/\/www.youtube.com\/@groupecoiff","https:\/\/twitter.com\/groupecoiff","https:\/\/www.leboncoin.fr\/boutique\/3961302\/groupe_coiff.htm"],"description":"Discover Groupe Coiff's top-of-the-range hairdressing furniture, combining elegance and functionality to enhance your salon and satisfy your customers.","email":"contact@groupecoiff.com","telephone":"0676951605","legalName":"Groupe Coiff","foundingDate":"2022-11-16","vatID":"FR84921406419","taxID":"92140641900025"}]}},"_links":{"self":[{"href":"https:\/\/groupecoiff.com\/en\/wp-json\/wp\/v2\/product_cat\/46","targetHints":{"allow":["GET"]}}],"collection":[{"href":"https:\/\/groupecoiff.com\/en\/wp-json\/wp\/v2\/product_cat"}],"about":[{"href":"https:\/\/groupecoiff.com\/en\/wp-json\/wp\/v2\/taxonomies\/product_cat"}],"wp:post_type":[{"href":"https:\/\/groupecoiff.com\/en\/wp-json\/wp\/v2\/product?product_cat=46"}],"curies":[{"name":"wp","href":"https:\/\/api.w.org\/{rel}","templated":true}]}}