{"id":52,"count":36,"description":"<h2>Fauteuils de p\u00e9dicure professionnels : confort, design haut de gamme et exp\u00e9rience client premium<\/h2>\r\nVisit <strong>fauteuil de p\u00e9dicure professionnel<\/strong> est un \u00e9quipement essentiel dans tout institut de beaut\u00e9, spa ou centre de bien-\u00eatre. Il ne s\u2019agit pas d\u2019un simple mobilier, mais d\u2019un v\u00e9ritable outil de valorisation de l\u2019exp\u00e9rience client et de performance pour les praticiens.\r\n\r\nUn fauteuil de p\u00e9dicure bien con\u00e7u transforme un soin classique en un moment de d\u00e9tente complet. Il am\u00e9liore la qualit\u00e9 de service, renforce l\u2019image de votre \u00e9tablissement et participe directement \u00e0 la fid\u00e9lisation de la client\u00e8le.\r\n<h3>Une gamme compl\u00e8te de fauteuils de p\u00e9dicure pour instituts et spas<\/h3>\r\nNotre s\u00e9lection de <strong>fauteuils de p\u00e9dicure professionnels<\/strong> est con\u00e7ue pour r\u00e9pondre aux exigences des instituts modernes, des salons de beaut\u00e9 et des spas haut de gamme. Chaque mod\u00e8le combine ergonomie, design et robustesse.\r\n<ul>\r\n \t<li>Dossier inclinable pour un confort personnalis\u00e9<\/li>\r\n \t<li>Repose-jambes r\u00e9glables pour une position id\u00e9ale<\/li>\r\n \t<li>Rev\u00eatements r\u00e9sistants, doux et faciles \u00e0 nettoyer<\/li>\r\n \t<li>Large choix de coloris : blanc, noir, beige, gris\u2026<\/li>\r\n \t<li>Versions manuelles ou \u00e9lectriques selon les besoins<\/li>\r\n<\/ul>\r\nChaque fauteuil s\u2019int\u00e8gre facilement dans tous les styles d\u2019instituts : moderne, minimaliste, naturel ou luxueux.\r\n<h3>Fauteuils de p\u00e9dicure avec massage int\u00e9gr\u00e9 : exp\u00e9rience bien-\u00eatre sup\u00e9rieure<\/h3>\r\nLe fauteuil de p\u00e9dicure massant est con\u00e7u pour offrir une exp\u00e9rience client haut de gamme. Il associe soin des pieds et relaxation compl\u00e8te gr\u00e2ce \u00e0 ses fonctions de massage int\u00e9gr\u00e9es.\r\n\r\nId\u00e9al pour les spas et instituts premium, il permet de se diff\u00e9rencier imm\u00e9diatement sur le march\u00e9.\r\n<ul>\r\n \t<li>Massage int\u00e9gr\u00e9 dans le dossier pour un effet relaxant<\/li>\r\n \t<li>R\u00e9glages \u00e9lectriques pour une adaptation pr\u00e9cise<\/li>\r\n \t<li>Moteurs silencieux pour une ambiance apaisante<\/li>\r\n \t<li>Repose-jambes modulable selon la morphologie<\/li>\r\n<\/ul>\r\n<h3>Fauteuils de p\u00e9dicure adapt\u00e9s \u00e0 tous les espaces<\/h3>\r\nChaque institut a ses contraintes d\u2019espace. C\u2019est pourquoi nous proposons des fauteuils de p\u00e9dicure adapt\u00e9s aussi bien aux petites cabines qu\u2019aux grands salons.\r\n\r\nLes mod\u00e8les compacts optimisent les espaces r\u00e9duits sans compromis sur le confort. Les mod\u00e8les premium, plus larges et enveloppants, cr\u00e9ent une ambiance spa haut de gamme.\r\n<ul>\r\n \t<li>Mod\u00e8les compacts pour petits espaces urbains<\/li>\r\n \t<li>Versions confortables avec accoudoirs rembourr\u00e9s<\/li>\r\n \t<li>Assises larges pour une exp\u00e9rience cocooning<\/li>\r\n<\/ul>\r\n<h3>Hygi\u00e8ne, durabilit\u00e9 et facilit\u00e9 d\u2019entretien<\/h3>\r\nDans un institut de beaut\u00e9, l\u2019hygi\u00e8ne est une priorit\u00e9 absolue. Nos fauteuils de p\u00e9dicure sont con\u00e7us avec des mat\u00e9riaux professionnels r\u00e9sistants et faciles \u00e0 d\u00e9sinfecter.\r\n<ul>\r\n \t<li>Similicuir haute qualit\u00e9 imperm\u00e9able et r\u00e9sistant<\/li>\r\n \t<li>Structures en acier ou bois renforc\u00e9<\/li>\r\n \t<li>Surfaces sans coutures apparentes pour une hygi\u00e8ne optimale<\/li>\r\n \t<li>Nettoyage rapide entre chaque client<\/li>\r\n<\/ul>\r\n<h3>Fauteuils de p\u00e9dicure pour tous les budgets professionnels<\/h3>\r\nNous proposons une gamme compl\u00e8te de fauteuils de p\u00e9dicure professionnels adapt\u00e9e \u00e0 tous les projets : ouverture de salon, modernisation ou institut haut de gamme.\r\n\r\nChaque professionnel peut ainsi trouver un \u00e9quipement adapt\u00e9 \u00e0 son positionnement et \u00e0 son budget.\r\n<ul>\r\n \t<li>Entr\u00e9e de gamme pour d\u00e9marrage d\u2019activit\u00e9<\/li>\r\n \t<li>Mod\u00e8les interm\u00e9diaires pour instituts en d\u00e9veloppement<\/li>\r\n \t<li>Fauteuils spa haut de gamme pour prestations premium<\/li>\r\n<\/ul>\r\n<h3>Fauteuils de p\u00e9dicure personnalisables : cr\u00e9er un univers unique<\/h3>\r\nPour les \u00e9tablissements exigeants, nous proposons des fauteuils de p\u00e9dicure personnalisables afin de cr\u00e9er un espace parfaitement coh\u00e9rent avec votre identit\u00e9.\r\n<ul>\r\n \t<li>Choix des coloris et finitions<\/li>\r\n \t<li>Options de rev\u00eatement et textures<\/li>\r\n \t<li>Ajout d\u2019\u00e9clairage LED selon mod\u00e8les<\/li>\r\n \t<li>Dimensions adapt\u00e9es \u00e0 votre agencement<\/li>\r\n<\/ul>\r\n<h3>Conclusion : un fauteuil de p\u00e9dicure professionnel pour valoriser votre institut<\/h3>\r\nLe choix d\u2019un <strong>fauteuil de p\u00e9dicure professionnel<\/strong> impacte directement la qualit\u00e9 de vos prestations et l\u2019image de votre institut. Un \u00e9quipement adapt\u00e9 am\u00e9liore le confort client, facilite le travail des praticiens et renforce votre positionnement sur le march\u00e9.\r\n\r\nInvestir dans un fauteuil de p\u00e9dicure de qualit\u00e9, c\u2019est investir dans la satisfaction client, la fid\u00e9lisation et la rentabilit\u00e9 de votre \u00e9tablissement.","link":"https:\/\/groupecoiff.com\/en\/product-category\/fauteuil-pedicure-spa\/","name":"Pedicure chair","slug":"fauteuil-pedicure-spa","taxonomy":"product_cat","parent":0,"meta":[],"menu_order":10,"yoast_head":"<!-- This site is optimized with the Yoast SEO Premium plugin v27.4 (Yoast SEO v27.4) - https:\/\/yoast.com\/product\/yoast-seo-premium-wordpress\/ -->\n<title>Fauteuil de P\u00e9dicure | Moments de D\u00e9tente Uniques - Groupe Coiff<\/title>\n<meta name=\"description\" content=\"Avec notre collection de fauteuils de p\u00e9dicure mariant le luxe et le confort, red\u00e9finissez votre espace de soins avec nos fauteuils haute de gamme.\" \/>\n<meta name=\"robots\" content=\"index, follow, max-snippet:-1, max-image-preview:large, max-video-preview:-1\" \/>\n<link rel=\"canonical\" href=\"https:\/\/groupecoiff.com\/en\/product-category\/fauteuil-pedicure-spa\/\" \/>\n<meta property=\"og:locale\" content=\"en_US\" \/>\n<meta property=\"og:type\" content=\"article\" \/>\n<meta property=\"og:title\" content=\"Archives des Fauteuil de p\u00e9dicure\" \/>\n<meta property=\"og:description\" content=\"Avec notre collection de fauteuils de p\u00e9dicure mariant le luxe et le confort, red\u00e9finissez votre espace de soins avec nos fauteuils haute de gamme.\" \/>\n<meta property=\"og:url\" content=\"https:\/\/groupecoiff.com\/en\/product-category\/fauteuil-pedicure-spa\/\" \/>\n<meta property=\"og:site_name\" content=\"Groupe Coiff\" \/>\n<meta property=\"og:image\" content=\"https:\/\/groupecoiff.com\/wp-content\/uploads\/2024\/01\/Groupe-Coiff-Logo.webp\" \/>\n\t<meta property=\"og:image:width\" content=\"250\" \/>\n\t<meta property=\"og:image:height\" content=\"250\" \/>\n\t<meta property=\"og:image:type\" content=\"image\/webp\" \/>\n<meta name=\"twitter:card\" content=\"summary_large_image\" \/>\n<meta name=\"twitter:site\" content=\"@groupecoiff\" \/>\n<script type=\"application\/ld+json\" class=\"yoast-schema-graph\">{\"@context\":\"https:\\\/\\\/schema.org\",\"@graph\":[{\"@type\":\"CollectionPage\",\"@id\":\"https:\\\/\\\/groupecoiff.com\\\/product-category\\\/fauteuil-pedicure-spa\\\/\",\"url\":\"https:\\\/\\\/groupecoiff.com\\\/product-category\\\/fauteuil-pedicure-spa\\\/\",\"name\":\"Fauteuil de P\u00e9dicure | Moments de D\u00e9tente Uniques - Groupe Coiff\",\"isPartOf\":{\"@id\":\"https:\\\/\\\/groupecoiff.com\\\/#website\"},\"description\":\"Avec notre collection de fauteuils de p\u00e9dicure mariant le luxe et le confort, red\u00e9finissez votre espace de soins avec nos fauteuils haute de gamme.\",\"breadcrumb\":{\"@id\":\"https:\\\/\\\/groupecoiff.com\\\/product-category\\\/fauteuil-pedicure-spa\\\/#breadcrumb\"},\"inLanguage\":\"en-US\"},{\"@type\":\"BreadcrumbList\",\"@id\":\"https:\\\/\\\/groupecoiff.com\\\/product-category\\\/fauteuil-pedicure-spa\\\/#breadcrumb\",\"itemListElement\":[{\"@type\":\"ListItem\",\"position\":1,\"name\":\"Accueil\",\"item\":\"https:\\\/\\\/groupecoiff.com\\\/\"},{\"@type\":\"ListItem\",\"position\":2,\"name\":\"Fauteuil de p\u00e9dicure\"}]},{\"@type\":\"WebSite\",\"@id\":\"https:\\\/\\\/groupecoiff.com\\\/#website\",\"url\":\"https:\\\/\\\/groupecoiff.com\\\/\",\"name\":\"Groupe Coiff\",\"description\":\"Tout pour la coiffure\",\"publisher\":{\"@id\":\"https:\\\/\\\/groupecoiff.com\\\/#organization\"},\"potentialAction\":[{\"@type\":\"SearchAction\",\"target\":{\"@type\":\"EntryPoint\",\"urlTemplate\":\"https:\\\/\\\/groupecoiff.com\\\/?s={search_term_string}\"},\"query-input\":{\"@type\":\"PropertyValueSpecification\",\"valueRequired\":true,\"valueName\":\"search_term_string\"}}],\"inLanguage\":\"en-US\"},{\"@type\":\"Organization\",\"@id\":\"https:\\\/\\\/groupecoiff.com\\\/#organization\",\"name\":\"Groupe Coiff\",\"alternateName\":\"Groupe Coiff : Le Mobilier De Coiffure Haut de Gamme Pour Une \u00c9l\u00e9gance In\u00e9gal\u00e9e\",\"url\":\"https:\\\/\\\/groupecoiff.com\\\/\",\"logo\":{\"@type\":\"ImageObject\",\"inLanguage\":\"en-US\",\"@id\":\"https:\\\/\\\/groupecoiff.com\\\/#\\\/schema\\\/logo\\\/image\\\/\",\"url\":\"https:\\\/\\\/groupecoiff.com\\\/wp-content\\\/uploads\\\/2024\\\/01\\\/cropped-Groupe-Coiff-Logo.webp\",\"contentUrl\":\"https:\\\/\\\/groupecoiff.com\\\/wp-content\\\/uploads\\\/2024\\\/01\\\/cropped-Groupe-Coiff-Logo.webp\",\"width\":512,\"height\":512,\"caption\":\"Groupe Coiff\"},\"image\":{\"@id\":\"https:\\\/\\\/groupecoiff.com\\\/#\\\/schema\\\/logo\\\/image\\\/\"},\"sameAs\":[\"https:\\\/\\\/www.facebook.com\\\/GroupeCoiff\",\"https:\\\/\\\/x.com\\\/groupecoiff\",\"https:\\\/\\\/www.instagram.com\\\/groupecoiff\\\/\",\"https:\\\/\\\/www.tiktok.com\\\/@groupecoiff\",\"https:\\\/\\\/www.youtube.com\\\/@groupecoiff\",\"https:\\\/\\\/twitter.com\\\/groupecoiff\",\"https:\\\/\\\/www.leboncoin.fr\\\/boutique\\\/3961302\\\/groupe_coiff.htm\"],\"description\":\"D\u00e9couvrez le mobilier de coiffure haut de gamme de Groupe Coiff, alliant \u00e9l\u00e9gance et fonctionnalit\u00e9 pour sublimer votre salon et satisfaire vos clients.\",\"email\":\"contact@groupecoiff.com\",\"telephone\":\"0676951605\",\"legalName\":\"Groupe Coiff\",\"foundingDate\":\"2022-11-16\",\"vatID\":\"FR84921406419\",\"taxID\":\"92140641900025\"}]}<\/script>\n<!-- \/ Yoast SEO Premium plugin. -->","yoast_head_json":{"title":"Fauteuil de P\u00e9dicure | Moments de D\u00e9tente Uniques - Groupe Coiff","description":"Avec notre collection de fauteuils de p\u00e9dicure mariant le luxe et le confort, red\u00e9finissez votre espace de soins avec nos fauteuils haute de gamme.","robots":{"index":"index","follow":"follow","max-snippet":"max-snippet:-1","max-image-preview":"max-image-preview:large","max-video-preview":"max-video-preview:-1"},"canonical":"https:\/\/groupecoiff.com\/en\/product-category\/fauteuil-pedicure-spa\/","og_locale":"en_US","og_type":"article","og_title":"Archives des Fauteuil de p\u00e9dicure","og_description":"Avec notre collection de fauteuils de p\u00e9dicure mariant le luxe et le confort, red\u00e9finissez votre espace de soins avec nos fauteuils haute de gamme.","og_url":"https:\/\/groupecoiff.com\/en\/product-category\/fauteuil-pedicure-spa\/","og_site_name":"Groupe Coiff","og_image":[{"width":250,"height":250,"url":"https:\/\/groupecoiff.com\/wp-content\/uploads\/2024\/01\/Groupe-Coiff-Logo.webp","type":"image\/webp"}],"twitter_card":"summary_large_image","twitter_site":"@groupecoiff","schema":{"@context":"https:\/\/schema.org","@graph":[{"@type":"CollectionPage","@id":"https:\/\/groupecoiff.com\/product-category\/fauteuil-pedicure-spa\/","url":"https:\/\/groupecoiff.com\/product-category\/fauteuil-pedicure-spa\/","name":"Fauteuil de P\u00e9dicure | Moments de D\u00e9tente Uniques - Groupe Coiff","isPartOf":{"@id":"https:\/\/groupecoiff.com\/#website"},"description":"Avec notre collection de fauteuils de p\u00e9dicure mariant le luxe et le confort, red\u00e9finissez votre espace de soins avec nos fauteuils haute de gamme.","breadcrumb":{"@id":"https:\/\/groupecoiff.com\/product-category\/fauteuil-pedicure-spa\/#breadcrumb"},"inLanguage":"en-US"},{"@type":"BreadcrumbList","@id":"https:\/\/groupecoiff.com\/product-category\/fauteuil-pedicure-spa\/#breadcrumb","itemListElement":[{"@type":"ListItem","position":1,"name":"Accueil","item":"https:\/\/groupecoiff.com\/"},{"@type":"ListItem","position":2,"name":"Fauteuil de p\u00e9dicure"}]},{"@type":"WebSite","@id":"https:\/\/groupecoiff.com\/#website","url":"https:\/\/groupecoiff.com\/","name":"Coiff Group","description":"Everything for the hairdresser","publisher":{"@id":"https:\/\/groupecoiff.com\/#organization"},"potentialAction":[{"@type":"SearchAction","target":{"@type":"EntryPoint","urlTemplate":"https:\/\/groupecoiff.com\/?s={search_term_string}"},"query-input":{"@type":"PropertyValueSpecification","valueRequired":true,"valueName":"search_term_string"}}],"inLanguage":"en-US"},{"@type":"Organization","@id":"https:\/\/groupecoiff.com\/#organization","name":"Coiff Group","alternateName":"Groupe Coiff : Le Mobilier De Coiffure Haut de Gamme Pour Une \u00c9l\u00e9gance In\u00e9gal\u00e9e","url":"https:\/\/groupecoiff.com\/","logo":{"@type":"ImageObject","inLanguage":"en-US","@id":"https:\/\/groupecoiff.com\/#\/schema\/logo\/image\/","url":"https:\/\/groupecoiff.com\/wp-content\/uploads\/2024\/01\/cropped-Groupe-Coiff-Logo.webp","contentUrl":"https:\/\/groupecoiff.com\/wp-content\/uploads\/2024\/01\/cropped-Groupe-Coiff-Logo.webp","width":512,"height":512,"caption":"Groupe Coiff"},"image":{"@id":"https:\/\/groupecoiff.com\/#\/schema\/logo\/image\/"},"sameAs":["https:\/\/www.facebook.com\/GroupeCoiff","https:\/\/x.com\/groupecoiff","https:\/\/www.instagram.com\/groupecoiff\/","https:\/\/www.tiktok.com\/@groupecoiff","https:\/\/www.youtube.com\/@groupecoiff","https:\/\/twitter.com\/groupecoiff","https:\/\/www.leboncoin.fr\/boutique\/3961302\/groupe_coiff.htm"],"description":"Discover Groupe Coiff's top-of-the-range hairdressing furniture, combining elegance and functionality to enhance your salon and satisfy your customers.","email":"contact@groupecoiff.com","telephone":"0676951605","legalName":"Groupe Coiff","foundingDate":"2022-11-16","vatID":"FR84921406419","taxID":"92140641900025"}]}},"_links":{"self":[{"href":"https:\/\/groupecoiff.com\/en\/wp-json\/wp\/v2\/product_cat\/52","targetHints":{"allow":["GET"]}}],"collection":[{"href":"https:\/\/groupecoiff.com\/en\/wp-json\/wp\/v2\/product_cat"}],"about":[{"href":"https:\/\/groupecoiff.com\/en\/wp-json\/wp\/v2\/taxonomies\/product_cat"}],"wp:post_type":[{"href":"https:\/\/groupecoiff.com\/en\/wp-json\/wp\/v2\/product?product_cat=52"}],"curies":[{"name":"wp","href":"https:\/\/api.w.org\/{rel}","templated":true}]}}