{"id":75,"count":4,"description":"<p style=\"text-align: justify\">Optimiser le <strong>rangement des outils<\/strong> dans votre espace de coiffure commence par la s\u00e9lection d\u2019un <strong>support s\u00e8che-cheveux<\/strong> adapt\u00e9. Ce choix, loin d\u2019\u00eatre anodin, impacte directement la <strong>s\u00e9curit\u00e9<\/strong>, l\u2019efficacit\u00e9 et le confort de travail au quotidien. D\u00e9couvrez comment tirer parti d\u2019un <strong>porte s\u00e8che-cheveux<\/strong> bien pens\u00e9 pour sublimer chaque prestation tout en valorisant le design de votre environnement professionnel. Pour ceux qui recherchent un support discret mais efficace, le <a href=\"https:\/\/groupecoiff.com\/en\/product\/support-mural-seche-cheveux-glenn\/\"><strong>Support mural s\u00e8che cheveux Glenn<\/strong><\/a> est une option id\u00e9ale. Pour un design plus \u00e9pur\u00e9, optez pour notre <a href=\"https:\/\/groupecoiff.com\/en\/product\/porte-seche-cheveux-maci\/\"><strong>Porte s\u00e8che cheveux Maci<\/strong><\/a> murale. D\u00e9couvrez aussi nos autres produits comme le <strong><a href=\"https:\/\/groupecoiff.com\/en\/product-category\/carts\/\">chariot de coiffure<\/a><\/strong>, <strong>\u00a0<\/strong>d'<strong><a href=\"https:\/\/groupecoiff.com\/en\/product-category\/hygiene-hairdressing\/\">hygi\u00e8ne coiffure<\/a> <\/strong>ou encore nos <a href=\"https:\/\/groupecoiff.com\/en\/product-category\/repose-pieds\/\"><strong>repose-pieds<\/strong><\/a>.<\/p>\r\n\r\n<h2 style=\"text-align: left\">Pourquoi investir dans un support s\u00e8che-cheveux d\u00e9di\u00e9 ?<\/h2>\r\n<p style=\"text-align: justify\">L\u2019utilisation fr\u00e9quente du <strong>s\u00e8che-cheveux<\/strong> impose de l\u2019avoir \u00e0 port\u00e9e imm\u00e9diate. Un <strong>support mural<\/strong> con\u00e7u sp\u00e9cifiquement permet de le ranger sans encombre ni recherche inutile. Vous gagnez ainsi un temps pr\u00e9cieux \u00e0 chaque passage client et am\u00e9liorez l\u2019encha\u00eenement des prestations.<\/p>\r\n<p style=\"text-align: justify\">Un <strong>porte s\u00e8che-cheveux robuste<\/strong> agit \u00e9galement sur la s\u00e9curit\u00e9 de vos \u00e9quipes. Fini les fils qui tra\u00eenent ou les appareils risquant de chuter. Offrir un lieu de rangement pr\u00e9cis limite les accidents et prolonge la dur\u00e9e de vie de vos <strong>\u00e9quipements professionnels<\/strong>.<\/p>\r\n\r\n<h2 style=\"text-align: left\">Quels crit\u00e8res doivent guider votre choix ?<\/h2>\r\n<p style=\"text-align: justify\">S\u00e9lectionner le bon <strong>support pour s\u00e8che-cheveux<\/strong> n\u00e9cessite d\u2019identifier vos besoins r\u00e9els et les contraintes de votre espace. Chaque d\u00e9tail compte, surtout que le mod\u00e8le choisi sera utilis\u00e9 quotidiennement dans le salon de coiffure.<\/p>\r\n\r\n<h3 style=\"text-align: left\">Comment \u00e9valuer la r\u00e9sistance aux environnements humides ?<\/h3>\r\n<p style=\"text-align: justify\">Les espaces de coiffure et <strong>salles de bain<\/strong> g\u00e9n\u00e8rent de l\u2019humidit\u00e9, renforc\u00e9e par l\u2019usage r\u00e9p\u00e9t\u00e9 de produits capillaires. Les <strong>supports en aluminium<\/strong> ou en acier inoxydable s\u2019imposent comme r\u00e9f\u00e9rences gr\u00e2ce \u00e0 leur capacit\u00e9 \u00e0 r\u00e9sister \u00e0 la corrosion et aux agressions quotidiennes.<\/p>\r\n<p style=\"text-align: justify\">Cette robustesse garantit la stabilit\u00e9 de votre <strong>appareil de coiffure<\/strong> et assure sa conservation pendant plusieurs ann\u00e9es, m\u00eame face \u00e0 une utilisation intensive propre aux salons professionnels.<\/p>\r\n\r\n<h3 style=\"text-align: left\">Quels avantages offre un design \u00e9pur\u00e9 et moderne ?<\/h3>\r\n<p style=\"text-align: justify\">L\u2019esth\u00e9tique du <strong>mobilier professionnel<\/strong> \u00e9volue avec les tendances. Un <strong>support affichant un look minimaliste<\/strong> se fond facilement dans tous types de d\u00e9cors, du style industriel au plus classique.<\/p>\r\n<p style=\"text-align: justify\">Opter pour un design simple facilite aussi le nettoyage. Cela \u00e9vite l\u2019accumulation de r\u00e9sidus dans les recoins, maintenant ainsi une hygi\u00e8ne irr\u00e9prochable et un espace de travail agr\u00e9able.<\/p>\r\n\r\n<h2 style=\"text-align: left\">Installation et fonctionnalit\u00e9s : simplicit\u00e9 et adaptabilit\u00e9<\/h2>\r\n<p style=\"text-align: justify\">L\u2019installation est un point cl\u00e9 lors de l\u2019acquisition d\u2019un <strong>support mural pour s\u00e8che-cheveux<\/strong>. Un mod\u00e8le facile \u00e0 fixer lib\u00e8re imm\u00e9diatement de la place sur les postes de travail, ce qui maximise la praticit\u00e9 dans les espaces restreints.<\/p>\r\n<p style=\"text-align: justify\">Choisir une <strong>fixation solide<\/strong> garantit la tenue de l\u2019appareil, quel que soit le gabarit du s\u00e9choir utilis\u00e9. De nombreux supports proposent aussi des syst\u00e8mes anti-glisse ou des protections pour s\u00e9curiser cet indispensable outil de coiffure.<\/p>\r\n\r\n<h2 style=\"text-align: left\">B\u00e9n\u00e9fices concrets d\u2019un rangement optimis\u00e9<\/h2>\r\n<p style=\"text-align: justify\">- <strong>R\u00e9duction du d\u00e9sordre<\/strong> sur le plan de travail, cr\u00e9ant un environnement plus agr\u00e9able.<\/p>\r\n<p style=\"text-align: justify\">\u2022 Diminution des risques de <strong>chocs ou de br\u00fblures involontaires<\/strong> pour vos collaborateurs et clients.<\/p>\r\n<p style=\"text-align: justify\">\u2022 Facilit\u00e9 d\u2019acc\u00e8s pour un encha\u00eenement fluide des <strong>prestations coiffure et brushing<\/strong>.<\/p>\r\n<p style=\"text-align: justify\">\u2022 Meilleure pr\u00e9sentation g\u00e9n\u00e9rale de votre salon, valorisant votre image aupr\u00e8s de la client\u00e8le.<\/p>\r\n<p style=\"text-align: justify\">Chaque avantage contribue \u00e0 instaurer une routine confortable, propice \u00e0 la qualit\u00e9 de service et \u00e0 la satisfaction client. Ce d\u00e9tail fait toute la diff\u00e9rence lorsque le rythme s\u2019acc\u00e9l\u00e8re au fil de la journ\u00e9e.<\/p>\r\n<p style=\"text-align: justify\">Un <strong>support modulable<\/strong> se r\u00e9v\u00e8le encore plus int\u00e9ressant si plusieurs coiffeurs partagent l\u2019espace. Il suffit alors d\u2019ajuster la hauteur ou d\u2019ajouter d\u2019autres <strong>rangements compl\u00e9mentaires<\/strong>, selon les besoins sp\u00e9cifiques de l\u2019\u00e9quipe.<\/p>\r\n\r\n<h2 style=\"text-align: left\">Conseils pour maximiser la durabilit\u00e9 de vos \u00e9quipements coiffure<\/h2>\r\n<p style=\"text-align: justify\">Au-del\u00e0 du choix initial, quelques gestes simples prolongent la dur\u00e9e de vie de vos <strong>accessoires de rangement<\/strong>. Privil\u00e9giez les <strong>mat\u00e9riaux r\u00e9sistants<\/strong>, comme l\u2019aluminium ou l\u2019inox, pour limiter l\u2019usure li\u00e9e aux nettoyages r\u00e9p\u00e9t\u00e9s.<\/p>\r\n<p style=\"text-align: justify\">Pensez \u00e0 v\u00e9rifier r\u00e9guli\u00e8rement la <strong>stabilit\u00e9 de la fixation murale<\/strong> et \u00e0 d\u00e9poussi\u00e9rer les supports afin de garantir une hygi\u00e8ne constante. \u00c9vitez de surcharger le porte-s\u00e9choir avec d\u2019autres outils lourds qui pourraient alt\u00e9rer sa structure.<\/p>\r\n\r\n<h2 style=\"text-align: left\">Se rassurer sur la fiabilit\u00e9 et la livraison<\/h2>\r\n<p style=\"text-align: justify\">Il est essentiel de pouvoir compter sur la <strong>qualit\u00e9 du support<\/strong> choisi, surtout lorsqu\u2019il \u00e9quipe tous vos postes de coiffure. Des <strong>mat\u00e9riaux nobles<\/strong> associ\u00e9s \u00e0 une fabrication soign\u00e9e offrent une garantie de long\u00e9vit\u00e9 et de fiabilit\u00e9.<\/p>\r\n<p style=\"text-align: justify\">B\u00e9n\u00e9ficier d\u2019une option de <strong>livraison rapide<\/strong> vous permet d\u2019int\u00e9grer votre nouvel accessoire sans d\u00e9lai et de ne jamais interrompre l\u2019activit\u00e9 du salon. Une <strong>\u00e9quipe experte<\/strong> peut \u00e9galement vous accompagner dans le choix du mod\u00e8le le mieux adapt\u00e9 \u00e0 vos exigences professionnelles.<\/p>","link":"https:\/\/groupecoiff.com\/en\/product-category\/support-seche-cheveux\/","name":"Support s\u00e8che-cheveux","slug":"support-seche-cheveux","taxonomy":"product_cat","parent":0,"meta":[],"menu_order":24,"yoast_head":"<!-- This site is optimized with the Yoast SEO Premium plugin v27.4 (Yoast SEO v27.4) - https:\/\/yoast.com\/product\/yoast-seo-premium-wordpress\/ -->\n<title>Support s\u00e8che-cheveux - Groupe Coiff<\/title>\n<meta name=\"description\" content=\"D\u00e9couvrez comment s\u00e9lectionner le support s\u00e8che-cheveux parfait pour optimiser l&#039;organisation et la performance de votre salon de coiffure.\" \/>\n<meta name=\"robots\" content=\"index, follow, max-snippet:-1, max-image-preview:large, max-video-preview:-1\" \/>\n<link rel=\"canonical\" href=\"https:\/\/groupecoiff.com\/en\/product-category\/support-seche-cheveux\/\" \/>\n<meta property=\"og:locale\" content=\"en_US\" \/>\n<meta property=\"og:type\" content=\"article\" \/>\n<meta property=\"og:title\" content=\"Archives des Support s\u00e8che-cheveux\" \/>\n<meta property=\"og:description\" content=\"D\u00e9couvrez comment s\u00e9lectionner le support s\u00e8che-cheveux parfait pour optimiser l&#039;organisation et la performance de votre salon de coiffure.\" \/>\n<meta property=\"og:url\" content=\"https:\/\/groupecoiff.com\/en\/product-category\/support-seche-cheveux\/\" \/>\n<meta property=\"og:site_name\" content=\"Groupe Coiff\" \/>\n<meta property=\"og:image\" content=\"https:\/\/groupecoiff.com\/wp-content\/uploads\/2024\/01\/Groupe-Coiff-Logo.webp\" \/>\n\t<meta property=\"og:image:width\" content=\"250\" \/>\n\t<meta property=\"og:image:height\" content=\"250\" \/>\n\t<meta property=\"og:image:type\" content=\"image\/webp\" \/>\n<meta name=\"twitter:card\" content=\"summary_large_image\" \/>\n<meta name=\"twitter:site\" content=\"@groupecoiff\" \/>\n<script type=\"application\/ld+json\" class=\"yoast-schema-graph\">{\"@context\":\"https:\\\/\\\/schema.org\",\"@graph\":[{\"@type\":\"CollectionPage\",\"@id\":\"https:\\\/\\\/groupecoiff.com\\\/product-category\\\/support-seche-cheveux\\\/\",\"url\":\"https:\\\/\\\/groupecoiff.com\\\/product-category\\\/support-seche-cheveux\\\/\",\"name\":\"Support s\u00e8che-cheveux - Groupe Coiff\",\"isPartOf\":{\"@id\":\"https:\\\/\\\/groupecoiff.com\\\/#website\"},\"description\":\"D\u00e9couvrez comment s\u00e9lectionner le support s\u00e8che-cheveux parfait pour optimiser l'organisation et la performance de votre salon de coiffure.\",\"breadcrumb\":{\"@id\":\"https:\\\/\\\/groupecoiff.com\\\/product-category\\\/support-seche-cheveux\\\/#breadcrumb\"},\"inLanguage\":\"en-US\"},{\"@type\":\"BreadcrumbList\",\"@id\":\"https:\\\/\\\/groupecoiff.com\\\/product-category\\\/support-seche-cheveux\\\/#breadcrumb\",\"itemListElement\":[{\"@type\":\"ListItem\",\"position\":1,\"name\":\"Accueil\",\"item\":\"https:\\\/\\\/groupecoiff.com\\\/\"},{\"@type\":\"ListItem\",\"position\":2,\"name\":\"Support s\u00e8che-cheveux\"}]},{\"@type\":\"WebSite\",\"@id\":\"https:\\\/\\\/groupecoiff.com\\\/#website\",\"url\":\"https:\\\/\\\/groupecoiff.com\\\/\",\"name\":\"Groupe Coiff\",\"description\":\"Tout pour la coiffure\",\"publisher\":{\"@id\":\"https:\\\/\\\/groupecoiff.com\\\/#organization\"},\"potentialAction\":[{\"@type\":\"SearchAction\",\"target\":{\"@type\":\"EntryPoint\",\"urlTemplate\":\"https:\\\/\\\/groupecoiff.com\\\/?s={search_term_string}\"},\"query-input\":{\"@type\":\"PropertyValueSpecification\",\"valueRequired\":true,\"valueName\":\"search_term_string\"}}],\"inLanguage\":\"en-US\"},{\"@type\":\"Organization\",\"@id\":\"https:\\\/\\\/groupecoiff.com\\\/#organization\",\"name\":\"Groupe Coiff\",\"alternateName\":\"Groupe Coiff : Le Mobilier De Coiffure Haut de Gamme Pour Une \u00c9l\u00e9gance In\u00e9gal\u00e9e\",\"url\":\"https:\\\/\\\/groupecoiff.com\\\/\",\"logo\":{\"@type\":\"ImageObject\",\"inLanguage\":\"en-US\",\"@id\":\"https:\\\/\\\/groupecoiff.com\\\/#\\\/schema\\\/logo\\\/image\\\/\",\"url\":\"https:\\\/\\\/groupecoiff.com\\\/wp-content\\\/uploads\\\/2024\\\/01\\\/cropped-Groupe-Coiff-Logo.webp\",\"contentUrl\":\"https:\\\/\\\/groupecoiff.com\\\/wp-content\\\/uploads\\\/2024\\\/01\\\/cropped-Groupe-Coiff-Logo.webp\",\"width\":512,\"height\":512,\"caption\":\"Groupe Coiff\"},\"image\":{\"@id\":\"https:\\\/\\\/groupecoiff.com\\\/#\\\/schema\\\/logo\\\/image\\\/\"},\"sameAs\":[\"https:\\\/\\\/www.facebook.com\\\/GroupeCoiff\",\"https:\\\/\\\/x.com\\\/groupecoiff\",\"https:\\\/\\\/www.instagram.com\\\/groupecoiff\\\/\",\"https:\\\/\\\/www.tiktok.com\\\/@groupecoiff\",\"https:\\\/\\\/www.youtube.com\\\/@groupecoiff\",\"https:\\\/\\\/twitter.com\\\/groupecoiff\",\"https:\\\/\\\/www.leboncoin.fr\\\/boutique\\\/3961302\\\/groupe_coiff.htm\"],\"description\":\"D\u00e9couvrez le mobilier de coiffure haut de gamme de Groupe Coiff, alliant \u00e9l\u00e9gance et fonctionnalit\u00e9 pour sublimer votre salon et satisfaire vos clients.\",\"email\":\"contact@groupecoiff.com\",\"telephone\":\"0676951605\",\"legalName\":\"Groupe Coiff\",\"foundingDate\":\"2022-11-16\",\"vatID\":\"FR84921406419\",\"taxID\":\"92140641900025\"}]}<\/script>\n<!-- \/ Yoast SEO Premium plugin. -->","yoast_head_json":{"title":"Support s\u00e8che-cheveux - Groupe Coiff","description":"D\u00e9couvrez comment s\u00e9lectionner le support s\u00e8che-cheveux parfait pour optimiser l'organisation et la performance de votre salon de coiffure.","robots":{"index":"index","follow":"follow","max-snippet":"max-snippet:-1","max-image-preview":"max-image-preview:large","max-video-preview":"max-video-preview:-1"},"canonical":"https:\/\/groupecoiff.com\/en\/product-category\/support-seche-cheveux\/","og_locale":"en_US","og_type":"article","og_title":"Archives des Support s\u00e8che-cheveux","og_description":"D\u00e9couvrez comment s\u00e9lectionner le support s\u00e8che-cheveux parfait pour optimiser l'organisation et la performance de votre salon de coiffure.","og_url":"https:\/\/groupecoiff.com\/en\/product-category\/support-seche-cheveux\/","og_site_name":"Groupe Coiff","og_image":[{"width":250,"height":250,"url":"https:\/\/groupecoiff.com\/wp-content\/uploads\/2024\/01\/Groupe-Coiff-Logo.webp","type":"image\/webp"}],"twitter_card":"summary_large_image","twitter_site":"@groupecoiff","schema":{"@context":"https:\/\/schema.org","@graph":[{"@type":"CollectionPage","@id":"https:\/\/groupecoiff.com\/product-category\/support-seche-cheveux\/","url":"https:\/\/groupecoiff.com\/product-category\/support-seche-cheveux\/","name":"Support s\u00e8che-cheveux - Groupe Coiff","isPartOf":{"@id":"https:\/\/groupecoiff.com\/#website"},"description":"D\u00e9couvrez comment s\u00e9lectionner le support s\u00e8che-cheveux parfait pour optimiser l'organisation et la performance de votre salon de coiffure.","breadcrumb":{"@id":"https:\/\/groupecoiff.com\/product-category\/support-seche-cheveux\/#breadcrumb"},"inLanguage":"en-US"},{"@type":"BreadcrumbList","@id":"https:\/\/groupecoiff.com\/product-category\/support-seche-cheveux\/#breadcrumb","itemListElement":[{"@type":"ListItem","position":1,"name":"Accueil","item":"https:\/\/groupecoiff.com\/"},{"@type":"ListItem","position":2,"name":"Support s\u00e8che-cheveux"}]},{"@type":"WebSite","@id":"https:\/\/groupecoiff.com\/#website","url":"https:\/\/groupecoiff.com\/","name":"Coiff Group","description":"Everything for the hairdresser","publisher":{"@id":"https:\/\/groupecoiff.com\/#organization"},"potentialAction":[{"@type":"SearchAction","target":{"@type":"EntryPoint","urlTemplate":"https:\/\/groupecoiff.com\/?s={search_term_string}"},"query-input":{"@type":"PropertyValueSpecification","valueRequired":true,"valueName":"search_term_string"}}],"inLanguage":"en-US"},{"@type":"Organization","@id":"https:\/\/groupecoiff.com\/#organization","name":"Coiff Group","alternateName":"Groupe Coiff : Le Mobilier De Coiffure Haut de Gamme Pour Une \u00c9l\u00e9gance In\u00e9gal\u00e9e","url":"https:\/\/groupecoiff.com\/","logo":{"@type":"ImageObject","inLanguage":"en-US","@id":"https:\/\/groupecoiff.com\/#\/schema\/logo\/image\/","url":"https:\/\/groupecoiff.com\/wp-content\/uploads\/2024\/01\/cropped-Groupe-Coiff-Logo.webp","contentUrl":"https:\/\/groupecoiff.com\/wp-content\/uploads\/2024\/01\/cropped-Groupe-Coiff-Logo.webp","width":512,"height":512,"caption":"Groupe Coiff"},"image":{"@id":"https:\/\/groupecoiff.com\/#\/schema\/logo\/image\/"},"sameAs":["https:\/\/www.facebook.com\/GroupeCoiff","https:\/\/x.com\/groupecoiff","https:\/\/www.instagram.com\/groupecoiff\/","https:\/\/www.tiktok.com\/@groupecoiff","https:\/\/www.youtube.com\/@groupecoiff","https:\/\/twitter.com\/groupecoiff","https:\/\/www.leboncoin.fr\/boutique\/3961302\/groupe_coiff.htm"],"description":"Discover Groupe Coiff's top-of-the-range hairdressing furniture, combining elegance and functionality to enhance your salon and satisfy your customers.","email":"contact@groupecoiff.com","telephone":"0676951605","legalName":"Groupe Coiff","foundingDate":"2022-11-16","vatID":"FR84921406419","taxID":"92140641900025"}]}},"_links":{"self":[{"href":"https:\/\/groupecoiff.com\/en\/wp-json\/wp\/v2\/product_cat\/75","targetHints":{"allow":["GET"]}}],"collection":[{"href":"https:\/\/groupecoiff.com\/en\/wp-json\/wp\/v2\/product_cat"}],"about":[{"href":"https:\/\/groupecoiff.com\/en\/wp-json\/wp\/v2\/taxonomies\/product_cat"}],"wp:post_type":[{"href":"https:\/\/groupecoiff.com\/en\/wp-json\/wp\/v2\/product?product_cat=75"}],"curies":[{"name":"wp","href":"https:\/\/api.w.org\/{rel}","templated":true}]}}