{"id":79,"count":10,"description":"Le tabouret est un \u00e9l\u00e9ment \u00e0 ne pas n\u00e9gliger lorsqu'il s'agit d'am\u00e9nager votre institut de beaut\u00e9. Votre priorit\u00e9 doit \u00eatre d'avoir un si\u00e8ge confortable, pratique et esth\u00e9tique. Il peut \u00eatre destin\u00e9 \u00e0 des soins du visage, du maquillage ou des soins de p\u00e9dicure. Votre satisfaction, ainsi que celle de vos clients, d\u00e9pendent en grande partie du mobilier que vous s\u00e9lectionnez. D\u00e9couvrez notre <a href=\"https:\/\/groupecoiff.com\/en\/product-category\/mobilier-esthetique\/\">aesthetic furniture<\/a>.\r\n<h2>Le tabouret d'esth\u00e9tique id\u00e9al pour votre institut<\/h2>\r\nChoisir le bon tabouret d'esth\u00e9tique, c'est avant tout penser \u00e0 la qualit\u00e9 de vos prestations. Un mod\u00e8le avec un dossier ergonomique, des roulettes pour une mobilit\u00e9 fluide, et une hauteur ajustable, c\u2019est ce qui vous permet de travailler dans les meilleures conditions.\r\n\r\nParmi les mod\u00e8les que nous proposons, le <a href=\"https:\/\/groupecoiff.com\/en\/product-2\/tabouret-haut-happy\/\"><strong>Happy high stool<\/strong><\/a> est un choix remarquable pour ceux qui recherchent un si\u00e8ge \u00e0 la fois ergonomique et esth\u00e9tique. Meuble au design \u00e9l\u00e9gant, le tabouret haut Happy a une assise tr\u00e8s ferme en forme de selle de v\u00e9lo. Cela permet d\u2019assurer le confort du client pendant les s\u00e9ances de coiffure. Il est utilisable pour les soins du visage, les \u00e9pilations, les tatouages ou les manucures. Assise confortable sans g\u00eane.\r\n\r\nPour ceux qui privil\u00e9gient une simplicit\u00e9 \u00e9l\u00e9gante, le <a href=\"https:\/\/groupecoiff.com\/en\/product-2\/tabouret-esthetique-stella\/\"><strong>Tabouret esth\u00e9tique Stella<\/strong><\/a> est une excellente option. Dot\u00e9 d\u2019un dossier ajustable et d\u2019un rev\u00eatement en PVC, ce mod\u00e8le offre un confort maximal, m\u00eame lors des sessions de travail prolong\u00e9es. Les roulettes pivotantes facilitent vos d\u00e9placements, vous permettant de vous concentrer pleinement sur votre travail.\r\n\r\nSelon vos pr\u00e9f\u00e9rences (confort, esth\u00e9tique ou r\u00e9sistance), notre s\u00e9lection de tabourets esth\u00e9tique vous offre des options adapt\u00e9es \u00e0 chaque besoin professionnel. Chacun de ces mod\u00e8les a \u00e9t\u00e9 soigneusement s\u00e9lectionn\u00e9 pour vous garantir un mobilier qui non seulement soutient votre travail, mais rehausse \u00e9galement l'exp\u00e9rience de vos clients.\r\n<h2>Quelles sont les particularit\u00e9s d\u2019un bon tabouret d'esth\u00e9tique ?<\/h2>\r\nUn bon tabouret d'esth\u00e9tique se distingue par plusieurs aspects. D'abord, son ergonomie : un si\u00e8ge bien con\u00e7u doit offrir un confort optimal, m\u00eame lors de longues heures de travail. Le dossier, lorsqu\u2019il est pr\u00e9sent, doit soutenir correctement le dos, pr\u00e9venant ainsi toute fatigue musculaire. Les roulettes sont un autre point crucial, permettant de se d\u00e9placer facilement autour de la station de travail, qu\u2019il s\u2019agisse de soins, de maquillage ou d'autres services esth\u00e9tiques.\r\n\r\nLa stabilit\u00e9 du tabouret est \u00e9galement \u00e0 prendre en compte. Il doit \u00eatre suffisamment r\u00e9sistant pour supporter des mouvements r\u00e9p\u00e9t\u00e9s sans risque de basculement. Enfin, le design et les d\u00e9tails, comme les finitions du si\u00e8ge ou la facilit\u00e9 de nettoyage, sont des crit\u00e8res \u00e0 ne pas n\u00e9gliger.","link":"https:\/\/groupecoiff.com\/en\/product-category\/tabouret-esthetique\/","name":"Aesthetic stool","slug":"tabouret-esthetique","taxonomy":"product_cat","parent":0,"meta":[],"menu_order":29,"yoast_head":"<!-- This site is optimized with the Yoast SEO Premium plugin v27.5 (Yoast SEO v27.5) - https:\/\/yoast.com\/product\/yoast-seo-premium-wordpress\/ -->\n<title>Tabouret esth\u00e9tique - Groupe Coiff<\/title>\n<meta name=\"description\" content=\"Envie de renouveler votre salon ? D\u00e9couvrez l&#039;\u00e9quipement id\u00e9al pour votre espace beaut\u00e9 \u00e0 travers nos tabourets esth\u00e9tiques pour coiffeurs professionnels.\" \/>\n<meta name=\"robots\" content=\"index, follow, max-snippet:-1, max-image-preview:large, max-video-preview:-1\" \/>\n<link rel=\"canonical\" href=\"https:\/\/groupecoiff.com\/en\/product-category\/tabouret-esthetique\/\" \/>\n<meta property=\"og:locale\" content=\"en_US\" \/>\n<meta property=\"og:type\" content=\"article\" \/>\n<meta property=\"og:title\" content=\"Archives des Tabouret esth\u00e9tique\" \/>\n<meta property=\"og:description\" content=\"Envie de renouveler votre salon ? D\u00e9couvrez l&#039;\u00e9quipement id\u00e9al pour votre espace beaut\u00e9 \u00e0 travers nos tabourets esth\u00e9tiques pour coiffeurs professionnels.\" \/>\n<meta property=\"og:url\" content=\"https:\/\/groupecoiff.com\/en\/product-category\/tabouret-esthetique\/\" \/>\n<meta property=\"og:site_name\" content=\"Groupe Coiff\" \/>\n<meta property=\"og:image\" content=\"https:\/\/groupecoiff.com\/wp-content\/uploads\/2024\/01\/Groupe-Coiff-Logo.webp\" \/>\n\t<meta property=\"og:image:width\" content=\"250\" \/>\n\t<meta property=\"og:image:height\" content=\"250\" \/>\n\t<meta property=\"og:image:type\" content=\"image\/webp\" \/>\n<meta name=\"twitter:card\" content=\"summary_large_image\" \/>\n<meta name=\"twitter:site\" content=\"@groupecoiff\" \/>\n<script type=\"application\/ld+json\" class=\"yoast-schema-graph\">{\"@context\":\"https:\\\/\\\/schema.org\",\"@graph\":[{\"@type\":\"CollectionPage\",\"@id\":\"https:\\\/\\\/groupecoiff.com\\\/product-category\\\/tabouret-esthetique\\\/\",\"url\":\"https:\\\/\\\/groupecoiff.com\\\/product-category\\\/tabouret-esthetique\\\/\",\"name\":\"Tabouret esth\u00e9tique - Groupe Coiff\",\"isPartOf\":{\"@id\":\"https:\\\/\\\/groupecoiff.com\\\/#website\"},\"description\":\"Envie de renouveler votre salon ? D\u00e9couvrez l'\u00e9quipement id\u00e9al pour votre espace beaut\u00e9 \u00e0 travers nos tabourets esth\u00e9tiques pour coiffeurs professionnels.\",\"breadcrumb\":{\"@id\":\"https:\\\/\\\/groupecoiff.com\\\/product-category\\\/tabouret-esthetique\\\/#breadcrumb\"},\"inLanguage\":\"en-US\"},{\"@type\":\"BreadcrumbList\",\"@id\":\"https:\\\/\\\/groupecoiff.com\\\/product-category\\\/tabouret-esthetique\\\/#breadcrumb\",\"itemListElement\":[{\"@type\":\"ListItem\",\"position\":1,\"name\":\"Accueil\",\"item\":\"https:\\\/\\\/groupecoiff.com\\\/\"},{\"@type\":\"ListItem\",\"position\":2,\"name\":\"Tabouret esth\u00e9tique\"}]},{\"@type\":\"WebSite\",\"@id\":\"https:\\\/\\\/groupecoiff.com\\\/#website\",\"url\":\"https:\\\/\\\/groupecoiff.com\\\/\",\"name\":\"Groupe Coiff\",\"description\":\"Tout pour la coiffure\",\"publisher\":{\"@id\":\"https:\\\/\\\/groupecoiff.com\\\/#organization\"},\"potentialAction\":[{\"@type\":\"SearchAction\",\"target\":{\"@type\":\"EntryPoint\",\"urlTemplate\":\"https:\\\/\\\/groupecoiff.com\\\/?s={search_term_string}\"},\"query-input\":{\"@type\":\"PropertyValueSpecification\",\"valueRequired\":true,\"valueName\":\"search_term_string\"}}],\"inLanguage\":\"en-US\"},{\"@type\":\"Organization\",\"@id\":\"https:\\\/\\\/groupecoiff.com\\\/#organization\",\"name\":\"Groupe Coiff\",\"alternateName\":\"Groupe Coiff : Le Mobilier De Coiffure Haut de Gamme Pour Une \u00c9l\u00e9gance In\u00e9gal\u00e9e\",\"url\":\"https:\\\/\\\/groupecoiff.com\\\/\",\"logo\":{\"@type\":\"ImageObject\",\"inLanguage\":\"en-US\",\"@id\":\"https:\\\/\\\/groupecoiff.com\\\/#\\\/schema\\\/logo\\\/image\\\/\",\"url\":\"https:\\\/\\\/groupecoiff.com\\\/wp-content\\\/uploads\\\/2024\\\/01\\\/cropped-Groupe-Coiff-Logo.webp\",\"contentUrl\":\"https:\\\/\\\/groupecoiff.com\\\/wp-content\\\/uploads\\\/2024\\\/01\\\/cropped-Groupe-Coiff-Logo.webp\",\"width\":512,\"height\":512,\"caption\":\"Groupe Coiff\"},\"image\":{\"@id\":\"https:\\\/\\\/groupecoiff.com\\\/#\\\/schema\\\/logo\\\/image\\\/\"},\"sameAs\":[\"https:\\\/\\\/www.facebook.com\\\/GroupeCoiff\",\"https:\\\/\\\/x.com\\\/groupecoiff\",\"https:\\\/\\\/www.instagram.com\\\/groupecoiff\\\/\",\"https:\\\/\\\/www.tiktok.com\\\/@groupecoiff\",\"https:\\\/\\\/www.youtube.com\\\/@groupecoiff\",\"https:\\\/\\\/twitter.com\\\/groupecoiff\",\"https:\\\/\\\/www.leboncoin.fr\\\/boutique\\\/3961302\\\/groupe_coiff.htm\"],\"description\":\"D\u00e9couvrez le mobilier de coiffure haut de gamme de Groupe Coiff, alliant \u00e9l\u00e9gance et fonctionnalit\u00e9 pour sublimer votre salon et satisfaire vos clients.\",\"email\":\"contact@groupecoiff.com\",\"telephone\":\"0676951605\",\"legalName\":\"Groupe Coiff\",\"foundingDate\":\"2022-11-16\",\"vatID\":\"FR84921406419\",\"taxID\":\"92140641900025\"}]}<\/script>\n<!-- \/ Yoast SEO Premium plugin. -->","yoast_head_json":{"title":"Tabouret esth\u00e9tique - Groupe Coiff","description":"Envie de renouveler votre salon ? D\u00e9couvrez l'\u00e9quipement id\u00e9al pour votre espace beaut\u00e9 \u00e0 travers nos tabourets esth\u00e9tiques pour coiffeurs professionnels.","robots":{"index":"index","follow":"follow","max-snippet":"max-snippet:-1","max-image-preview":"max-image-preview:large","max-video-preview":"max-video-preview:-1"},"canonical":"https:\/\/groupecoiff.com\/en\/product-category\/tabouret-esthetique\/","og_locale":"en_US","og_type":"article","og_title":"Archives des Tabouret esth\u00e9tique","og_description":"Envie de renouveler votre salon ? D\u00e9couvrez l'\u00e9quipement id\u00e9al pour votre espace beaut\u00e9 \u00e0 travers nos tabourets esth\u00e9tiques pour coiffeurs professionnels.","og_url":"https:\/\/groupecoiff.com\/en\/product-category\/tabouret-esthetique\/","og_site_name":"Groupe Coiff","og_image":[{"width":250,"height":250,"url":"https:\/\/groupecoiff.com\/wp-content\/uploads\/2024\/01\/Groupe-Coiff-Logo.webp","type":"image\/webp"}],"twitter_card":"summary_large_image","twitter_site":"@groupecoiff","schema":{"@context":"https:\/\/schema.org","@graph":[{"@type":"CollectionPage","@id":"https:\/\/groupecoiff.com\/product-category\/tabouret-esthetique\/","url":"https:\/\/groupecoiff.com\/product-category\/tabouret-esthetique\/","name":"Tabouret esth\u00e9tique - Groupe Coiff","isPartOf":{"@id":"https:\/\/groupecoiff.com\/#website"},"description":"Envie de renouveler votre salon ? D\u00e9couvrez l'\u00e9quipement id\u00e9al pour votre espace beaut\u00e9 \u00e0 travers nos tabourets esth\u00e9tiques pour coiffeurs professionnels.","breadcrumb":{"@id":"https:\/\/groupecoiff.com\/product-category\/tabouret-esthetique\/#breadcrumb"},"inLanguage":"en-US"},{"@type":"BreadcrumbList","@id":"https:\/\/groupecoiff.com\/product-category\/tabouret-esthetique\/#breadcrumb","itemListElement":[{"@type":"ListItem","position":1,"name":"Accueil","item":"https:\/\/groupecoiff.com\/"},{"@type":"ListItem","position":2,"name":"Tabouret esth\u00e9tique"}]},{"@type":"WebSite","@id":"https:\/\/groupecoiff.com\/#website","url":"https:\/\/groupecoiff.com\/","name":"Coiff Group","description":"Everything for the hairdresser","publisher":{"@id":"https:\/\/groupecoiff.com\/#organization"},"potentialAction":[{"@type":"SearchAction","target":{"@type":"EntryPoint","urlTemplate":"https:\/\/groupecoiff.com\/?s={search_term_string}"},"query-input":{"@type":"PropertyValueSpecification","valueRequired":true,"valueName":"search_term_string"}}],"inLanguage":"en-US"},{"@type":"Organization","@id":"https:\/\/groupecoiff.com\/#organization","name":"Coiff Group","alternateName":"Groupe Coiff : Le Mobilier De Coiffure Haut de Gamme Pour Une \u00c9l\u00e9gance In\u00e9gal\u00e9e","url":"https:\/\/groupecoiff.com\/","logo":{"@type":"ImageObject","inLanguage":"en-US","@id":"https:\/\/groupecoiff.com\/#\/schema\/logo\/image\/","url":"https:\/\/groupecoiff.com\/wp-content\/uploads\/2024\/01\/cropped-Groupe-Coiff-Logo.webp","contentUrl":"https:\/\/groupecoiff.com\/wp-content\/uploads\/2024\/01\/cropped-Groupe-Coiff-Logo.webp","width":512,"height":512,"caption":"Groupe Coiff"},"image":{"@id":"https:\/\/groupecoiff.com\/#\/schema\/logo\/image\/"},"sameAs":["https:\/\/www.facebook.com\/GroupeCoiff","https:\/\/x.com\/groupecoiff","https:\/\/www.instagram.com\/groupecoiff\/","https:\/\/www.tiktok.com\/@groupecoiff","https:\/\/www.youtube.com\/@groupecoiff","https:\/\/twitter.com\/groupecoiff","https:\/\/www.leboncoin.fr\/boutique\/3961302\/groupe_coiff.htm"],"description":"Discover Groupe Coiff's top-of-the-range hairdressing furniture, combining elegance and functionality to enhance your salon and satisfy your customers.","email":"contact@groupecoiff.com","telephone":"0676951605","legalName":"Groupe Coiff","foundingDate":"2022-11-16","vatID":"FR84921406419","taxID":"92140641900025"}]}},"_links":{"self":[{"href":"https:\/\/groupecoiff.com\/en\/wp-json\/wp\/v2\/product_cat\/79","targetHints":{"allow":["GET"]}}],"collection":[{"href":"https:\/\/groupecoiff.com\/en\/wp-json\/wp\/v2\/product_cat"}],"about":[{"href":"https:\/\/groupecoiff.com\/en\/wp-json\/wp\/v2\/taxonomies\/product_cat"}],"wp:post_type":[{"href":"https:\/\/groupecoiff.com\/en\/wp-json\/wp\/v2\/product?product_cat=79"}],"curies":[{"name":"wp","href":"https:\/\/api.w.org\/{rel}","templated":true}]}}