{"id":80,"count":7,"description":"Les tabourets de coiffure influencent non seulement votre confort, mais aussi celui de vos clients. Pour garantir un espace professionnel \u00e0 la fois esth\u00e9tique et fonctionnel, vous devez en poss\u00e9der et pas n\u2019importe lequel.\r\n<h2>Quels sont les crit\u00e8res \u00e0 prendre en compte pour choisir un tabouret de coiffure professionnel ?<\/h2>\r\nPasser de longues heures debout, ou assis, demande un si\u00e8ge ergonomique, qui soutient parfaitement votre posture. Un tabouret de coiffure doit offrir une assise moelleuse, tout en maintenant un bon alignement de la colonne vert\u00e9brale. Si vos tabourets ne sont pas confortables, vous et vos clients risquez de souffrir de douleurs chroniques.\r\n\r\nChaque coiffeur a sa m\u00e9thode de travail. Certains pr\u00e9f\u00e8rent travailler en hauteur, d'autres \u00e0 un niveau plus bas. Un tabouret r\u00e9glable en hauteur permet d'adapter votre position selon vos pr\u00e9f\u00e9rences et les besoins de vos clients. De plus, un mod\u00e8le pivotant facilite les mouvements, surtout lors de coupes ou colorations.\r\n\r\nL\u2019esth\u00e9tique de votre salon est un reflet de votre professionnalisme. Les tabourets, qu'ils soient noirs, blancs ou dans une autre teinte, doivent s'int\u00e9grer harmonieusement dans votre espace. Un mod\u00e8le \u00e9l\u00e9gant, aux lignes \u00e9pur\u00e9es, peut apporter une touche moderne et sophistiqu\u00e9e.\r\n<h2>D\u00e9couvrez l\u2019exclusivit\u00e9 de notre collection de tabourets de coiffure<\/h2>\r\nNos tabourets sont disponibles en diff\u00e9rentes formes, des mod\u00e8les traditionnels aux designs plus innovants comme les tabourets \u00e0 selle comme les mod\u00e8les <a href=\"https:\/\/groupecoiff.com\/en\/product\/tabouret-am-303-2-blanc\/\"><strong>Stool AM-303-2 White<\/strong><\/a> et <a href=\"https:\/\/groupecoiff.com\/en\/product\/tabouret-salon-de-coiffure-faye\/\"><strong>Tabouret salon de coiffure Faye<\/strong><\/a>. Que vous recherchiez un tabouret classique en noir ou un mod\u00e8le plus contemporain en blanc, nous avons le produit qui s'int\u00e9grera parfaitement \u00e0 l'ambiance de votre salon.\r\n\r\nDe plus, tous nos tabourets sont \u00e9quip\u00e9s d'assises rembourr\u00e9es, offrant un soutien parfait \u00e0 vos clients pendant les s\u00e9ances longues. Certains mod\u00e8les sont dot\u00e9s de dossiers comme le mod\u00e8le <a href=\"https:\/\/groupecoiff.com\/en\/product\/tabouret-de-coiffure-liberty\/\"><strong>Tabouret de coiffure Liberty<\/strong><\/a>. Pour chaque tabouret, vous avez aussi la possibilit\u00e9 de r\u00e9gler la hauteur.\r\n\r\nIls sont fabriqu\u00e9s avec des rev\u00eatements r\u00e9sistants, tels que le cuir synth\u00e9tique, qui offrent \u00e0 la fois une grande durabilit\u00e9 et un entretien facile. Les structures en acier ou en aluminium garantissent une stabilit\u00e9 et une long\u00e9vit\u00e9 accrues, m\u00eame en usage intensif.\r\n\r\nNous savons que g\u00e9rer un salon demande une organisation rigoureuse, c'est pourquoi nous nous engageons \u00e0 vous offrir le meilleur rapport qualit\u00e9-prix. De plus, nous offrons la livraison express sur l'ensemble de notre collection, vous permettant ainsi de recevoir vos tabourets rapidement.\r\n<h2>FAQ<\/h2>\r\n<strong>Quelle est la hauteur id\u00e9ale d'un tabouret de coiffure ?<\/strong>\r\nLa hauteur id\u00e9ale varie selon votre taille et votre fa\u00e7on de travailler. En g\u00e9n\u00e9ral, un tabouret r\u00e9glable entre 50 et 70 cm convient \u00e0 la plupart des coiffeurs. L'essentiel est de pouvoir ajuster le si\u00e8ge pour \u00e9viter toute tension dans le dos ou les \u00e9paules.\r\n\r\n<strong>Comment entretenir et nettoyer un tabouret de coiffure ?<\/strong>\r\nPour pr\u00e9server l'aspect neuf de votre tabouret, un nettoyage r\u00e9gulier est recommand\u00e9. Utilisez un chiffon doux, l\u00e9g\u00e8rement humide, pour essuyer les surfaces apr\u00e8s chaque utilisation. Pour les taches tenaces, un d\u00e9tergent doux est conseill\u00e9, mais \u00e9vitez les produits abrasifs qui pourraient endommager le rev\u00eatement.\r\n\r\n<strong>Est-il pr\u00e9f\u00e9rable d'opter pour un tabouret de coiffure en cuir ou en tissu ?<\/strong>\r\nLe cuir, ou simili-cuir, est souvent pr\u00e9f\u00e9r\u00e9 pour sa durabilit\u00e9 et sa facilit\u00e9 d'entretien. Il r\u00e9siste mieux aux \u00e9claboussures de produits et se nettoie plus ais\u00e9ment. Le tissu, quant \u00e0 lui, offre une sensation plus douce, mais peut \u00eatre plus difficile \u00e0 entretenir \u00e0 long terme. Le choix d\u00e9pendra donc de vos priorit\u00e9s en mati\u00e8re de confort et de praticit\u00e9.","link":"https:\/\/groupecoiff.com\/en\/product-category\/tabourets\/","name":"Hairdressing stool","slug":"tabourets","taxonomy":"product_cat","parent":0,"meta":[],"menu_order":30,"yoast_head":"<!-- This site is optimized with the Yoast SEO Premium plugin v27.5 (Yoast SEO v27.5) - https:\/\/yoast.com\/product\/yoast-seo-premium-wordpress\/ -->\n<title>Tabouret coiffure - Groupe Coiff<\/title>\n<meta name=\"description\" content=\"Envie de renouveler votre salon ? D\u00e9couvrez notre s\u00e9lection de tabouret de coiffure professionnel et autres \u00e9quipements essentiels \u00e0 prix attractifs.\" \/>\n<meta name=\"robots\" content=\"index, follow, max-snippet:-1, max-image-preview:large, max-video-preview:-1\" \/>\n<link rel=\"canonical\" href=\"https:\/\/groupecoiff.com\/en\/product-category\/tabourets\/\" \/>\n<meta property=\"og:locale\" content=\"en_US\" \/>\n<meta property=\"og:type\" content=\"article\" \/>\n<meta property=\"og:title\" content=\"Archives des Tabouret de coiffure\" \/>\n<meta property=\"og:description\" content=\"Envie de renouveler votre salon ? D\u00e9couvrez notre s\u00e9lection de tabouret de coiffure professionnel et autres \u00e9quipements essentiels \u00e0 prix attractifs.\" \/>\n<meta property=\"og:url\" content=\"https:\/\/groupecoiff.com\/en\/product-category\/tabourets\/\" \/>\n<meta property=\"og:site_name\" content=\"Groupe Coiff\" \/>\n<meta property=\"og:image\" content=\"https:\/\/groupecoiff.com\/wp-content\/uploads\/2024\/01\/Groupe-Coiff-Logo.webp\" \/>\n\t<meta property=\"og:image:width\" content=\"250\" \/>\n\t<meta property=\"og:image:height\" content=\"250\" \/>\n\t<meta property=\"og:image:type\" content=\"image\/webp\" \/>\n<meta name=\"twitter:card\" content=\"summary_large_image\" \/>\n<meta name=\"twitter:site\" content=\"@groupecoiff\" \/>\n<script type=\"application\/ld+json\" class=\"yoast-schema-graph\">{\"@context\":\"https:\\\/\\\/schema.org\",\"@graph\":[{\"@type\":\"CollectionPage\",\"@id\":\"https:\\\/\\\/groupecoiff.com\\\/product-category\\\/tabourets\\\/\",\"url\":\"https:\\\/\\\/groupecoiff.com\\\/product-category\\\/tabourets\\\/\",\"name\":\"Tabouret coiffure - Groupe Coiff\",\"isPartOf\":{\"@id\":\"https:\\\/\\\/groupecoiff.com\\\/#website\"},\"description\":\"Envie de renouveler votre salon ? D\u00e9couvrez notre s\u00e9lection de tabouret de coiffure professionnel et autres \u00e9quipements essentiels \u00e0 prix attractifs.\",\"breadcrumb\":{\"@id\":\"https:\\\/\\\/groupecoiff.com\\\/product-category\\\/tabourets\\\/#breadcrumb\"},\"inLanguage\":\"en-US\"},{\"@type\":\"BreadcrumbList\",\"@id\":\"https:\\\/\\\/groupecoiff.com\\\/product-category\\\/tabourets\\\/#breadcrumb\",\"itemListElement\":[{\"@type\":\"ListItem\",\"position\":1,\"name\":\"Accueil\",\"item\":\"https:\\\/\\\/groupecoiff.com\\\/\"},{\"@type\":\"ListItem\",\"position\":2,\"name\":\"Tabouret de coiffure\"}]},{\"@type\":\"WebSite\",\"@id\":\"https:\\\/\\\/groupecoiff.com\\\/#website\",\"url\":\"https:\\\/\\\/groupecoiff.com\\\/\",\"name\":\"Groupe Coiff\",\"description\":\"Tout pour la coiffure\",\"publisher\":{\"@id\":\"https:\\\/\\\/groupecoiff.com\\\/#organization\"},\"potentialAction\":[{\"@type\":\"SearchAction\",\"target\":{\"@type\":\"EntryPoint\",\"urlTemplate\":\"https:\\\/\\\/groupecoiff.com\\\/?s={search_term_string}\"},\"query-input\":{\"@type\":\"PropertyValueSpecification\",\"valueRequired\":true,\"valueName\":\"search_term_string\"}}],\"inLanguage\":\"en-US\"},{\"@type\":\"Organization\",\"@id\":\"https:\\\/\\\/groupecoiff.com\\\/#organization\",\"name\":\"Groupe Coiff\",\"alternateName\":\"Groupe Coiff : Le Mobilier De Coiffure Haut de Gamme Pour Une \u00c9l\u00e9gance In\u00e9gal\u00e9e\",\"url\":\"https:\\\/\\\/groupecoiff.com\\\/\",\"logo\":{\"@type\":\"ImageObject\",\"inLanguage\":\"en-US\",\"@id\":\"https:\\\/\\\/groupecoiff.com\\\/#\\\/schema\\\/logo\\\/image\\\/\",\"url\":\"https:\\\/\\\/groupecoiff.com\\\/wp-content\\\/uploads\\\/2024\\\/01\\\/cropped-Groupe-Coiff-Logo.webp\",\"contentUrl\":\"https:\\\/\\\/groupecoiff.com\\\/wp-content\\\/uploads\\\/2024\\\/01\\\/cropped-Groupe-Coiff-Logo.webp\",\"width\":512,\"height\":512,\"caption\":\"Groupe Coiff\"},\"image\":{\"@id\":\"https:\\\/\\\/groupecoiff.com\\\/#\\\/schema\\\/logo\\\/image\\\/\"},\"sameAs\":[\"https:\\\/\\\/www.facebook.com\\\/GroupeCoiff\",\"https:\\\/\\\/x.com\\\/groupecoiff\",\"https:\\\/\\\/www.instagram.com\\\/groupecoiff\\\/\",\"https:\\\/\\\/www.tiktok.com\\\/@groupecoiff\",\"https:\\\/\\\/www.youtube.com\\\/@groupecoiff\",\"https:\\\/\\\/twitter.com\\\/groupecoiff\",\"https:\\\/\\\/www.leboncoin.fr\\\/boutique\\\/3961302\\\/groupe_coiff.htm\"],\"description\":\"D\u00e9couvrez le mobilier de coiffure haut de gamme de Groupe Coiff, alliant \u00e9l\u00e9gance et fonctionnalit\u00e9 pour sublimer votre salon et satisfaire vos clients.\",\"email\":\"contact@groupecoiff.com\",\"telephone\":\"0676951605\",\"legalName\":\"Groupe Coiff\",\"foundingDate\":\"2022-11-16\",\"vatID\":\"FR84921406419\",\"taxID\":\"92140641900025\"}]}<\/script>\n<!-- \/ Yoast SEO Premium plugin. -->","yoast_head_json":{"title":"Tabouret coiffure - Groupe Coiff","description":"Envie de renouveler votre salon ? D\u00e9couvrez notre s\u00e9lection de tabouret de coiffure professionnel et autres \u00e9quipements essentiels \u00e0 prix attractifs.","robots":{"index":"index","follow":"follow","max-snippet":"max-snippet:-1","max-image-preview":"max-image-preview:large","max-video-preview":"max-video-preview:-1"},"canonical":"https:\/\/groupecoiff.com\/en\/product-category\/tabourets\/","og_locale":"en_US","og_type":"article","og_title":"Archives des Tabouret de coiffure","og_description":"Envie de renouveler votre salon ? D\u00e9couvrez notre s\u00e9lection de tabouret de coiffure professionnel et autres \u00e9quipements essentiels \u00e0 prix attractifs.","og_url":"https:\/\/groupecoiff.com\/en\/product-category\/tabourets\/","og_site_name":"Groupe Coiff","og_image":[{"width":250,"height":250,"url":"https:\/\/groupecoiff.com\/wp-content\/uploads\/2024\/01\/Groupe-Coiff-Logo.webp","type":"image\/webp"}],"twitter_card":"summary_large_image","twitter_site":"@groupecoiff","schema":{"@context":"https:\/\/schema.org","@graph":[{"@type":"CollectionPage","@id":"https:\/\/groupecoiff.com\/product-category\/tabourets\/","url":"https:\/\/groupecoiff.com\/product-category\/tabourets\/","name":"Tabouret coiffure - Groupe Coiff","isPartOf":{"@id":"https:\/\/groupecoiff.com\/#website"},"description":"Envie de renouveler votre salon ? D\u00e9couvrez notre s\u00e9lection de tabouret de coiffure professionnel et autres \u00e9quipements essentiels \u00e0 prix attractifs.","breadcrumb":{"@id":"https:\/\/groupecoiff.com\/product-category\/tabourets\/#breadcrumb"},"inLanguage":"en-US"},{"@type":"BreadcrumbList","@id":"https:\/\/groupecoiff.com\/product-category\/tabourets\/#breadcrumb","itemListElement":[{"@type":"ListItem","position":1,"name":"Accueil","item":"https:\/\/groupecoiff.com\/"},{"@type":"ListItem","position":2,"name":"Tabouret de coiffure"}]},{"@type":"WebSite","@id":"https:\/\/groupecoiff.com\/#website","url":"https:\/\/groupecoiff.com\/","name":"Coiff Group","description":"Everything for the hairdresser","publisher":{"@id":"https:\/\/groupecoiff.com\/#organization"},"potentialAction":[{"@type":"SearchAction","target":{"@type":"EntryPoint","urlTemplate":"https:\/\/groupecoiff.com\/?s={search_term_string}"},"query-input":{"@type":"PropertyValueSpecification","valueRequired":true,"valueName":"search_term_string"}}],"inLanguage":"en-US"},{"@type":"Organization","@id":"https:\/\/groupecoiff.com\/#organization","name":"Coiff Group","alternateName":"Groupe Coiff : Le Mobilier De Coiffure Haut de Gamme Pour Une \u00c9l\u00e9gance In\u00e9gal\u00e9e","url":"https:\/\/groupecoiff.com\/","logo":{"@type":"ImageObject","inLanguage":"en-US","@id":"https:\/\/groupecoiff.com\/#\/schema\/logo\/image\/","url":"https:\/\/groupecoiff.com\/wp-content\/uploads\/2024\/01\/cropped-Groupe-Coiff-Logo.webp","contentUrl":"https:\/\/groupecoiff.com\/wp-content\/uploads\/2024\/01\/cropped-Groupe-Coiff-Logo.webp","width":512,"height":512,"caption":"Groupe Coiff"},"image":{"@id":"https:\/\/groupecoiff.com\/#\/schema\/logo\/image\/"},"sameAs":["https:\/\/www.facebook.com\/GroupeCoiff","https:\/\/x.com\/groupecoiff","https:\/\/www.instagram.com\/groupecoiff\/","https:\/\/www.tiktok.com\/@groupecoiff","https:\/\/www.youtube.com\/@groupecoiff","https:\/\/twitter.com\/groupecoiff","https:\/\/www.leboncoin.fr\/boutique\/3961302\/groupe_coiff.htm"],"description":"Discover Groupe Coiff's top-of-the-range hairdressing furniture, combining elegance and functionality to enhance your salon and satisfy your customers.","email":"contact@groupecoiff.com","telephone":"0676951605","legalName":"Groupe Coiff","foundingDate":"2022-11-16","vatID":"FR84921406419","taxID":"92140641900025"}]}},"_links":{"self":[{"href":"https:\/\/groupecoiff.com\/en\/wp-json\/wp\/v2\/product_cat\/80","targetHints":{"allow":["GET"]}}],"collection":[{"href":"https:\/\/groupecoiff.com\/en\/wp-json\/wp\/v2\/product_cat"}],"about":[{"href":"https:\/\/groupecoiff.com\/en\/wp-json\/wp\/v2\/taxonomies\/product_cat"}],"wp:post_type":[{"href":"https:\/\/groupecoiff.com\/en\/wp-json\/wp\/v2\/product?product_cat=80"}],"curies":[{"name":"wp","href":"https:\/\/api.w.org\/{rel}","templated":true}]}}